{"id":274727,"date":"2025-12-06T19:45:11","date_gmt":"2025-12-06T19:45:11","guid":{"rendered":"https:\/\/www.europesays.com\/es\/274727\/"},"modified":"2025-12-06T19:45:11","modified_gmt":"2025-12-06T19:45:11","slug":"fallece-en-la-carcel-alfredo-diaz-dirigente-de-la-oposicion-en-venezuela-y-exgobernador","status":"publish","type":"post","link":"https:\/\/www.europesays.com\/es\/274727\/","title":{"rendered":"Fallece en la c\u00e1rcel Alfredo D\u00edaz, dirigente de la oposici\u00f3n en Venezuela y exgobernador"},"content":{"rendered":"<p class=\"\">El venezolano Alfredo D\u00edaz, dirigente pol\u00edtico opositor, ex gobernador del estado Nueva Esparta y exalcalde de la ciudad de Porlamar, ha fallecido a los 56 a\u00f1os de un infarto, luego de pasar un a\u00f1o preso en la c\u00e1rcel de El Helicoide, en Caracas. El partido Acci\u00f3n Democr\u00e1tica, al cual pertenec\u00eda, emiti\u00f3 un comunicado en el cual afirma que \u201csu detenci\u00f3n se prolong\u00f3 m\u00e1s de un a\u00f1o de manera injusta y durante ese tiempo no recibi\u00f3 la atenci\u00f3n m\u00e9dica que necesitaba\u201d.<\/p>\n<p class=\"\">El pol\u00edtico hab\u00eda sido detenido en noviembre de 2024, cuatro meses despu\u00e9s de las elecciones presidenciales, en la ciudad de Ospino, en el estado Portuguesa, mientras intentaba salir de Venezuela. Los familiares de D\u00edaz denuncian que pas\u00f3 el \u00faltimo a\u00f1o pr\u00e1cticamente incomunicado, salvo por algunas visitas aisladas que le hab\u00eda hecho su hija.<\/p>\n<p class=\"\">D\u00edaz fue uno de los varios dirigentes opositores que fueron encarcelados tras la ola de detenciones que realiz\u00f3 <a href=\"https:\/\/elpais.com\/internacional\/2025-12-01\/el-chavismo-busca-aliados-contra-los-ataques-de-estados-unidos-en-alta-mar.html\" target=\"_self\" rel=\"nofollow noopener\" title=\"https:\/\/elpais.com\/internacional\/2025-12-01\/el-chavismo-busca-aliados-contra-los-ataques-de-estados-unidos-en-alta-mar.html\">el chavismo<\/a> en la segunda parte del a\u00f1o pasado, argumentando el desarrollo de una conspiraci\u00f3n para promover la violencia y el caos luego de las elecciones presidenciales en las cuales <a href=\"https:\/\/elpais.com\/america\/2025-12-03\/maduro-rompe-su-silencio-sobre-la-llamada-con-trump-fue-en-un-tono-de-respeto-y-cordial.html\" target=\"_self\" rel=\"nofollow noopener\" title=\"https:\/\/elpais.com\/america\/2025-12-03\/maduro-rompe-su-silencio-sobre-la-llamada-con-trump-fue-en-un-tono-de-respeto-y-cordial.html\">Nicol\u00e1s Maduro<\/a> fue declarado ganador. <\/p>\n<p class=\"\">Voceros de organizaciones no gubernamentales dentro y fuera del pa\u00eds aseguran que este ser\u00eda el d\u00e9cimo preso pol\u00edtico que muere bajo custodia en las c\u00e1rceles del chavismo desde las presidenciales. Alfredo Romero, del Foro Penal, afirm\u00f3 que, en total, 17 <a href=\"https:\/\/elpais.com\/america\/2025-08-24\/el-gobierno-de-venezuela-libera-a-13-presos-politicos.html\" target=\"_self\" rel=\"nofollow noopener\" title=\"https:\/\/elpais.com\/america\/2025-08-24\/el-gobierno-de-venezuela-libera-a-13-presos-politicos.html\">presos pol\u00edticos<\/a> han muerto en prisi\u00f3n desde 2014. <\/p>\n<p class=\"\">D\u00edaz, militante del partido Acci\u00f3n Democr\u00e1tica, fue uno de los dirigentes m\u00e1s populares de la Isla de Margarita, -de la cual era oriundo-, uno de los bastiones electorales de la oposici\u00f3n durante las \u00faltimas dos d\u00e9cadas. Casado, con dos hijos, se hab\u00eda graduado como t\u00e9cnico en administraci\u00f3n de empresas tur\u00edsticas en la Universidad de Oriente.<\/p>\n<p class=\"\">En 2008, D\u00edaz fue electo alcalde de la ciudad de Porlamar, capital de la Isla, respaldado por la coalici\u00f3n de partidos opositores de la Mesa de la Unidad Democr\u00e1tica. Consigui\u00f3 la reelecci\u00f3n en 2013.<\/p>\n<p class=\"\">En 2017, D\u00edaz obtuvo la victoria en los comicios para la gobernaci\u00f3n de Nueva Esparta -entidad integrada por Margarita, y las islas menores Coche y Cubagua. Su elecci\u00f3n tuvo lugar en medio de un a\u00f1o muy conflictivo, con miles de personas en las calles protestando despu\u00e9s de que los poderes p\u00fablicos chavistas anularan la Asamblea Nacional, que controlaba la oposici\u00f3n, y en la cual hab\u00eda tomado vuelo el discurso de la abstenci\u00f3n electoral y el desconocimiento de la legalidad chavista.<\/p>\n<p class=\"\">Un pol\u00edtico de l\u00ednea moderada, ganado a las salidas pol\u00edticas y electorales, D\u00edaz hab\u00eda aceptado en 2017 juramentarse ante la Asamblea Nacional Constituyente creada por el chavismo para hacerle sombra al Parlamento que entonces controlaba la oposici\u00f3n. Aquella constituyente no cumpli\u00f3 ning\u00fan fin espec\u00edfico, salvo boicotear a la Asamblea Nacional ya existente. Por entonces, el gobierno de Maduro exigi\u00f3 a los gobernadores reci\u00e9n electos, incluyendo a D\u00edaz, que aceptaran a la Constituyente chavista si de verdad quer\u00edan asumir el poder en sus estados.<\/p>\n<p class=\"\">D\u00edaz mantuvo algunas relaciones institucionales con la jerarqu\u00eda chavista durante sus a\u00f1os como gobernador. Fue arrestado luego de participar con las fuerzas opositoras en la campa\u00f1a electoral del a\u00f1o pasado, cuestionar los resultados de las elecciones y exigir la publicaci\u00f3n de los comprobantes electorales.<\/p>\n<p class=\"\">Hasta la fecha existen, de acuerdo a los datos de la ONG Foro Penal, <a href=\"https:\/\/elpais.com\/america\/2025-12-06\/venezuela-el-experimento-para-el-corolario-trump.html\" target=\"_self\" rel=\"nofollow noopener\" title=\"https:\/\/elpais.com\/america\/2025-12-06\/venezuela-el-experimento-para-el-corolario-trump.html\">884 presos pol\u00edticos de Venezuela<\/a>, la cifra m\u00e1s alta de Am\u00e9rica Latina.<\/p>\n","protected":false},"excerpt":{"rendered":"El venezolano Alfredo D\u00edaz, dirigente pol\u00edtico opositor, ex gobernador del estado Nueva Esparta y exalcalde de la ciudad&hellip;\n","protected":false},"author":2,"featured_media":274728,"comment_status":"","ping_status":"","sticky":false,"template":"","format":"standard","meta":{"footnotes":""},"categories":[42],"tags":[889,17,18,1196,13,14,11,61,62,63,64,19,20,1804,9,1194,10,15,16,952,12,21,22,1192,65,66,67],"class_list":{"0":"post-274727","1":"post","2":"type-post","3":"status-publish","4":"format-standard","5":"has-post-thumbnail","7":"category-internacional","8":"tag-america","9":"tag-breaking-news","10":"tag-breakingnews","11":"tag-chavismo","12":"tag-featured-news","13":"tag-featurednews","14":"tag-headlines","15":"tag-internacional","16":"tag-international","17":"tag-international-news","18":"tag-internationalnews","19":"tag-latest-news","20":"tag-latestnews","21":"tag-latinoamerica","22":"tag-news","23":"tag-nicolas-maduro","24":"tag-noticias","25":"tag-noticias-destacadas","26":"tag-noticiasdestacadas","27":"tag-politica","28":"tag-titulares","29":"tag-ultimas-noticias","30":"tag-ultimasnoticias","31":"tag-venezuela","32":"tag-world","33":"tag-world-news","34":"tag-worldnews"},"share_on_mastodon":{"url":"https:\/\/pubeurope.com\/@es\/115674344792238318","error":""},"_links":{"self":[{"href":"https:\/\/www.europesays.com\/es\/wp-json\/wp\/v2\/posts\/274727","targetHints":{"allow":["GET"]}}],"collection":[{"href":"https:\/\/www.europesays.com\/es\/wp-json\/wp\/v2\/posts"}],"about":[{"href":"https:\/\/www.europesays.com\/es\/wp-json\/wp\/v2\/types\/post"}],"author":[{"embeddable":true,"href":"https:\/\/www.europesays.com\/es\/wp-json\/wp\/v2\/users\/2"}],"replies":[{"embeddable":true,"href":"https:\/\/www.europesays.com\/es\/wp-json\/wp\/v2\/comments?post=274727"}],"version-history":[{"count":0,"href":"https:\/\/www.europesays.com\/es\/wp-json\/wp\/v2\/posts\/274727\/revisions"}],"wp:featuredmedia":[{"embeddable":true,"href":"https:\/\/www.europesays.com\/es\/wp-json\/wp\/v2\/media\/274728"}],"wp:attachment":[{"href":"https:\/\/www.europesays.com\/es\/wp-json\/wp\/v2\/media?parent=274727"}],"wp:term":[{"taxonomy":"category","embeddable":true,"href":"https:\/\/www.europesays.com\/es\/wp-json\/wp\/v2\/categories?post=274727"},{"taxonomy":"post_tag","embeddable":true,"href":"https:\/\/www.europesays.com\/es\/wp-json\/wp\/v2\/tags?post=274727"}],"curies":[{"name":"wp","href":"https:\/\/api.w.org\/{rel}","templated":true}]}}