{"id":274731,"date":"2025-12-06T19:47:17","date_gmt":"2025-12-06T19:47:17","guid":{"rendered":"https:\/\/www.europesays.com\/es\/274731\/"},"modified":"2025-12-06T19:47:17","modified_gmt":"2025-12-06T19:47:17","slug":"si-mi-hija-ha-sido-la-culpable-que-lo-pague","status":"publish","type":"post","link":"https:\/\/www.europesays.com\/es\/274731\/","title":{"rendered":"Si mi hija ha sido la culpable, que lo pague"},"content":{"rendered":"<p class=\"c-paragraph\">El abogado del abuelo materno de Lucas, el <a href=\"https:\/\/www.20minutos.es\/andalucia\/almeria\/un-whatsapp-clave-una-orden-alejamiento-que-se-sabe-muerte-un-nino-que-ha-conmocionado-garrucha_6907015_0.html\" title=\"Un &#039;whatsapp&#039; clave, una orden de alejamiento... qu\u00e9 se sabe de la muerte de un ni\u00f1o que ha conmocionado a Garrucha\" rel=\"nofollow noopener\" target=\"_blank\">ni\u00f1o de cuatro a\u00f1os hallado muerto en Garrucha (Almer\u00eda)<\/a>, ha solicitado este s\u00e1bado que \u00abcaiga todo el peso de la ley\u00bb sobre los responsables, independientemente de su parentesco.\u00a0El familiar, que se personar\u00e1 en la causa el martes una vez se levante el secreto de sumario, ha transmitido a su letrado su postura rotunda:<b> \u00abVamos a sacar la verdad y, si mi hija ha sido la culpable, que lo pague\u00bb.<\/b><\/p>\n<p class=\"c-paragraph\">El abogado Jos\u00e9 Luis Mart\u00ednez, que ejercer\u00e1 la acusaci\u00f3n particular en nombre del abuelo del peque\u00f1o,\u00a0ha denunciado el <b>\u00abfracaso absoluto\u00bb de las instituciones p\u00fablicas <\/b>en la protecci\u00f3n del menor. Mart\u00ednez ha realizado estas declaraciones coincidiendo con el pase a disposici\u00f3n judicial de la madre del ni\u00f1o y su actual pareja sentimental, detenidos desde el mi\u00e9rcoles como presuntos autores de la muerte violenta.<\/p>\n<p class=\"c-paragraph\">As\u00ed, el letrado ha asegurado que exist\u00edan <b>se\u00f1ales evidentes de maltrato y absentismo <\/b>que fueron ignoradas por el centro escolar y las fuerzas de seguridad antes del crimen.\u00a0\u00abAqu\u00ed ha fracasado las instituciones p\u00fablicas\u00bb, ha sentenciado para criticar la inacci\u00f3n del entorno educativo y social del menor. Seg\u00fan su versi\u00f3n, existen testimonios de vecinos que ve\u00edan al ni\u00f1o acudir \u00absolo todas las ma\u00f1anas\u00bb al colegio para evitar ser agredido en casa y que el menor asist\u00eda a clase con lesiones.<\/p>\n<p class=\"c-paragraph\">\u00abEn el centro educativo ve\u00edan que el ni\u00f1o llevaba hematomas, que llevaba un brazo encabestrado por una fractura, y no hicieron nada\u00bb, ha lamentado, cuestionando por qu\u00e9 no se activaron los protocolos de absentismo o de maltrato infantil ante tales evidencias.\u00a0Seg\u00fan el abogado,<b> la madre y su pareja \u00abnunca llevaron al ni\u00f1o al m\u00e9dico\u00bb<\/b> para evitar que los facultativos detectaran las lesiones y activaran la alerta sanitaria.<\/p>\n<p class=\"c-paragraph\">Extiende tambi\u00e9n la <b>cr\u00edtica a la respuesta policial <\/b>previa al desenlace fatal. El letrado ha revelado que la hermana de su cliente -t\u00eda abuela de la v\u00edctima- acudi\u00f3 tiempo atr\u00e1s a un cuartel de la Guardia Civil mostrando una fotograf\u00eda en su tel\u00e9fono m\u00f3vil donde se apreciaba que el ni\u00f1o ten\u00eda \u00abun morat\u00f3n y un derrame en la sien\u00bb.\u00a0<\/p>\n<p class=\"c-paragraph\">Sin embargo, seg\u00fan su relato, los agentes le indicaron que <b>\u00abten\u00eda que haber una denuncia de la madre o un parte de lesiones\u00bb<\/b> para poder actuar, algo imposible dado que los presuntos agresores evitaban el sistema sanitario.\u00a0<\/p>\n","protected":false},"excerpt":{"rendered":"El abogado del abuelo materno de Lucas, el ni\u00f1o de cuatro a\u00f1os hallado muerto en Garrucha (Almer\u00eda), ha&hellip;\n","protected":false},"author":2,"featured_media":274732,"comment_status":"","ping_status":"","sticky":false,"template":"","format":"standard","meta":{"footnotes":""},"categories":[5],"tags":[17982,17,18,25,24,13,14,66876,11,19,20,7357,9,899,10,15,16,23,12,21,22],"class_list":{"0":"post-274731","1":"post","2":"type-post","3":"status-publish","4":"format-standard","5":"has-post-thumbnail","7":"category-titulares","8":"tag-abuelo","9":"tag-breaking-news","10":"tag-breakingnews","11":"tag-es","12":"tag-espana","13":"tag-featured-news","14":"tag-featurednews","15":"tag-garrucha","16":"tag-headlines","17":"tag-latest-news","18":"tag-latestnews","19":"tag-lucas","20":"tag-news","21":"tag-nino","22":"tag-noticias","23":"tag-noticias-destacadas","24":"tag-noticiasdestacadas","25":"tag-spain","26":"tag-titulares","27":"tag-ultimas-noticias","28":"tag-ultimasnoticias"},"share_on_mastodon":{"url":"https:\/\/pubeurope.com\/@es\/115674352385842474","error":""},"_links":{"self":[{"href":"https:\/\/www.europesays.com\/es\/wp-json\/wp\/v2\/posts\/274731","targetHints":{"allow":["GET"]}}],"collection":[{"href":"https:\/\/www.europesays.com\/es\/wp-json\/wp\/v2\/posts"}],"about":[{"href":"https:\/\/www.europesays.com\/es\/wp-json\/wp\/v2\/types\/post"}],"author":[{"embeddable":true,"href":"https:\/\/www.europesays.com\/es\/wp-json\/wp\/v2\/users\/2"}],"replies":[{"embeddable":true,"href":"https:\/\/www.europesays.com\/es\/wp-json\/wp\/v2\/comments?post=274731"}],"version-history":[{"count":0,"href":"https:\/\/www.europesays.com\/es\/wp-json\/wp\/v2\/posts\/274731\/revisions"}],"wp:featuredmedia":[{"embeddable":true,"href":"https:\/\/www.europesays.com\/es\/wp-json\/wp\/v2\/media\/274732"}],"wp:attachment":[{"href":"https:\/\/www.europesays.com\/es\/wp-json\/wp\/v2\/media?parent=274731"}],"wp:term":[{"taxonomy":"category","embeddable":true,"href":"https:\/\/www.europesays.com\/es\/wp-json\/wp\/v2\/categories?post=274731"},{"taxonomy":"post_tag","embeddable":true,"href":"https:\/\/www.europesays.com\/es\/wp-json\/wp\/v2\/tags?post=274731"}],"curies":[{"name":"wp","href":"https:\/\/api.w.org\/{rel}","templated":true}]}}