{"id":274736,"date":"2025-12-06T19:58:10","date_gmt":"2025-12-06T19:58:10","guid":{"rendered":"https:\/\/www.europesays.com\/es\/274736\/"},"modified":"2025-12-06T19:58:10","modified_gmt":"2025-12-06T19:58:10","slug":"no-sabiamos-nada-ha-sido-una-coincidencia-visitar-hoy-el-guggenheim","status":"publish","type":"post","link":"https:\/\/www.europesays.com\/es\/274736\/","title":{"rendered":"\u00abNo sab\u00edamos nada, ha sido una coincidencia visitar hoy el Guggenheim\u00bb"},"content":{"rendered":"<p>Cientos de visitantes merodean este s\u00e1bado por los alrededores del Museo Guggenheim Bilbao. Algunos, todav\u00eda ajenos a la noticia del fallecimiento de Frank Gehry, el  &#8230; arquitecto que dio forma al icono de titanio que se alza ante ellos, aprovechan para contemplar durante unos minutos las relucientes placas met\u00e1licas y hacerse alguna fotograf\u00eda antes de entrar. A otros, la noticia le ha alcanzado desprevenidos. Es el caso de Elena y Lorenzo, una pareja italiana de Mil\u00e1n que ha venido a pasar el fin de semana a la ciudad. \u00abNo ten\u00edamos ni idea. Le conoc\u00edamos de o\u00eddas porque hab\u00edamos planeado visitar el museo y nos llamaba mucho la atenci\u00f3n el exterior\u00bb, comentan nada m\u00e1s salir.<\/p>\n<p class=\"v-p\">Para ellos, sin embargo, la sorpresa ha llegado en el interior. \u00abLas formas org\u00e1nicas, la mezcla entre cristal y metal\u2026 nos ha fascinado, no nos esper\u00e1bamos encontrarnos con algo as\u00ed\u00bb, explican a\u00fan emocionados. Y es precisamente ese juego de pasarelas, curvas y ascensores de titanio que conecta los tres pisos del edificio lo que busca dialogar con la luz y reivindicar el pasado industrial de Bilbao a trav\u00e9s de su esqueleto de acero. \u00abConoc\u00edamos parte de la historia de la ciudad, pero nos cuesta imaginar toda esta zona tan bonita llena de humo y f\u00e1bricas\u00bb, bromean Olivia y Lucas, dos estudiantes de Erasmus procedentes de California que llevan desde septiembre en la villa.<\/p>\n<p class=\"v-p\">Ellos, que ya hab\u00edan estado en el museo en otras ocasiones, hab\u00edan planeado acudir esta ma\u00f1ana a la nueva exposici\u00f3n y completar la visita con un paseo y vermut por la r\u00eda, sin saber que el d\u00eda quedar\u00eda marcado por la muerte del arquitecto. \u00abEnterarnos hoy ha sido como una se\u00f1al\u00bb, comentaban con sorpresa. Una sensaci\u00f3n similar comparte Elodie, llegada desde Francia para pasar el fin de semana con su pareja. \u00abCreo que es la tercera vez que venimos. Me he enterado por Instagram de la noticia. Estar aqu\u00ed justo hoy resulta muy extra\u00f1o\u00bb, reconoce. Para ella, la construcci\u00f3n del Guggenheim es comparable al impacto que tuvo la introducci\u00f3n de la pir\u00e1mide del Louvre en Par\u00eds en los a\u00f1os 80. \u00abFue muy controvertido, muchos no estaban de acuerdo. Era una forma de abrir paso a nuevas maneras de entender la arquitectura\u00bb, reflexiona.<\/p>\n<p>Cambio radical<\/p>\n<p class=\"v-p\">Tambi\u00e9n hay quien ha querido dejar un gesto simb\u00f3lico. Cristina, Pablo y Primitivo, llegados desde Alicante y de visita por primera vez en Bilbao, se enteraron de la noticia esta ma\u00f1ana por la prensa. Al subir al \u00e1rbol de los deseos de Yoko Ono han querido dejar una nota que dec\u00eda &#8216;descansa en paz, siempre se van los mejores&#8217;. \u00abNos sabe mal que haya fallecido, pero ya que est\u00e1bamos aqu\u00ed lo hemos querido conmemorar\u00bb, explican.<\/p>\n<p><img decoding=\"async\" loading=\"lazy\" src=\"https:\/\/www.europesays.com\/es\/wp-content\/uploads\/2025\/12\/interior-guggenheim-k4eD--748x524@El Correo.JPG\" class=\"v-a-img\" width=\"748\" height=\"524\" alt=\"\" data-voc-vtm-id=\"in-text-traffic\"\/><\/p>\n<p><img loading=\"lazy\" decoding=\"async\" src=\"https:\/\/s1.ppllstatics.com\/elcorreo\/www\/multimedia\/2025\/12\/06\/interior-guggenheim-kRGF--1920x1344@El%20Correo.JPG\" class=\"v-mdl__img-z\" width=\"1920\" height=\"1344\" alt=\"\"\/><\/p>\n<p class=\"v-p\">Entre el ir y venir de turistas, \u00c1ngel y Lola, de Santander, observan la escena con perspectiva. Ellos conocieron Bilbao antes de que el museo existiera. \u00abYo vine hace treinta a\u00f1os y no estaba el Guggenheim. Desde que est\u00e1 se oye mucho m\u00e1s hablar de la ciudad, est\u00e1 m\u00e1s bonita, m\u00e1s limpia. Ha cambiado mucho la imagen\u00bb, recuerdan. Se enteraron anoche de la muerte de Gehry por la prensa. \u00abBilbao tiene dos partes: antes del Guggenheim y despu\u00e9s. El cambio ha sido radical, sobre todo desde el punto de vista del turismo\u00bb, a\u00f1aden.<\/p>\n<p class=\"v-p\">Con la r\u00eda reflejando el titanio y el trasiego constante de visitantes, el edificio vuelve a ejercer hoy de testigo silencioso de su propio legado. La muerte de su art\u00edfice ha a\u00f1adido una capa m\u00e1s de significado a una obra que ayud\u00f3 a transformar la ciudad y sirvi\u00f3 de atractivo para que arquitectos de renombre como C\u00e9sar Pelli o Zaha Hadid trajesen sus proyectos a la villa. \u00abSiempre pasa. Cuando alguien deja una obra as\u00ed en una ciudad, llegan otros dos o tres m\u00e1s que quieren venir a poner su semilla\u00bb, reflexiona \u00c1ngel. <\/p>\n","protected":false},"excerpt":{"rendered":"Cientos de visitantes merodean este s\u00e1bado por los alrededores del Museo Guggenheim Bilbao. Algunos, todav\u00eda ajenos a la&hellip;\n","protected":false},"author":2,"featured_media":274737,"comment_status":"","ping_status":"","sticky":false,"template":"","format":"standard","meta":{"footnotes":""},"categories":[173],"tags":[229,233,231,230,38497,232,234,146,147,25,24,983,315,8730,23,11833],"class_list":{"0":"post-274736","1":"post","2":"type-post","3":"status-publish","4":"format-standard","5":"has-post-thumbnail","7":"category-arte-y-diseno","8":"tag-arte","9":"tag-arte-y-diseno","10":"tag-arts","11":"tag-arts-and-design","12":"tag-coincidencia","13":"tag-design","14":"tag-diseno","15":"tag-entertainment","16":"tag-entretenimiento","17":"tag-es","18":"tag-espana","19":"tag-guggenheim","20":"tag-hoy","21":"tag-sabiamos","22":"tag-spain","23":"tag-visitar"},"share_on_mastodon":{"url":"https:\/\/pubeurope.com\/@es\/115674396440714235","error":""},"_links":{"self":[{"href":"https:\/\/www.europesays.com\/es\/wp-json\/wp\/v2\/posts\/274736","targetHints":{"allow":["GET"]}}],"collection":[{"href":"https:\/\/www.europesays.com\/es\/wp-json\/wp\/v2\/posts"}],"about":[{"href":"https:\/\/www.europesays.com\/es\/wp-json\/wp\/v2\/types\/post"}],"author":[{"embeddable":true,"href":"https:\/\/www.europesays.com\/es\/wp-json\/wp\/v2\/users\/2"}],"replies":[{"embeddable":true,"href":"https:\/\/www.europesays.com\/es\/wp-json\/wp\/v2\/comments?post=274736"}],"version-history":[{"count":0,"href":"https:\/\/www.europesays.com\/es\/wp-json\/wp\/v2\/posts\/274736\/revisions"}],"wp:featuredmedia":[{"embeddable":true,"href":"https:\/\/www.europesays.com\/es\/wp-json\/wp\/v2\/media\/274737"}],"wp:attachment":[{"href":"https:\/\/www.europesays.com\/es\/wp-json\/wp\/v2\/media?parent=274736"}],"wp:term":[{"taxonomy":"category","embeddable":true,"href":"https:\/\/www.europesays.com\/es\/wp-json\/wp\/v2\/categories?post=274736"},{"taxonomy":"post_tag","embeddable":true,"href":"https:\/\/www.europesays.com\/es\/wp-json\/wp\/v2\/tags?post=274736"}],"curies":[{"name":"wp","href":"https:\/\/api.w.org\/{rel}","templated":true}]}}