{"id":274738,"date":"2025-12-06T20:00:11","date_gmt":"2025-12-06T20:00:11","guid":{"rendered":"https:\/\/www.europesays.com\/es\/274738\/"},"modified":"2025-12-06T20:00:11","modified_gmt":"2025-12-06T20:00:11","slug":"jesus-vazquez-abandona-mediaset-despues-de-25-anos-y-ficha-por-rtve","status":"publish","type":"post","link":"https:\/\/www.europesays.com\/es\/274738\/","title":{"rendered":"Jes\u00fas V\u00e1zquez abandona Mediaset despu\u00e9s de 25 a\u00f1os y ficha por RTVE"},"content":{"rendered":"<p class=\"v-mdl-ath__p v-mdl-ath__p--6\">\nS\u00e1bado, 6 de diciembre 2025, 19:25<\/p>\n<p class=\"v-p\">Jes\u00fas V\u00e1zquez ha dicho adi\u00f3s a Mediaset. El popular presentador gallego de 60 a\u00f1os, vinculado desde hace casi un cuarto de siglo al grupo italiano de comunicaci\u00f3n, lo ha abandonado sorprendiendo con su nueva etapa, que arrancar\u00e1 en la televisi\u00f3n p\u00fablica, en RTVE. <\/p>\n<p class=\"v-p\">Y ya se sabe cu\u00e1l ser\u00e1 su pr\u00f3ximo reto, ya que actuar\u00e1 como maestro de ceremonias del Benidorm Fest 2026, el gran festival de la m\u00fasica en Espa\u00f1a. Lo har\u00e1 junto al cineasta Javier Ambrossi, In\u00e9s Hernand y la c\u00f3mica Lalachus, un evento que se celebrar\u00e1 en la ciudad alicantina los d\u00edas 10, 12 y 14 de febrero, seg\u00fan ha anunciado recientemente RTVE, tras confirmar que se retira de Eurovisi\u00f3n por la participaci\u00f3n de Israel. <\/p>\n<p class=\"v-p\">\u00c9l mismo se ha encargado de confirmarlo en el programa &#8216;Directo al grano&#8217;, conducido por Marta Flich y Gonzalo Mir\u00f3, sus ya compa\u00f1eros. \u00abQuien nos iba a decir hace unos meses cuando nos d\u00e1bamos piropos por los pasillos de otra empresa que \u00edbamos a estar haciendo esta conexi\u00f3n\u00bb, le lanz\u00f3 a Flich, dedic\u00e1ndole posteriormente unas palabras de admiraci\u00f3n a Mir\u00f3. Acto seguido el gallego ha confirmado que se encuentra \u00abmuy feliz y muy contento\u00bb por afrontar una nueva etapa, pese a su dilatada carrera en la peque\u00f1a pantalla. \u00abNecesitaba moverme, explorar, y voy a hacer el Benidorm Fest, que me apetece much\u00edsimo\u00bb. <\/p>\n<p class=\"v-p\">\u00abHe cumplido ya 60 y quiero en los \u00faltimos a\u00f1os de mi vida probar cosas. Me hace much\u00edsima ilusi\u00f3n trabajar en la televisi\u00f3n de todos los espa\u00f1oles, que est\u00e1 viviendo un momento maravilloso. Est\u00e1n trabajando por hacer grandes formatos, de informaci\u00f3n y de entretenimiento, y me hace especial ilusi\u00f3n llegar en este momento\u00bb, resalt\u00f3, afirmando que hace unos meses le dieron un r\u00e9cord Guinness por ser el espa\u00f1ol vivo que m\u00e1s programas ha hecho en castellano, un total de 46. \u00abY despu\u00e9s de 35 a\u00f1os nunca hab\u00eda trabajado en la televisi\u00f3n p\u00fablica\u00bb. <\/p>\n<p>&#8216;La quinta marcha&#8217;<\/p>\n<p class=\"v-p\">V\u00e1zquez, quien lleg\u00f3 a grabar en 1993 el \u00e1lbum &#8216;A dos mil\u00edmetros escasos de tu boca&#8217; con el que obtuvo un Disco de Oro, hab\u00eda saltado a la popularidad tres a\u00f1os antes, con el programa &#8216;La quinta marcha&#8217;. Luego estuvo al frente de numerosos espacios que engancharon a la audiencia, como &#8216;La ruleta de la fortuna&#8217;, &#8216;Operaci\u00f3n Triunfo&#8217;, &#8216;Supervivientes&#8217;, &#8216;All\u00e1 t\u00fa&#8217;, &#8216;La Voz&#8217;, &#8216;La Voz Kids&#8217;, &#8216;Got Talent&#8217;, &#8216;Idol Kids&#8217;&#8230; El pasado 29 de noviembre termin\u00f3 su \u00faltima edici\u00f3n de &#8216;Bailando con las estrellas&#8217;. <\/p>\n<p class=\"v-p\">Para cubrir su marcha, Telecinco ya ha anunciado el fichaje de <a href=\"https:\/\/www.elcorreo.com\/gente-estilo\/alla-vuelve-telecinco-jesus-vazquez-sustituto-dirigir-20251205100725-nt.html\" target=\"_blank\" data-voc-vtm-id=\"in-text-traffic\" title=\"Juanra Bonet\" data-mrf-link=\"www.elcorreo.com\" rel=\"nofollow noopener\">Juanra Bonet<\/a>, que vuelve as\u00ed a Mediaset trece a\u00f1os despu\u00e9s de haber dado el salto a Atresmedia. El catal\u00e1n ser\u00e1 el encargado de dirigir la nueva temporada de &#8216;\u00a1All\u00e1 t\u00fa!&#8217;. <\/p>\n<p>Reporta un error<\/p>\n","protected":false},"excerpt":{"rendered":"S\u00e1bado, 6 de diciembre 2025, 19:25 Jes\u00fas V\u00e1zquez ha dicho adi\u00f3s a Mediaset. El popular presentador gallego de&hellip;\n","protected":false},"author":2,"featured_media":274739,"comment_status":"","ping_status":"","sticky":false,"template":"","format":"standard","meta":{"footnotes":""},"categories":[171],"tags":[2302,988,987,146,147,25,24,1750,5782,955,518,23,214,5783],"class_list":{"0":"post-274738","1":"post","2":"type-post","3":"status-publish","4":"format-standard","5":"has-post-thumbnail","7":"category-tv","8":"tag-abandona","9":"tag-anos","10":"tag-despues","11":"tag-entertainment","12":"tag-entretenimiento","13":"tag-es","14":"tag-espana","15":"tag-ficha","16":"tag-jesus","17":"tag-mediaset","18":"tag-rtve","19":"tag-spain","20":"tag-tv","21":"tag-vazquez"},"share_on_mastodon":{"url":"","error":""},"_links":{"self":[{"href":"https:\/\/www.europesays.com\/es\/wp-json\/wp\/v2\/posts\/274738","targetHints":{"allow":["GET"]}}],"collection":[{"href":"https:\/\/www.europesays.com\/es\/wp-json\/wp\/v2\/posts"}],"about":[{"href":"https:\/\/www.europesays.com\/es\/wp-json\/wp\/v2\/types\/post"}],"author":[{"embeddable":true,"href":"https:\/\/www.europesays.com\/es\/wp-json\/wp\/v2\/users\/2"}],"replies":[{"embeddable":true,"href":"https:\/\/www.europesays.com\/es\/wp-json\/wp\/v2\/comments?post=274738"}],"version-history":[{"count":0,"href":"https:\/\/www.europesays.com\/es\/wp-json\/wp\/v2\/posts\/274738\/revisions"}],"wp:featuredmedia":[{"embeddable":true,"href":"https:\/\/www.europesays.com\/es\/wp-json\/wp\/v2\/media\/274739"}],"wp:attachment":[{"href":"https:\/\/www.europesays.com\/es\/wp-json\/wp\/v2\/media?parent=274738"}],"wp:term":[{"taxonomy":"category","embeddable":true,"href":"https:\/\/www.europesays.com\/es\/wp-json\/wp\/v2\/categories?post=274738"},{"taxonomy":"post_tag","embeddable":true,"href":"https:\/\/www.europesays.com\/es\/wp-json\/wp\/v2\/tags?post=274738"}],"curies":[{"name":"wp","href":"https:\/\/api.w.org\/{rel}","templated":true}]}}