{"id":274778,"date":"2025-12-06T20:29:15","date_gmt":"2025-12-06T20:29:15","guid":{"rendered":"https:\/\/www.europesays.com\/es\/274778\/"},"modified":"2025-12-06T20:29:15","modified_gmt":"2025-12-06T20:29:15","slug":"si-tu-cuenta-de-facebook-o-instagram-esta-secuestrada-hay-buenas-noticias","status":"publish","type":"post","link":"https:\/\/www.europesays.com\/es\/274778\/","title":{"rendered":"Si tu cuenta de Facebook o Instagram est\u00e1 secuestrada, hay buenas noticias"},"content":{"rendered":"<p>Si tienes una cuenta de <a href=\"https:\/\/es.digitaltrends.com\/noticias\/facebook-quiere-volver-a-los-viejos-buenos-tiempos-los-amigos-son-prioridad\/\" rel=\"nofollow noopener\" target=\"_blank\"><strong>Facebook<\/strong><\/a> o <a href=\"https:\/\/es.digitaltrends.com\/noticias\/instagram-pronto-podria-volverse-aun-mas-caotico\/\" rel=\"nofollow noopener\" target=\"_blank\"><strong>Instagram<\/strong><\/a> y por alguna raz\u00f3n est\u00e1 secuestrada o te la hackearon, entonces Meta est\u00e1 actualizando sus procesos para que sea m\u00e1s f\u00e1cil llegar a una soluci\u00f3n.<\/p>\n<p>Meta\u00a0<a href=\"https:\/\/about.fb.com\/news\/2025\/12\/making-it-easier-to-access-account-support-on-facebook-and-instagram\/\" rel=\"nofollow noopener\" target=\"_blank\">anunci\u00f3<\/a>\u00a0el jueves que lanzar\u00e1 un nuevo centro de soporte centralizado para Facebook e Instagram, reconociendo que conseguir ayuda no siempre ha sido tan f\u00e1cil como deber\u00eda. El espacio reunir\u00e1 todas las funciones de soporte que los usuarios de ambas redes necesitan para reportar problemas en la cuenta o recuperar una a la que hayan perdido acceso.<\/p>\n<p>\u201cRecibir ayuda con tu cuenta deber\u00eda ser sencillo y accesible\u201d, explic\u00f3 la empresa, a\u00f1adiendo que es consciente de que \u201cel soporte no siempre ha cumplido con las expectativas.\u201d La actualizaci\u00f3n se est\u00e1 desplegando globalmente para los usuarios de ambas plataformas de redes sociales en iOS y Android.<\/p>\n<p>Meta dijo que tambi\u00e9n est\u00e1 trabajando en un asistente de IA \u201cpara ayuda instant\u00e1nea y personalizada\u201d con cosas como recuperar tu cuenta o actualizar la configuraci\u00f3n. Inicialmente, esto solo estar\u00e1 disponible para usuarios de Facebook, pero Meta dijo que est\u00e1 \u201cexplorando la posibilidad de llevarlo a nuestras otras aplicaciones en el futuro.\u201d<\/p>\n<p>Meta agreg\u00f3 que est\u00e1 mejorando el proceso de recuperaci\u00f3n de cuentas, usando IA para facilitar la b\u00fasqueda de las opciones de recuperaci\u00f3n adecuadas y ayudar a la empresa a detectar mejor los dispositivos y ubicaciones donde has usado las apps en el pasado.<\/p>\n","protected":false},"excerpt":{"rendered":"Si tienes una cuenta de Facebook o Instagram y por alguna raz\u00f3n est\u00e1 secuestrada o te la hackearon,&hellip;\n","protected":false},"author":2,"featured_media":274779,"comment_status":"","ping_status":"","sticky":false,"template":"","format":"standard","meta":{"footnotes":""},"categories":[81],"tags":[119,123,124,25,24,142,4536,138,1922,117,121,122,23,118,120],"class_list":{"0":"post-274778","1":"post","2":"type-post","3":"status-publish","4":"format-standard","5":"has-post-thumbnail","7":"category-ciencia-y-tecnologia","8":"tag-ciencia","9":"tag-ciencia-y-tecnologia","10":"tag-cienciaytecnologia","11":"tag-es","12":"tag-espana","13":"tag-facebook","14":"tag-instagram","15":"tag-meta","16":"tag-redes-sociales","17":"tag-science","18":"tag-science-and-technology","19":"tag-scienceandtechnology","20":"tag-spain","21":"tag-technology","22":"tag-tecnologia"},"share_on_mastodon":{"url":"https:\/\/pubeurope.com\/@es\/115674517872465860","error":""},"_links":{"self":[{"href":"https:\/\/www.europesays.com\/es\/wp-json\/wp\/v2\/posts\/274778","targetHints":{"allow":["GET"]}}],"collection":[{"href":"https:\/\/www.europesays.com\/es\/wp-json\/wp\/v2\/posts"}],"about":[{"href":"https:\/\/www.europesays.com\/es\/wp-json\/wp\/v2\/types\/post"}],"author":[{"embeddable":true,"href":"https:\/\/www.europesays.com\/es\/wp-json\/wp\/v2\/users\/2"}],"replies":[{"embeddable":true,"href":"https:\/\/www.europesays.com\/es\/wp-json\/wp\/v2\/comments?post=274778"}],"version-history":[{"count":0,"href":"https:\/\/www.europesays.com\/es\/wp-json\/wp\/v2\/posts\/274778\/revisions"}],"wp:featuredmedia":[{"embeddable":true,"href":"https:\/\/www.europesays.com\/es\/wp-json\/wp\/v2\/media\/274779"}],"wp:attachment":[{"href":"https:\/\/www.europesays.com\/es\/wp-json\/wp\/v2\/media?parent=274778"}],"wp:term":[{"taxonomy":"category","embeddable":true,"href":"https:\/\/www.europesays.com\/es\/wp-json\/wp\/v2\/categories?post=274778"},{"taxonomy":"post_tag","embeddable":true,"href":"https:\/\/www.europesays.com\/es\/wp-json\/wp\/v2\/tags?post=274778"}],"curies":[{"name":"wp","href":"https:\/\/api.w.org\/{rel}","templated":true}]}}