{"id":274781,"date":"2025-12-06T20:31:19","date_gmt":"2025-12-06T20:31:19","guid":{"rendered":"https:\/\/www.europesays.com\/es\/274781\/"},"modified":"2025-12-06T20:31:19","modified_gmt":"2025-12-06T20:31:19","slug":"la-cuenta-atras-del-nobel-de-maria-corina-machado-comienza-con-la-muerte-de-otro-preso-politico-en-el-helicoide-el-mundo","status":"publish","type":"post","link":"https:\/\/www.europesays.com\/es\/274781\/","title":{"rendered":"La cuenta atr\u00e1s del Nobel de Mar\u00eda Corina Machado comienza con la muerte de otro preso pol\u00edtico en el Helicoide &#8211; El Mundo"},"content":{"rendered":"<ol>\n<li><a href=\"https:\/\/news.google.com\/rss\/articles\/CBMigwFBVV95cUxOcEFrMDRMbzlRVy1rZGdxT0hvRTFKM3BWbmluZUFEWHZHVS1YQzVQOEFGbDJnVmk0RE9IMm5hMDg2V212Qm5mUHQwVElKZU50aGRjZ1VNSTRRcDJpWjRZTWhuUTV1eVBQMXpJcmtiVGhKMzVpNFdkZGtSVHhCeFdXaVptd9IBgwFBVV95cUxNTjUzT1plYWNjV214a2U5aUZ1V1lHRVMwS0hWanE2eXFISHZFWV9wRnZ1b2U3RGN2YVBFTUhILXo0TUhIenBmQ1RYZWVHSGNOYXdlOTlQWEVzaW54QWpVTlMtc2daUHI2SWVqSXVFSkxHel9YdmxDbnR3Y0pOZzJnREsxdw?oc=5\" target=\"_blank\" rel=\"nofollow noopener\">La cuenta atr\u00e1s del Nobel de Mar\u00eda Corina Machado comienza con la muerte de otro preso pol\u00edtico en el Helicoide<\/a>&nbsp;&nbsp;El Mundo<\/li>\n<li><a href=\"https:\/\/news.google.com\/rss\/articles\/CBMi3AFBVV95cUxQLXhqczcxQjVReFVIb1NvQ05SWEpMZGJndW5ZQlgybXRVN20yajZNX0c2QWxkX0FMaEc5SXFkeXRBd1N2c1U1RGJvVzBVbXdEWUNFVEcwWkhUdWh3UGVPZmVrM1IzTkxrY18yaHFSZFhrdmtmcEdZRFVNY3h2T2NUV3hsZVNIa0JBUllhc0VNUEVIVUJrV2Q2bEU4MGtJakl3aHR0SjF0S28xWVVlaGdhano0NC1TM0FrTWJRd245TWlIVHR3WjNpWXdaY1F5Z2xFSEliZVNGWXJselFF0gHcAUFVX3lxTE1PSklNR3loVUxVY2NVRElJa2xCY2Q2anRQQXRaSnhIVHJkTzZzamROYkR1bXZ0VHRXeVk3QnVzMHVpbm1WSDF1akloRWZaR05oTVA5RUFRLV9HYW5wN1VwRHpQcTVlSHlaRjhpaXRsZ0prNDVieTJZYWxyMnFORUtyRWZLZmVoeEpVWkpWSnFRWEd0THJrcWF1LVpuVUNLYnF4VldLMC1DWVRXNlpzZ3ZKVWpwZk1MT2ZBVV9DcDBXV1ozclR2dC1yMGlzSjJ2Nm9vUmNrbkcwdGo0TWo?oc=5\" target=\"_blank\" rel=\"nofollow noopener\">La comunidad venezolana en Espa\u00f1a sale a la calle en apoyo de Mar\u00eda Corina Machado d\u00edas antes de que recoja el Nobel<\/a>&nbsp;&nbsp;RTVE.es<\/li>\n<li><a href=\"https:\/\/news.google.com\/rss\/articles\/CBMi2AFBVV95cUxOUW5qcmM5TUQwUnI0bFhSQ0hURVNSV3VvT1pPUFc1RFczLWVGRkZrWFNtZnpRZ3lJNlFoWUVxZlZxQm5VY19iLVRYMGU5TC1OYTZKTFR0TE5KcG9yZFByZW1UWm5IY2Jxc0N1cEpVTXd6NzFReWdid1h3YmJrYVlzTDlQVE9DejAtZGtVUTI0YjVTNWVqUzJiaW5HakNQZkVRUl9ibmNMby03dXJ5TGROS0hOQjNhR01yUmZtRzdrWEhCZHk3ZlZSQnliVmxFbmJWY3hyZ3owVG3SAdgBQVVfeXFMTi1tMEhvTDBBbFdkeVUySThJUFZFSjBBRHQtdDJRRktaRDd0R2lnanY4RGx2REk3aC11eFJFT2Z0SXkydUwxbWZ1RVZwdnJsOWljUm5adWZKZTlSeFZIWnd3a2hDYTVNZWhJSjZRN2tvREx0WlpqSkJRTzQ1MHJpZGNzZXF3ZG1pWlkxUE1sRWtYVlhCbDhrRmpTZFN1ZGtZSkRmNmN5TVVLRWtvMGIxNjhXQU5qVnlZRkNrczBCeVlWTlA4VzZ4MDZIRnJqYkUzTnFHcVJsOWxw?oc=5\" target=\"_blank\" rel=\"nofollow noopener\">La oposici\u00f3n venezolana organiza movilizaciones en todo el mundo para celebrar el Nobel de Mar\u00eda Corina Machado<\/a>&nbsp;&nbsp;El Peri\u00f3dico<\/li>\n<li><a href=\"https:\/\/news.google.com\/rss\/articles\/CBMiwwFBVV95cUxOa0NCVEpGd0JqUlk3cnliWElqdjQzYzdXaTBmdENWM1hjZVlDR0owMmQ1eFhicXlTZi16SzF5ZDZNUFN3eXN6SkpLTjB4aFpyNWNXWlJrbE5BalpjVGEzVlJ0cDl4d000azl1WHo3M1ZqcW1LLTBFYU9LNnhRV3hUVVBrc2FyQS1lNFpnbllTMVpRcUkwQkFXSGo2WVlUNl96LXU0WmxVQ2dBUTJoZ3pGZWpCcVZGSDFhY0xyZ0tLZlJPeEE?oc=5\" target=\"_blank\" rel=\"nofollow noopener\">La di\u00e1spora venezolana se cita en Madrid por \u00abla paz y la libertad\u00bb<\/a>&nbsp;&nbsp;Euronews.com<\/li>\n<li><a href=\"https:\/\/news.google.com\/rss\/articles\/CBMiqgFBVV95cUxQNW43MEJkczNGd2s0S2Z2NjBzOUd3OG5XNEFhSld3SGFiekpXUkhSZHEwMjVIWXpud01ndG1NcFEyeDJpUkhwcE13WjJKYUJ1WFcyMFB4dTRvOEdVU1duZ2FJQUdUZ0ZrY2JiU2JxX1hxdnZ4NjBlOURKSllCcHliY1dZaXdYSW8xNHdmVUFHNVJpU1dBdDQySXNsZWlITnhCcnhGc0wwVVc5dw?oc=5\" target=\"_blank\" rel=\"nofollow noopener\">La di\u00e1spora venezolana celebra el Nobel de la Paz a Mar\u00eda Corina Machado con una marcha global<\/a>&nbsp;&nbsp;ABC<\/li>\n<\/ol>\n","protected":false},"excerpt":{"rendered":"La cuenta atr\u00e1s del Nobel de Mar\u00eda Corina Machado comienza con la muerte de otro preso pol\u00edtico en&hellip;\n","protected":false},"author":2,"featured_media":274782,"comment_status":"","ping_status":"","sticky":false,"template":"","format":"standard","meta":{"footnotes":""},"categories":[42],"tags":[17,18,4369,13,14,11,61,62,63,64,19,20,4371,9,10,15,16,12,21,22,1192,65,66,67],"class_list":{"0":"post-274781","1":"post","2":"type-post","3":"status-publish","4":"format-standard","5":"has-post-thumbnail","7":"category-internacional","8":"tag-breaking-news","9":"tag-breakingnews","10":"tag-edmundo-gonzalez","11":"tag-featured-news","12":"tag-featurednews","13":"tag-headlines","14":"tag-internacional","15":"tag-international","16":"tag-international-news","17":"tag-internationalnews","18":"tag-latest-news","19":"tag-latestnews","20":"tag-maria-corina-machado","21":"tag-news","22":"tag-noticias","23":"tag-noticias-destacadas","24":"tag-noticiasdestacadas","25":"tag-titulares","26":"tag-ultimas-noticias","27":"tag-ultimasnoticias","28":"tag-venezuela","29":"tag-world","30":"tag-world-news","31":"tag-worldnews"},"share_on_mastodon":{"url":"https:\/\/pubeurope.com\/@es\/115674525407464358","error":""},"_links":{"self":[{"href":"https:\/\/www.europesays.com\/es\/wp-json\/wp\/v2\/posts\/274781","targetHints":{"allow":["GET"]}}],"collection":[{"href":"https:\/\/www.europesays.com\/es\/wp-json\/wp\/v2\/posts"}],"about":[{"href":"https:\/\/www.europesays.com\/es\/wp-json\/wp\/v2\/types\/post"}],"author":[{"embeddable":true,"href":"https:\/\/www.europesays.com\/es\/wp-json\/wp\/v2\/users\/2"}],"replies":[{"embeddable":true,"href":"https:\/\/www.europesays.com\/es\/wp-json\/wp\/v2\/comments?post=274781"}],"version-history":[{"count":0,"href":"https:\/\/www.europesays.com\/es\/wp-json\/wp\/v2\/posts\/274781\/revisions"}],"wp:featuredmedia":[{"embeddable":true,"href":"https:\/\/www.europesays.com\/es\/wp-json\/wp\/v2\/media\/274782"}],"wp:attachment":[{"href":"https:\/\/www.europesays.com\/es\/wp-json\/wp\/v2\/media?parent=274781"}],"wp:term":[{"taxonomy":"category","embeddable":true,"href":"https:\/\/www.europesays.com\/es\/wp-json\/wp\/v2\/categories?post=274781"},{"taxonomy":"post_tag","embeddable":true,"href":"https:\/\/www.europesays.com\/es\/wp-json\/wp\/v2\/tags?post=274781"}],"curies":[{"name":"wp","href":"https:\/\/api.w.org\/{rel}","templated":true}]}}