{"id":274791,"date":"2025-12-06T20:47:12","date_gmt":"2025-12-06T20:47:12","guid":{"rendered":"https:\/\/www.europesays.com\/es\/274791\/"},"modified":"2025-12-06T20:47:12","modified_gmt":"2025-12-06T20:47:12","slug":"soy-poquito-kitsch-para-la-navidad-en-casa-monto-una-estacion-de-esqui-en-miniatura","status":"publish","type":"post","link":"https:\/\/www.europesays.com\/es\/274791\/","title":{"rendered":"Soy poquito kitsch para la Navidad. En casa monto una estaci\u00f3n de esqu\u00ed en miniatura"},"content":{"rendered":"<p id=\"e61jVsMUTj\" data-wc=\"105\">No suele prodigarse mucho por saraos junto a su mujer. Y menos en Madrid. Pero <strong>Mar\u00eda del Monte ten\u00eda una buena raz\u00f3n para asistir con la periodista Inmaculada Casal<\/strong> a la <a class=\"hm-link ho-link\" href=\"https:\/\/www.hola.com\/viajes\/20251128870023\/escenarios-gallegos-serie-las-hijas-de-la-criada-novela-sonsoles-onega\/\" data-mrf-recirculation=\"article-body-link\" rel=\"nofollow noopener\" target=\"_blank\">premi\u00e8re madrile\u00f1a de la serie\u00a0Las hijas de la Criada, que se estren\u00f3 el pasado domingo en Atresplayer.<\/a> La ficci\u00f3n es la adaptaci\u00f3n televisiva de la novela de Sonsoles \u00d3nega, con la que colabora en su programa vespertino de Antena 3. \u201cHay que apoyar a Sonsoles. Hay que <strong>apoyar la cultura, hay que apoyar la lectura<\/strong> y, en este caso, las buenas series\u201d, nos dice la cantante sobre la inesperada aparici\u00f3n con su mujer.\u00a0<\/p>\n<p> <img src=\"https:\/\/www.europesays.com\/es\/wp-content\/uploads\/2025\/12\/358a3ecdc5e7-u595764173.jpg\"   width=\"1080\" height=\"1080\" loading=\"lazy\" decoding=\"async\" alt=\"Media Image\" fetchpriority=\"auto\" class=\"image ho-image\"\/>\u00a9 GTRES<\/p>\n<p id=\"eFro5VnX__e\" data-wc=\"71\">All\u00ed, <strong>Mar\u00eda e Inmaculada se sinceraron con \u00a1HOLA!\u00a0<\/strong>sobre c\u00f3mo sienten el <strong>inter\u00e9s medi\u00e1tico que genera su relaci\u00f3n<\/strong>, que comenz\u00f3 hace ya m\u00e1s de cuarto de siglo y que sellaron en <a class=\"hm-link ho-link\" href=\"https:\/\/www.hola.com\/actualidad\/20221023219603\/maria-del-monte-boda-inmaculada-casal\/\" data-mrf-recirculation=\"article-body-link\" rel=\"nofollow noopener\" target=\"_blank\">octubre de 2022 con una boda celebrada en Sevilla \u2013civil, aunque fuera oficiada por el sacerdote Ignacio Jim\u00e9nez S\u00e1nchez-Dalp<\/a>\u2013. Adem\u00e1s, la cantante nos explico la peculiar forma con<strong>\u00a0la que su pareja y ella viven las Navidades en su casa.<\/strong><\/p>\n<p> \u00a0<img src=\"https:\/\/www.europesays.com\/es\/wp-content\/uploads\/2025\/12\/68316a31980e-dlu570807037.jpg\"   width=\"1080\" height=\"1800\" loading=\"lazy\" decoding=\"async\" alt=\"Plano entero de Mar\u00eda del Monte con Inmaculada Casal en unos premios en Sevilla\" fetchpriority=\"auto\" class=\"image ho-image\"\/>\u00a9 GTRES<\/p>\n<p class=\"question-s1\" id=\"ekOsWpP9oaT\" data-wc=\"9\"><strong>Mar\u00eda, siem\u200bpre has llevado tu relaci\u00f3n con mucha discreci\u00f3n\u2026<\/strong><\/p>\n<p class=\"answer-s1\" id=\"eGvVRTjDW6M\" data-wc=\"6\"><strong>MAR\u00cdA:<\/strong> [Interrumpe] Y la sigo llevando.<\/p>\n<p class=\"question-s1\" id=\"e9oxTt4R6cO\" data-wc=\"12\"><strong>Pero da la sensaci\u00f3n de que est\u00e1s m\u00e1s relajada en este aspecto. \u00a0<\/strong><\/p>\n<p class=\"answer-s1\" id=\"eNV6ZtbRBiR\" data-wc=\"17\"><strong>MAR\u00cdA:\u00a0<\/strong>Yo<strong>\u00a0siempre he vivido relajada.\u00a0<\/strong>Si no, no hay quien viva sin relax durante 25 a\u00f1os.<\/p>\n<p class=\"answer-s1\" id=\"e5_rjrcFZFk\" data-wc=\"11\"><strong>INMACULADA:<\/strong> Hombre, Hombre, claro que est\u00e1 relajada. <strong>Los a\u00f1os relajan siempre.<\/strong><\/p>\n<p> <strong class=\"fr-embedded\"><img src=\"https:\/\/www.europesays.com\/es\/wp-content\/uploads\/2025\/12\/c647b9d68881-bccb606f6d07-gettyimages-2202488064.jpg\"   width=\"1080\" height=\"1080\" loading=\"lazy\" decoding=\"async\" alt=\"Media Image\" fetchpriority=\"auto\" class=\"image ho-image\"\/>\u00a9 Getty Images<\/strong><\/p>\n<p class=\"question-s1\" id=\"eIS_B8ZL7Ri\" data-wc=\"19\"><strong>Aunque Mar\u00eda siempre ha dicho que nunca se ha ocultado, hace a\u00f1os era impensable que posarais en un photocall.<\/strong><\/p>\n<p class=\"answer-s1\" id=\"eVhniDsHa56\" data-wc=\"47\"><strong>MAR\u00cdA<\/strong>: Es que no es verdad.<a class=\"hm-link ho-link\" href=\"https:\/\/www.hola.com\/actualidad\/20251007860195\/maria-del-monte-fiscalia-30-anos-carcel-sobrino-antonio-tejado\/\" data-mrf-recirculation=\"article-body-link\" rel=\"nofollow noopener\" target=\"_blank\">\u00a0Cuando han pasado desgracias en la familia o el mismo d\u00eda que di el preg\u00f3n en el orgullo gay.<\/a> aparecieron <strong>fotos de las dos\u2026 Hay miles de fotos de las dos.<\/strong> Y es porque hab\u00edamos ido juntas a los sitios, obvio.<\/p>\n<p class=\"question-s1\" id=\"ekfcgdZPkDt\" data-wc=\"17\"><strong>Creo que ha sido positivo que dieras un paso al frente. Especialmente, porque las mujeres necesitaban referentes.<\/strong><\/p>\n<p class=\"answer-s1\" id=\"etFe_Bq2JDZd\" data-wc=\"48\"><strong>MAR\u00cdA:<\/strong> Eso no lo entiendo\u2026 Pero, es verdad que, <strong>en mi vida hubo un antes y un despu\u00e9s, despu\u00e9s de dar el preg\u00f3n del orgullo<\/strong>. Ah\u00ed, tom\u00e9 conciencia de que hab\u00eda muchas personas que lo pasaban muy mal y que yo era una privilegiada. Entonces, me toc\u00f3 echar\u2026<\/p>\n<p> \u00a0<img src=\"https:\/\/www.europesays.com\/es\/wp-content\/uploads\/2025\/12\/ece8f27bc51e-dlu564796092.jpg\"   width=\"1920\" height=\"1080\" loading=\"lazy\" decoding=\"async\" alt=\"Mar\u00eda del Monte\" fetchpriority=\"auto\" class=\"image ho-image\"\/>\u00a9 GTRES<\/p>\n<p class=\"question-s1\" id=\"eKfkOhVNNGqu\" data-wc=\"13\"><strong>Probablemente, ahora sea mucho m\u00e1s f\u00e1cil hacer algo as\u00ed que en tu \u00e9poca.<\/strong><\/p>\n<p class=\"answer-s1\" id=\"ej8tgGDiM43U\" data-wc=\"40\"><strong>MAR\u00cdA:<\/strong> Pero es que <strong>yo hago ahora lo mismo que hace 25 a\u00f1os.<\/strong> No hago nada m\u00e1s extraordinario. Mi vida sigue siendo la misma. Pero, <strong>si he conseguido cambiar un poquito la vida de alguien<\/strong>, me dio por por satisfecha.<\/p>\n<p class=\"question-s1\" id=\"ege0T2K3i6Zo\" data-wc=\"7\"><strong>\u00bfSe te ha acercado gente para dec\u00edrtelo?<\/strong><\/p>\n<p class=\"answer-s1\" id=\"ekHFGNY95F44\" data-wc=\"17\"><strong>MAR\u00cdA:<\/strong> S\u00ed, <strong>un chico que me emociono much\u00edsimo.<\/strong> S\u00f3lo por eso, ya mereci\u00f3 la pena el preg\u00f3n.<\/p>\n<p class=\"question-s1\" id=\"eDw-ZUtKSwCm\" data-wc=\"9\"><strong>Os casasteis hace tres a\u00f1os. \u00bfHa cambiado vuestra vida?<\/strong><\/p>\n<p class=\"answer-s1\" id=\"eF_InEwckUZY\" data-wc=\"8\"><strong>MAR\u00cdA:\u00a0<\/strong>Para nada. Seguimos haciendo exactamente lo mismo.<\/p>\n<p class=\"answer-s1\" id=\"egsLt8dOp9YF\" data-wc=\"11\"><strong>INMACULADA:\u00a0<\/strong>Bueno, es verdad que un<strong>\u00a0matrimonio siempre ayuda a asentarse.<\/strong><\/p>\n<p class=\"question-s1\" id=\"esMDuCczmaGA\" data-wc=\"5\"><strong>Mar\u00eda, \u00bfqu\u00e9 destacas de Inmaculada?<\/strong><\/p>\n<p class=\"answer-s1\" id=\"epauLFFyz4r_\" data-wc=\"15\"><strong>MAR\u00cdA:<\/strong> Es una persona con muchas cualidades. Siempre est\u00e1 ah\u00ed y es una gran persona.<\/p>\n<p> <img src=\"https:\/\/www.europesays.com\/es\/wp-content\/uploads\/2025\/12\/12753d0bc68c-u589481032.jpg\"   width=\"1080\" height=\"1080\" loading=\"lazy\" decoding=\"async\" alt=\"Media Image\" fetchpriority=\"auto\" class=\"image ho-image\"\/>\u00a9 GTRES<\/p>\n<p class=\"question-s1\" id=\"em-MWpcgu__A\" data-wc=\"5\"><strong>Inmaculada, \u00bfy t\u00fa de Mar\u00eda?<\/strong><\/p>\n<p class=\"answer-s1\" id=\"ejuQO6gguGpQ\" data-wc=\"7\"><strong>INMACULADA:<\/strong> Su personalidad. Es muy buena persona.\u00a0<\/p>\n<p class=\"question-s1\" id=\"eEdKKBuiQTzC\" data-wc=\"10\"><strong>No es f\u00e1cil estar siempre al lado de un artista<\/strong><\/p>\n<p class=\"answer-s1\" id=\"emcu7PUA2frp\" data-wc=\"16\"><strong>MAR\u00cdA:\u00a0<\/strong>Ni de una artista ni de un electricista ni nada. Es f\u00e1cil estar mucho tiempo.<\/p>\n<p class=\"question-s1\" id=\"eU1YCwhk947k\" data-wc=\"17\"><strong>Pero, Mar\u00eda, t\u00fa tienes tus giras, tus viajes por promoci\u00f3n, tus d\u00edas enteros metida en un estudio\u2026 <\/strong><\/p>\n<p class=\"answer-s1\" id=\"eAyK_PprCZuN\" data-wc=\"17\"><strong>MAR\u00cdA:<\/strong> Pero ella viene conmigo a muchos sitios. Y ha venido siempre. No es complicado, de verdad.<\/p>\n<p> <img src=\"https:\/\/www.europesays.com\/es\/wp-content\/uploads\/2025\/12\/8ef59ced987d-u595764174.jpg\"   width=\"1080\" height=\"1800\" loading=\"lazy\" decoding=\"async\" alt=\"Media Image\" fetchpriority=\"auto\" class=\"image ho-image\"\/>\u00a9 GTRES<\/p>\n<p class=\"question-s1\" id=\"eJQxN-105GjS\" data-wc=\"11\"><strong>Estando ya casi en Navidades, toca preguntar: \u00bfte gustan estas fiestas?<\/strong><\/p>\n<p class=\"answer-s1\" id=\"eDIvNcR59M56\" data-wc=\"21\"><strong>MAR\u00cdA:<\/strong> A ver, <strong>nos gustan siendo conscientes de que han cambiado muchas cosas.<\/strong> Pero a nosotros, sino a todo el mundo.<\/p>\n<p class=\"question-s1\" id=\"eaa56F0uy4d8\" data-wc=\"5\"><strong>Te refieres a las ausencias.<\/strong><\/p>\n<p class=\"answer-s1\" id=\"egKme0f3VVCR\" data-wc=\"35\"><strong>MAR\u00cdA:<\/strong> Claro. <strong>Las Navidades seguir\u00e1n siendo Navidades<\/strong>, pero de una manera distinta. <a class=\"hm-link ho-link\" href=\"https:\/\/www.hola.com\/actualidad\/20250909854713\/maria-del-monte-declaraciones-tras-peticion-carcel-sobrino-antonio-tejado\/\" data-mrf-recirculation=\"article-body-link\" rel=\"nofollow noopener\" target=\"_blank\">Y lo que hay es que aceptar y asumir que hay otra manera de vivirla lo mejor que se pueda mientras tengamos salud.<\/a><\/p>\n<p class=\"question-s1\" id=\"enkMHvf09YMe\" data-wc=\"9\"><strong>\u00bfYa ten\u00e9is planeado qu\u00e9 vais a hacer este a\u00f1o? <\/strong><\/p>\n<p class=\"answer-s1\" id=\"eHYot_OCKIgm\" data-wc=\"18\"><strong>MAR\u00cdA:<\/strong> Nosotras no somos de muchos planes, pero<strong>\u00a0los planes son esos que hace y despu\u00e9s se deshacen.<\/strong><\/p>\n<p class=\"question-s1\" id=\"evm4VLp3No2U\" data-wc=\"10\"><strong>\u00bfPues alguna tradici\u00f3n que te gusta seguir en estas fiestas?<\/strong><\/p>\n<p class=\"answer-s1\" id=\"eOCjXZbjQXim\" data-wc=\"23\"><strong>MAR\u00cdA:<\/strong> A parte de reunir a los amigos en casa, <strong>sigo montando una estaci\u00f3n de esqu\u00ed en casa,<\/strong> que la monto yo sola.<\/p>\n<p>  <img src=\"https:\/\/www.europesays.com\/es\/wp-content\/uploads\/2025\/12\/787b1398b082-captura-de-pantalla-2025-12-04-a-las-153133.jpg\"   width=\"1080\" height=\"1800\" loading=\"lazy\" decoding=\"async\" alt=\"Media Image\" fetchpriority=\"auto\" class=\"image ho-image\"\/>\u00a9 Cortes\u00eda de Mar\u00eda del Monte<\/p>\n<p>  <img src=\"https:\/\/www.europesays.com\/es\/wp-content\/uploads\/2025\/12\/897095e8c076-captura-de-pantalla-2025-12-04-a-las-153228-1.jpg\"   width=\"1080\" height=\"1800\" loading=\"lazy\" decoding=\"async\" alt=\"Media Image\" fetchpriority=\"auto\" class=\"image ho-image\"\/>\u00a9 Cortes\u00eda de Mar\u00eda del Monte<\/p>\n<p class=\"question-s1\" id=\"eXAR7f_coM9R\" data-wc=\"1\"><strong>\u00bfC\u00f3mo?<\/strong><\/p>\n<p class=\"answer-s1\" id=\"egIgzQK8oyJ1\" data-wc=\"19\"><strong>MAR\u00cdA:\u00a0<\/strong>S\u00ed, s\u00ed. Lo que oyes. <strong>Es una estaci\u00f3n de esqu\u00ed en miniatura,<\/strong> pero una parafernalia tremenda, de metros.\u00a0<\/p>\n<p class=\"question-s1\" id=\"e74flbBA0sPf\" data-wc=\"2\"><strong>\u00bfY eso?<\/strong><\/p>\n<p class=\"answer-s1\" id=\"e8yJ9Mvgjgxz\" data-wc=\"37\"><strong>MAR\u00cdA:<\/strong> Porque me encanta.<strong>\u00a0 Soy poquito kitsch para la Navidad.\u00a0<\/strong>Pongo un \u00e1rbol gigante y el misterio porque soy cat\u00f3lica, pero \u00a0despu\u00e9s, en vez del portal de Bel\u00e9n y esas cosa, pongo una estaci\u00f3n de esqu\u00ed maravillosa.<\/p>\n<p> <img src=\"https:\/\/www.europesays.com\/es\/wp-content\/uploads\/2025\/12\/ee9c89916980-captura-de-pantalla-2025-12-04-a-las-152847-1.jpg\"   width=\"1080\" height=\"1080\" loading=\"lazy\" decoding=\"async\" alt=\"Media Image\" fetchpriority=\"auto\" class=\"image ho-image\"\/>\u00a9 Cortes\u00eda de Mar\u00eda del Monte<\/p>\n<p class=\"question-s1\" id=\"eTB6n0ayKL5x\" data-wc=\"8\"><strong>\u00bfQu\u00e9 balance haces de este a\u00f1o que termina?<\/strong><\/p>\n<p class=\"answer-s1\" id=\"eTN9X4PIdKBi\" data-wc=\"19\"><strong>MAR\u00cdA:\u00a0<\/strong>Bueno, pues a por otro.<strong>\u00a0Lo bueno de un a\u00f1o es que te permita terminarlo y comenzar otro.<\/strong><\/p>\n<p class=\"question-s1\" id=\"eASbwhvV7neK\" data-wc=\"10\"><strong>\u00bfDeseos para el 2026? \u00bfQu\u00e9 proyectos tienes a la vista?<\/strong><\/p>\n<p class=\"answer-s1\" id=\"euIU3mZA1XZS\" data-wc=\"11\"><strong>MAR\u00cdA:<\/strong> <strong>No soy muy de contar los proyectos,<\/strong> pero alguno hay.<\/p>\n<p class=\"question-s1\" id=\"eYNor-fdrX7v\" data-wc=\"6\"><strong>\u00bfAlg\u00fan disco, que ya va tocando?<\/strong><\/p>\n<p class=\"answer-s1\" id=\"eolfzW56Knx6\" data-wc=\"30\"><strong>MAR\u00cdA:\u00a0<\/strong>Algo hay, pero ya veremos. Poquito a poco, poquito a poco. <strong>Yo no soy de exigirme ni de marcarme metas,\u00a0<\/strong>porque, si despu\u00e9s no las alcanzas, te quedas mal.<\/p>\n<p class=\"question-s1\" id=\"eBRr1fvH_Sm-\" data-wc=\"20\"><strong>Por \u00faltimo, \u00bfc\u00f3mo te encuentras con todo el problema \u2013del robo en su casa\u2013 que ha habido con tu sobrino? <\/strong><\/p>\n<p class=\"answer-s1\" id=\"eOeKvgMauNz6\" data-wc=\"11\"><strong>MAR\u00cdA:<\/strong> De eso, no voy a hablar nada. Es una norma.<\/p>\n","protected":false},"excerpt":{"rendered":"No suele prodigarse mucho por saraos junto a su mujer. Y menos en Madrid. Pero Mar\u00eda del Monte&hellip;\n","protected":false},"author":2,"featured_media":274792,"comment_status":"","ping_status":"","sticky":false,"template":"","format":"standard","meta":{"footnotes":""},"categories":[174],"tags":[517,255,3899,146,147,25,24,256,35395,23],"class_list":{"0":"post-274791","1":"post","2":"type-post","3":"status-publish","4":"format-standard","5":"has-post-thumbnail","7":"category-famosos","8":"tag-actualidad","9":"tag-celebrities","10":"tag-contenido-sensible","11":"tag-entertainment","12":"tag-entretenimiento","13":"tag-es","14":"tag-espana","15":"tag-famosos","16":"tag-maria-del-monte","17":"tag-spain"},"share_on_mastodon":{"url":"https:\/\/pubeurope.com\/@es\/115674589046679455","error":""},"_links":{"self":[{"href":"https:\/\/www.europesays.com\/es\/wp-json\/wp\/v2\/posts\/274791","targetHints":{"allow":["GET"]}}],"collection":[{"href":"https:\/\/www.europesays.com\/es\/wp-json\/wp\/v2\/posts"}],"about":[{"href":"https:\/\/www.europesays.com\/es\/wp-json\/wp\/v2\/types\/post"}],"author":[{"embeddable":true,"href":"https:\/\/www.europesays.com\/es\/wp-json\/wp\/v2\/users\/2"}],"replies":[{"embeddable":true,"href":"https:\/\/www.europesays.com\/es\/wp-json\/wp\/v2\/comments?post=274791"}],"version-history":[{"count":0,"href":"https:\/\/www.europesays.com\/es\/wp-json\/wp\/v2\/posts\/274791\/revisions"}],"wp:featuredmedia":[{"embeddable":true,"href":"https:\/\/www.europesays.com\/es\/wp-json\/wp\/v2\/media\/274792"}],"wp:attachment":[{"href":"https:\/\/www.europesays.com\/es\/wp-json\/wp\/v2\/media?parent=274791"}],"wp:term":[{"taxonomy":"category","embeddable":true,"href":"https:\/\/www.europesays.com\/es\/wp-json\/wp\/v2\/categories?post=274791"},{"taxonomy":"post_tag","embeddable":true,"href":"https:\/\/www.europesays.com\/es\/wp-json\/wp\/v2\/tags?post=274791"}],"curies":[{"name":"wp","href":"https:\/\/api.w.org\/{rel}","templated":true}]}}