{"id":274793,"date":"2025-12-06T20:48:09","date_gmt":"2025-12-06T20:48:09","guid":{"rendered":"https:\/\/www.europesays.com\/es\/274793\/"},"modified":"2025-12-06T20:48:09","modified_gmt":"2025-12-06T20:48:09","slug":"manuel-vicent-pinta-con-palabras-el-luminoso-mar-de-sorolla-noticias-de-cataluna","status":"publish","type":"post","link":"https:\/\/www.europesays.com\/es\/274793\/","title":{"rendered":"Manuel Vicent pinta con palabras el luminoso mar de Sorolla | Noticias de Catalu\u00f1a"},"content":{"rendered":"<p class=\"\">En una Espa\u00f1a gris de posguerra, el mar, esa l\u00ednea azul que se funde con el horizonte, significaba para <a href=\"https:\/\/elpais.com\/cultura\/2024-10-12\/sorolla-la-luz-como-placer.html\" target=\"_blank\" rel=\"nofollow noopener\" title=\"https:\/\/elpais.com\/cultura\/2024-10-12\/sorolla-la-luz-como-placer.html\">Manuel Vicent la libertad.<\/a> As\u00ed lo recuerda \u00e9l mismo en el v\u00eddeo de la exposici\u00f3n que acaba de inaugurar el Palau Martorell en Barcelona, con 86 obras de <a href=\"https:\/\/elpais.com\/noticias\/joaquin-sorolla\/\" target=\"_blank\" rel=\"nofollow noopener\" title=\"https:\/\/elpais.com\/noticias\/joaquin-sorolla\/\">Joaqu\u00edn Sorolla<\/a>, que en esta ocasi\u00f3n se pueden leer a trav\u00e9s de las palabras que ha pintado el escritor valenciano, un hombre tambi\u00e9n vinculado desde su nacimiento al Mediterr\u00e1neo. Quiz\u00e1 por ello, el escritor afirma que el mar le evoca no solo la libertad, sino incluso la inmortalidad. Si las obras de por s\u00ed ya son luminosas, salpicadas por estos textos ofrecen una profunda y aut\u00e9ntica nueva mirada. En el mar de Sorolla con Manuel Vicent se podr\u00e1 visitar hasta el 6 de abril. <\/p>\n<p>M\u00e1s informaci\u00f3n<\/p>\n<p class=\"\">La muestra, que tambi\u00e9n incluye muchas fotograf\u00edas donde se ve al pintor en su arenal de trabajo, e incluso a los ni\u00f1os, mujeres y hombres que retrat\u00f3, sobre todo en la playa del Cabanyal, pero tambi\u00e9n en X\u00e0bia y D\u00e9nia, es una colaboraci\u00f3n entre el Museo Sorolla y la Fundaci\u00f3n Museo Sorolla, que <a href=\"https:\/\/elpais.com\/espana\/comunidad-valenciana\/2025-10-03\/60-obras-maestras-de-sorolla-recalan-en-la-fundacion-bancaja-de-valencia.html\" target=\"_blank\" rel=\"nofollow noopener\" title=\"https:\/\/elpais.com\/espana\/comunidad-valenciana\/2025-10-03\/60-obras-maestras-de-sorolla-recalan-en-la-fundacion-bancaja-de-valencia.html\">se estren\u00f3 en Valencia en octubre de 2024.<\/a> El invitado es el escritor, que realiza un comisariado literario en torno a la obra del maestro de la luz. El resultado es un recorrido po\u00e9tico y visual donde las pinturas iluminan la mirada y las palabras alumbran la emoci\u00f3n. Curioso que coincida con la exposici\u00f3n dedicada a <a href=\"https:\/\/elpais.com\/espana\/catalunya\/2025-12-04\/el-cccb-rompe-los-cliches-de-sensiblera-y-cursi-atribuidos-a-merce-rodoreda.html\" target=\"_blank\" rel=\"nofollow noopener\" title=\"https:\/\/elpais.com\/espana\/catalunya\/2025-12-04\/el-cccb-rompe-los-cliches-de-sensiblera-y-cursi-atribuidos-a-merce-rodoreda.html\">Merc\u00e8 Rodoreda en el CCCB<\/a>, donde se hace un ejercicio parecido con el proceso contrario. Las obras pl\u00e1sticas y audiovisuales acompa\u00f1an los textos de la autora de Mirall trencat. <\/p>\n<p class=\"\">Volviendo al Palau Martorell, el visitante puede hacerse una idea m\u00e1s cercana de c\u00f3mo vio y vivi\u00f3 Sorolla (1863-1923) el mar, que al fin y al cabo no es muy diferente de la experiencia de Vicent (La Vilavella, Castell\u00f3, 1936), quien llega a decir que cuando vio una de sus primeras obras marinas tuvo la sensaci\u00f3n de haberlas visto antes. Sencillamente, reflejaban con la misma fuerza cegadora sus d\u00edas en el mar: \u201cYo ya me lo sab\u00eda, porque saber solo es recordar. La luz de Sorolla estaba vagando como una idea sint\u00e9tica por las esferas desde que el tiempo fue creado. El pintor no hizo otra cosa que recordarla\u201d. <\/p>\n<p class=\"\">En el mar de Sorolla est\u00e1n todos los que bajaban o viv\u00edan en la playa, pero su obra es mucho m\u00e1s amplia, pint\u00f3 m\u00e1s de dos mil cuadros. Se encuentran los ni\u00f1os desnudos jugando en la arena, como el famoso El balandrito (1909), donde un chiquillo juega con un barquito en la orilla. \u201cTambi\u00e9n yo fui uno de aquellos ni\u00f1os que navegaba en un barco de papel\u2026 A lo largo de mi vida no ha habido un barco m\u00e1s seguro, m\u00e1s resistente a la hora de enfrentarme a las m\u00e1s azarosas traves\u00edas\u201d, recuerda el escritor en un cartel situado al lado de esta obra.<\/p>\n<p class=\"\">Tambi\u00e9n estaba la burgues\u00eda, como la misma familia de Sorolla. Se puede ver un <a href=\"https:\/\/elpais.com\/espana\/madrid\/2024-08-08\/no-hay-verano-sin-sorolla-no-hay-sorolla-sin-clotilde.html\" target=\"_blank\" rel=\"nofollow noopener\" title=\"https:\/\/elpais.com\/espana\/madrid\/2024-08-08\/no-hay-verano-sin-sorolla-no-hay-sorolla-sin-clotilde.html\">retrato de su mujer<\/a>, Clotilde en la playa (1904), con vestido largo blanco, sentada en el remolino del mar con una umbrela cubri\u00e9ndose del sol, as\u00ed como a sus hijos, Mar\u00eda, Joaqu\u00edn y Elena, que retrat\u00f3 muchas veces, jugando o paseando en la arena; o su suegro, Antonio Garc\u00eda, con un veraniego traje blanco, reposando en un balanc\u00edn con el sol en el rostro mirando al Mediterr\u00e1neo. <\/p>\n<p class=\"\">Vicent recuerda que a principios del siglo XX los poblados mar\u00edtimos estaban unidos a las colonias veraniegas de burgueses, y Sorolla pint\u00f3 mirando hacia los dos mundos, que conviv\u00edan durante unos meses al a\u00f1o. <a href=\"https:\/\/elpais.com\/cultura\/2023-09-18\/sorolla-y-estados-unidos-un-largo-y-duradero-idilio.html\" target=\"_blank\" rel=\"nofollow noopener\" title=\"https:\/\/elpais.com\/cultura\/2023-09-18\/sorolla-y-estados-unidos-un-largo-y-duradero-idilio.html\">Sus modelos <\/a>sal\u00edan de las casas de estilo colonial y tambi\u00e9n de las m\u00edseras barracas, como puede comprobarse en las pinturas de pescadores lanz\u00e1ndose al mar, bueyes arrastrando las barcas, mujeres esperando el regreso con la pesca o en la mirada de un chaval del Caba\u00f1al. <\/p>\n<p class=\"\">La exposici\u00f3n ofrece algunos de sus cuadros m\u00e1s ic\u00f3nicos, que resonar\u00e1n en la mirada de muchos, como el ya mencionado El balandrito, La hora del ba\u00f1o, Valencia, La llegada de las barcas o Pescadora con su hijo. Pero tambi\u00e9n descubre estampas menos conocidas, como Esperando la pesca, Astillero, Playa de Valencia o A la sombra de la barca, que revelan esta mirada m\u00e1s amplia sobre la experiencia del mar, que no es igual para todos, ni a principios del siglo XX, cuando fueron pintados la mayor\u00eda, ni actualmente, cuando el Mediterr\u00e1neo nos devuelve la mejor y la peor cara del ser humano. <\/p>\n","protected":false},"excerpt":{"rendered":"En una Espa\u00f1a gris de posguerra, el mar, esa l\u00ednea azul que se funde con el horizonte, significaba&hellip;\n","protected":false},"author":2,"featured_media":274794,"comment_status":"","ping_status":"","sticky":false,"template":"","format":"standard","meta":{"footnotes":""},"categories":[173],"tags":[229,233,231,230,210,1980,30922,232,234,146,147,25,1598,3055,24,241,236,50183,67112,8987,237,503,9550,23,235],"class_list":{"0":"post-274793","1":"post","2":"type-post","3":"status-publish","4":"format-standard","5":"has-post-thumbnail","7":"category-arte-y-diseno","8":"tag-arte","9":"tag-arte-y-diseno","10":"tag-arts","11":"tag-arts-and-design","12":"tag-barcelona","13":"tag-cataluna","14":"tag-denia","15":"tag-design","16":"tag-diseno","17":"tag-entertainment","18":"tag-entretenimiento","19":"tag-es","20":"tag-escritores","21":"tag-escritura","22":"tag-espana","23":"tag-exposiciones","24":"tag-joaquin-sorolla","25":"tag-litoral","26":"tag-manuel-vicent","27":"tag-mar-mediterraneo","28":"tag-pintores","29":"tag-pintura","30":"tag-playas","31":"tag-spain","32":"tag-valencia"},"share_on_mastodon":{"url":"https:\/\/pubeurope.com\/@es\/115674592284819591","error":""},"_links":{"self":[{"href":"https:\/\/www.europesays.com\/es\/wp-json\/wp\/v2\/posts\/274793","targetHints":{"allow":["GET"]}}],"collection":[{"href":"https:\/\/www.europesays.com\/es\/wp-json\/wp\/v2\/posts"}],"about":[{"href":"https:\/\/www.europesays.com\/es\/wp-json\/wp\/v2\/types\/post"}],"author":[{"embeddable":true,"href":"https:\/\/www.europesays.com\/es\/wp-json\/wp\/v2\/users\/2"}],"replies":[{"embeddable":true,"href":"https:\/\/www.europesays.com\/es\/wp-json\/wp\/v2\/comments?post=274793"}],"version-history":[{"count":0,"href":"https:\/\/www.europesays.com\/es\/wp-json\/wp\/v2\/posts\/274793\/revisions"}],"wp:featuredmedia":[{"embeddable":true,"href":"https:\/\/www.europesays.com\/es\/wp-json\/wp\/v2\/media\/274794"}],"wp:attachment":[{"href":"https:\/\/www.europesays.com\/es\/wp-json\/wp\/v2\/media?parent=274793"}],"wp:term":[{"taxonomy":"category","embeddable":true,"href":"https:\/\/www.europesays.com\/es\/wp-json\/wp\/v2\/categories?post=274793"},{"taxonomy":"post_tag","embeddable":true,"href":"https:\/\/www.europesays.com\/es\/wp-json\/wp\/v2\/tags?post=274793"}],"curies":[{"name":"wp","href":"https:\/\/api.w.org\/{rel}","templated":true}]}}