{"id":274799,"date":"2025-12-06T20:52:20","date_gmt":"2025-12-06T20:52:20","guid":{"rendered":"https:\/\/www.europesays.com\/es\/274799\/"},"modified":"2025-12-06T20:52:20","modified_gmt":"2025-12-06T20:52:20","slug":"james-cameron-desde-que-salio-avatar-a-ahora-el-mundo-solo-ha-ido-a-peor-el-mundo","status":"publish","type":"post","link":"https:\/\/www.europesays.com\/es\/274799\/","title":{"rendered":"James Cameron: &quot;Desde que sali\u00f3 Avatar a ahora el mundo solo ha ido a peor&quot; &#8211; El Mundo"},"content":{"rendered":"<ol>\n<li><a href=\"https:\/\/news.google.com\/rss\/articles\/CBMiggFBVV95cUxNUHRPY0FwbkRYbFpvUjdyV3Z4cW5Fdm9hdkhkUTlQVHFVaXQ3Z0Q0emlnQzRMVUM3Sjg1eE1jLThjbThQVUVlT1A1MjdvWGRaMFJiMTVUTlNvVUdaZlpkbHc0OWNxcUpSWHhMUFlSdk5PWWFjRGFEYkU0QnNRU05CMTln0gGCAUFVX3lxTE5aUzB1N0FtU2paR0hrOVowdDJ4cXF3R1JuUkJmZUx5VGNGa3dZUG1PUU9WYnlqRDA4VDlHY1dWYUtpSFJRYXVsQWZPc1JDWG1IRmY4ZmNFM19mQmVKVGxVMWJJOHFBQkZSZ0dWSmRibU1nS1ZEVFpnSk8xTlFkem5Denc?oc=5\" target=\"_blank\" rel=\"nofollow noopener\">James Cameron: \u00abDesde que sali\u00f3 Avatar a ahora el mundo solo ha ido a peor\u00bb<\/a>&nbsp;&nbsp;El Mundo<\/li>\n<li><a href=\"https:\/\/news.google.com\/rss\/articles\/CBMiogFBVV95cUxQUWs2bVczWGVsNGJlS3JzanVrM1dlTFJZR0Z0S3RVTVJVMlRyWWJqblVHOG1Ycnd0Qk5qcGpaVEtEZnI5eDhCVHdfX1hIYkxmNkZzQndoZldBcUZHNWFZdE1DWk44S2xCdGEtNFVTZmtheXQyS3VGMS03a2FDbTdpd05JYXJmWjVHSVZ1WkVydnR3ZTVyVnB1Q0kxU3hjMEttNXc?oc=5\" target=\"_blank\" rel=\"nofollow noopener\">Francia recibe al elenco de &#8216;Avatar: Fuego y Ceniza&#8217; en la alfombra roja<\/a>&nbsp;&nbsp;ABC<\/li>\n<li><a href=\"https:\/\/news.google.com\/rss\/articles\/CBMi0AFBVV95cUxOZnJIb09EOS13bnZFdjZMcEhmUlpCMXA5d3N0UFc3emRhbkYyYUYzeXA4QkxvdjdnYUFGWjFydU9aX0JIb19uTmJXUzBtUU1vRFAwUm9IOVZpZzZVMVJ5OE43aWNROHB0Y2lKS01yX2tYdWxyUmdUZjUzVWRDTWlXVGNuRWQ0aExOYnl5R0NRMnFpdzA3V25iOTNHeDNtTUxyY0V6c2RweWJRMTE1dUNyS0pfMHJOTWhHeTdGR0tMZmhCNXJSUnRUYlJlZVFPcHY20gHWAUFVX3lxTE9sXzR0ZDNEVHdhRzNKNXRkN0pTSmtlcnRhY2duSnhpc1VYNHQ0a0lLam1MeFprTDRabGIyYlRLUkRidlFzTHpnekZIdm9vMjdHZ016dmxVSWptemF5ZDZpUlNsaEJhd3lwWlNaZDJ2NUNjcVJXRmx2VlQwVTd1UU1jalVLZGdGWktMYVVIYzFFUWlhWXk2LVI3dUxKaXBlQ2VOZmRUQ0dlcFFnUHNtSGtpRWdVZVRuMjFCSXU5QXl2eDRTVHBVRzhwMEpESjR1aTFpdlpJaHc?oc=5\" target=\"_blank\" rel=\"nofollow noopener\">En 15 d\u00edas se estrena la pel\u00edcula de ciencia ficci\u00f3n m\u00e1s importante de los \u00faltimos a\u00f1os. El gran colof\u00f3n&#8230;<\/a>&nbsp;&nbsp;Espinof<\/li>\n<li><a href=\"https:\/\/news.google.com\/rss\/articles\/CBMiwAFBVV95cUxPQTJ6eTVtbGRsQjNXUl9leG5HYWpicjNNN2F1X3B3VjFleUZyLU9senRlM1paYlVQeUYtYTROVm82M3p6ejh2RXloM2RkbU1iZV9NemVXZnVTTlhJVXVUWWpVMWRnaldQSko2ZzlPbEt4cHFFZ25MQkNqVzdFS0kzQk9rSWRyVC1JWFdnX2pQdlh4d09zdHJHY3kyMUlQc1hLYXFVUGU5S3FZM0E4LThEd3B6dXlYc0l4R0VjbDgxTGU?oc=5\" target=\"_blank\" rel=\"nofollow noopener\">James Cameron, el \u2018rey del mundo\u2019 del cine regresa: \u201c\u2018Avatar\u2019 habla de los refugiados, de los migrantes\u00bb<\/a>&nbsp;&nbsp;elDiario.es<\/li>\n<li><a href=\"https:\/\/news.google.com\/rss\/articles\/CBMiyAFBVV95cUxQdzhaOG1EOWxlSVE1bjlEUEhERFlhQ29TdXBqdU5uN0RzMlEwdVdTSmpuYXV4dFhfOVBPdmlDMVdXMWJpcmFqZnNFblhVTFpuWjRTVzA2a2tUbFFDczlLUDJmYzlXalI4Smp2amJsbWxKd3BidnJES3ZSRFNPY0k0UDR5TWxEWGt0dmp0aS00cVZSV2lzR1ZFV1d0dzBfaFBnNm5BMXdaNjY1MGc1azYweklKNDU3dVlqTFNablo1a1Y0Ql9oMVZWUtIBzgFBVV95cUxNTWE3bHhJLXBSdnVKV2o1ekk5MDBKdUlYLWhEaWJIcnBiZGw1cnAwYlh5NnRGbjBjVHFqZm5uNzNRbnZDSTAxX2gtRW5HcDc1RFZrTEoyN1lQdEp5R3A3eDJJNEhxc1V6ZDZoRGxvN2Y3SXRvQ0NEcVREcEctZzFQd3JPUnRuaGFXUF9xM21OR0lDT3R4MWR4Z0syZFlyMHdPVTJkeWVIdEx3d1FaZHZvRV9JNk14NEY4bk5EQXpqQ085SkZzNmxjM3FoMllKdw?oc=5\" target=\"_blank\" rel=\"nofollow noopener\">Lo que la ficci\u00f3n Avatar 3 habla de la realidad: destrucci\u00f3n del medio ambiente y guerras<\/a>&nbsp;&nbsp;20Minutos<\/li>\n<\/ol>\n","protected":false},"excerpt":{"rendered":"James Cameron: \u00abDesde que sali\u00f3 Avatar a ahora el mundo solo ha ido a peor\u00bb&nbsp;&nbsp;El Mundo Francia recibe&hellip;\n","protected":false},"author":2,"featured_media":274800,"comment_status":"","ping_status":"","sticky":false,"template":"","format":"standard","meta":{"footnotes":""},"categories":[169],"tags":[177,209,4176,146,147,25,24,176,136,175,753,23,120],"class_list":{"0":"post-274799","1":"post","2":"type-post","3":"status-publish","4":"format-standard","5":"has-post-thumbnail","7":"category-cine","8":"tag-cine","9":"tag-cultura","10":"tag-cultura-cine","11":"tag-entertainment","12":"tag-entretenimiento","13":"tag-es","14":"tag-espana","15":"tag-film","16":"tag-inteligencia-artificial","17":"tag-movies","18":"tag-peliculas","19":"tag-spain","20":"tag-tecnologia"},"share_on_mastodon":{"url":"https:\/\/pubeurope.com\/@es\/115674607969249359","error":""},"_links":{"self":[{"href":"https:\/\/www.europesays.com\/es\/wp-json\/wp\/v2\/posts\/274799","targetHints":{"allow":["GET"]}}],"collection":[{"href":"https:\/\/www.europesays.com\/es\/wp-json\/wp\/v2\/posts"}],"about":[{"href":"https:\/\/www.europesays.com\/es\/wp-json\/wp\/v2\/types\/post"}],"author":[{"embeddable":true,"href":"https:\/\/www.europesays.com\/es\/wp-json\/wp\/v2\/users\/2"}],"replies":[{"embeddable":true,"href":"https:\/\/www.europesays.com\/es\/wp-json\/wp\/v2\/comments?post=274799"}],"version-history":[{"count":0,"href":"https:\/\/www.europesays.com\/es\/wp-json\/wp\/v2\/posts\/274799\/revisions"}],"wp:featuredmedia":[{"embeddable":true,"href":"https:\/\/www.europesays.com\/es\/wp-json\/wp\/v2\/media\/274800"}],"wp:attachment":[{"href":"https:\/\/www.europesays.com\/es\/wp-json\/wp\/v2\/media?parent=274799"}],"wp:term":[{"taxonomy":"category","embeddable":true,"href":"https:\/\/www.europesays.com\/es\/wp-json\/wp\/v2\/categories?post=274799"},{"taxonomy":"post_tag","embeddable":true,"href":"https:\/\/www.europesays.com\/es\/wp-json\/wp\/v2\/tags?post=274799"}],"curies":[{"name":"wp","href":"https:\/\/api.w.org\/{rel}","templated":true}]}}