{"id":274806,"date":"2025-12-06T20:57:23","date_gmt":"2025-12-06T20:57:23","guid":{"rendered":"https:\/\/www.europesays.com\/es\/274806\/"},"modified":"2025-12-06T20:57:23","modified_gmt":"2025-12-06T20:57:23","slug":"abre-mercadona-el-6-de-diciembre-consulta-los-horarios-de-las-tiendas-el-dia-de-la-constitucion","status":"publish","type":"post","link":"https:\/\/www.europesays.com\/es\/274806\/","title":{"rendered":"\u00bfAbre Mercadona el 6 de diciembre? Consulta los horarios de las tiendas el D\u00eda de la Constituci\u00f3n"},"content":{"rendered":"<p>El s\u00e1bado 6 de diciembre se celebra el<b> D\u00eda de la Constituci\u00f3n en Espa\u00f1a<\/b>, un d\u00eda declarado festivo nacional y, por lo tanto, no laborable. Esta fecha pretende conmemorar el 6 de diciembre de 1978, cuando los espa\u00f1oles votaron en refer\u00e9ndum favorable la actual y vigente Constituci\u00f3n espa\u00f1ola.<\/p>\n<p>Este a\u00f1o, aunque cae en S\u00e1bado, se considera d\u00eda festivo, y <b>miles de negocios cerrar\u00e1n sus puertas<\/b> y no volver\u00e1n a abrirlas hasta el lunes 9 de diciembre. Este d\u00eda no laborable provoca que la gente se pregunte si los supermercados estar\u00e1n abiertos, ya que de lo contrario, deber\u00e1n hacer compra para tres d\u00edas consecutivos.<\/p>\n<p>Uno de los supermercados m\u00e1s famosos y visitados del pa\u00eds es Mercadona, que cada a\u00f1o recibe millones de clientes. Por lo general, los d\u00edas festivos sus tiendas suelen cerrar sus puertas y ofrecer un d\u00eda de descanso a sus trabajadores, pero en el caso del d\u00eda de Todos los Santos, <b>la empresa de Juan Roig ha hecho una excepci\u00f3n.<\/b><\/p>\n<p>Horario de Mercadona el s\u00e1bado 6<\/p>\n<p>El D\u00eda de la Constituci\u00f3n, s\u00e1bado 6 de diciembre, <b>Mercadona mantendr\u00e1 sus puertas abiertas<\/b> en el horario habitual, de 09:00 a 21:30 horas, a excepci\u00f3n del Pa\u00eds Vasco. En cambio, en comunidades como La Rioja, Arag\u00f3n y Navarra, las tiendas solamente abrir\u00e1n hasta las 15:00 horas.<\/p>\n<p>Es importante recalcar que Mercadona no abre los domingos y que, el lunes 8 de diciembre, tampoco abrir\u00e1 sus puertas, por lo que, <b>el s\u00e1bado ser\u00e1 la \u00faltima oportunidad<\/b> de ir al Mercadona hasta el pr\u00f3ximo martes d\u00eda 9 de diciembre.<\/p>\n<p>WhatsApp<a href=\"https:\/\/api.whatsapp.com\/send?text=https:\/\/www.eleconomista.es\/actualidad\/noticias\/13679676\/12\/25\/abre-mercadona-el-6-de-diciembre-consulta-los-horarios-de-las-tiendas-el-dia-de-la-constitucion.html?utm_source%3Dwhatsapp%26utm_medium%3Dshare_button&amp;id=1648118629957_whatsapp\" target=\"_blank\" data-action=\"share\/whatsapp\/share\" aria-label=\"Compartir en Whatsapp\" rel=\"nofollow noopener\"><\/a>Facebook<a id=\"fb-share\" href=\"#\" target=\"_blank\" rel=\"noopener noreferrer\" aria-label=\"Compartir en Facebook\"><\/a>Twitter<a href=\"https:\/\/twitter.com\/share?text=%C2%BFAbre+Mercadona+el+6+de+diciembre%3F+Consulta+los+horarios+de+las+tiendas+el+D%C3%ADa+de+la+Constituci%C3%B3n&amp;url=https:\/\/www.eleconomista.es\/actualidad\/noticias\/13679676\/12\/25\/abre-mercadona-el-6-de-diciembre-consulta-los-horarios-de-las-tiendas-el-dia-de-la-constitucion.html&amp;via=elEconomistaes&amp;id=1648118839245_twitter\" target=\"_blank\" aria-label=\"Compartir en Twitter\" rel=\"nofollow noopener\"><\/a>Linkedin<a href=\"https:\/\/linkedin.com\/share?text=https:\/\/www.eleconomista.es\/actualidad\/noticias\/13679676\/12\/25\/abre-mercadona-el-6-de-diciembre-consulta-los-horarios-de-las-tiendas-el-dia-de-la-constitucion.html&amp;via=elEconomistaes\" target=\"_blank\" aria-label=\"Compartir en linkedin\" rel=\"nofollow noopener\"><\/a>Beloud<a href=\"https:\/\/beloud.com\/share?text=%C2%BFAbre+Mercadona+el+6+de+diciembre%3F+Consulta+los+horarios+de+las+tiendas+el+D%C3%ADa+de+la+Constituci%C3%B3n&amp;url=https:\/\/www.eleconomista.es\/actualidad\/noticias\/13679676\/12\/25\/abre-mercadona-el-6-de-diciembre-consulta-los-horarios-de-las-tiendas-el-dia-de-la-constitucion.html&amp;via=elEconomistaes&amp;id=1648118839245_beloud\" target=\"_blank\" aria-label=\"Compartir en beloud\" rel=\"nofollow noopener\"><\/a>Bluesky<a href=\"https:\/\/bsky.app\/intent\/compose?text=https:\/\/bsky.app\/intent\/compose?text=https:\/\/www.eleconomista.es\/actualidad\/noticias\/13679676\/12\/25\/abre-mercadona-el-6-de-diciembre-consulta-los-horarios-de-las-tiendas-el-dia-de-la-constitucion.html&amp;url=https:\/\/www.eleconomista.es\/actualidad\/noticias\/13679676\/12\/25\/abre-mercadona-el-6-de-diciembre-consulta-los-horarios-de-las-tiendas-el-dia-de-la-constitucion.html&amp;via=elEconomistaes&amp;id=1648118839245_bluesky\" target=\"_blank\" aria-label=\"Compartir en bluesky\" rel=\"nofollow noopener\"><\/a><\/p>\n<p><script async src=\"https:\/\/platform.twitter.com\/widgets.js\" charset=\"utf-8\"><\/script><\/p>\n","protected":false},"excerpt":{"rendered":"El s\u00e1bado 6 de diciembre se celebra el D\u00eda de la Constituci\u00f3n en Espa\u00f1a, un d\u00eda declarado festivo&hellip;\n","protected":false},"author":2,"featured_media":274807,"comment_status":"","ping_status":"","sticky":false,"template":"","format":"standard","meta":{"footnotes":""},"categories":[80],"tags":[517,82,95,94,25,24,23],"class_list":{"0":"post-274806","1":"post","2":"type-post","3":"status-publish","4":"format-standard","5":"has-post-thumbnail","7":"category-economia","8":"tag-actualidad","9":"tag-business","10":"tag-economia","11":"tag-economy","12":"tag-es","13":"tag-espana","14":"tag-spain"},"share_on_mastodon":{"url":"https:\/\/pubeurope.com\/@es\/115674627698528079","error":""},"_links":{"self":[{"href":"https:\/\/www.europesays.com\/es\/wp-json\/wp\/v2\/posts\/274806","targetHints":{"allow":["GET"]}}],"collection":[{"href":"https:\/\/www.europesays.com\/es\/wp-json\/wp\/v2\/posts"}],"about":[{"href":"https:\/\/www.europesays.com\/es\/wp-json\/wp\/v2\/types\/post"}],"author":[{"embeddable":true,"href":"https:\/\/www.europesays.com\/es\/wp-json\/wp\/v2\/users\/2"}],"replies":[{"embeddable":true,"href":"https:\/\/www.europesays.com\/es\/wp-json\/wp\/v2\/comments?post=274806"}],"version-history":[{"count":0,"href":"https:\/\/www.europesays.com\/es\/wp-json\/wp\/v2\/posts\/274806\/revisions"}],"wp:featuredmedia":[{"embeddable":true,"href":"https:\/\/www.europesays.com\/es\/wp-json\/wp\/v2\/media\/274807"}],"wp:attachment":[{"href":"https:\/\/www.europesays.com\/es\/wp-json\/wp\/v2\/media?parent=274806"}],"wp:term":[{"taxonomy":"category","embeddable":true,"href":"https:\/\/www.europesays.com\/es\/wp-json\/wp\/v2\/categories?post=274806"},{"taxonomy":"post_tag","embeddable":true,"href":"https:\/\/www.europesays.com\/es\/wp-json\/wp\/v2\/tags?post=274806"}],"curies":[{"name":"wp","href":"https:\/\/api.w.org\/{rel}","templated":true}]}}