{"id":274808,"date":"2025-12-06T20:59:15","date_gmt":"2025-12-06T20:59:15","guid":{"rendered":"https:\/\/www.europesays.com\/es\/274808\/"},"modified":"2025-12-06T20:59:15","modified_gmt":"2025-12-06T20:59:15","slug":"la-diaspora-venezolana-celebra-el-nobel-de-la-paz-a-maria-corina-machado-con-una-marcha-global","status":"publish","type":"post","link":"https:\/\/www.europesays.com\/es\/274808\/","title":{"rendered":"La di\u00e1spora venezolana celebra el Nobel de la Paz a Mar\u00eda Corina Machado con una marcha global"},"content":{"rendered":"<p style=\"\">Lina es venezolana y tiene 67 a\u00f1os. De ellos, los \u00faltimos 18 a\u00f1os ha vivido en Espa\u00f1a. Confiesa que dej\u00f3 su pa\u00eds \u00abpor motivos pol\u00edticos\u00bb. Ge\u00f3loga de profesi\u00f3n, fue despedida junto a otras 21.000 personas en 2003, durante el Gobierno de Hugo Ch\u00e1vez. El  &#8230; motivo: \u00abProtestar\u00bb, explica a ABC, mientras espera que arranque, en Madrid, la <a href=\"https:\/\/www.abc.es\/internacional\/venezolanos-marcharan-sabado-paises-nobel-paz-venezuela-20251204210647-nt.html\" target=\"_self\" data-voc-vtm-id=\"in-text-traffic\" title=\"Marcha por la Paz y la Libertad,\" data-mrf-link=\"www.abc.es\" rel=\"nofollow noopener\">Marcha por la Paz y la Libertad,<\/a> convocada por el partido Vente Venezuela, que lidera la opositora <strong>Mar\u00eda Corina Machado<\/strong>.<\/p>\n<p class=\"voc-p\" style=\"\">La cita es global. La organizaci\u00f3n ha logrado que participen en ella 130 ciudades de m\u00e1s de 31 pa\u00edses, explica Jos\u00e9 Antonio Vega, uno de los coordinadores del Comando Vzla Espa\u00f1a. Se esperaba gran afluencia. \u00abMayor que la de las anteriores convocatorias\u00bb, asegura Gabriela Olavarr\u00eda, otra coordinadora, que reconoce que la gente \u00abtiene miedo a salir por sus familias\u00bb que siguen en Venezuela. Miedo a la represi\u00f3n del r\u00e9gimen que ha metido en prisi\u00f3n a un millar de personas por disentir.<\/p>\n<p class=\"voc-p\" style=\"\">Este s\u00e1bado se conoc\u00eda precisamente la muerte del exgobernador del estado de Nueva Esparta <strong>Alfredo D\u00edaz <\/strong>durante una \u00abinjusta condena\u00bb en la c\u00e1rcel de El Helicoide de Caracas, seg\u00fan comunic\u00f3 la Plataforma Unitaria Democr\u00e1tica, en su cuenta de la red social X. D\u00edaz, de 55 a\u00f1os, muri\u00f3 tras un a\u00f1o encarcelado y en situaci\u00f3n de aislamiento, apuntaba el director de la ONG Foro Penal, Alfredo Romero, tambi\u00e9n en X.<\/p>\n<p class=\"voc-p\" style=\"\">\u00abPero estamos tan cerca de alcanzar la libertad que la gente ha vencido el miedo\u00bb, indica Gabriela, que define esta marcha como un \u00abs\u00edmbolo de paz y de esperanza para los venezolanos. No es una celebraci\u00f3n, sino el reconocimiento a 27 a\u00f1os de lucha\u00bb, los que lleva el chavismo en el poder. Una lucha \u00abno solo liderada por Mar\u00eda Corina Machado\u00bb, aunque reconoce que el <strong>Nobel de la Paz<\/strong> avala el trabajo de la l\u00edder opositora. Otro disidente hist\u00f3rico, <strong>Leopoldo L\u00f3pez<\/strong>, encabezaba la marcha por las calles de Madrid.<\/p>\n<p class=\"voc-p\" style=\"\">Sobre el anuncio este mismo s\u00e1bado por parte del Instituto Nobel de que <a href=\"https:\/\/www.abc.es\/internacional\/instituto-nobel-noruego-asegura-maria-corina-machado-20251206143109-nt.html\" target=\"_self\" data-voc-vtm-id=\"in-text-traffic\" title=\"Machado viajar\u00e1 a recoger el galard\u00f3n\" data-mrf-link=\"www.abc.es\" rel=\"nofollow noopener\">Machado viajar\u00e1 a recoger el galard\u00f3n<\/a>, una inc\u00f3gnita que ha sobrevolado desde la concesi\u00f3n del premio, Gabriela se muestra cauta: \u00abNosotros no tenemos constancia. Es un tema de seguridad, que es lo prioritario\u00bb. Vega, por su parte, maneja esa informaci\u00f3n con \u00abprudencia y responsabilidad. Los detalles se dar\u00e1n en su momento\u00bb, afirma.<\/p>\n<p class=\"voc-p\" style=\"\">Lina, sin embargo, no puede ocultar su \u00abemoci\u00f3n\u00bb ante la posibilidad de que Machado vaya a Oslo. Sobre la justicia del galard\u00f3n, no tiene dudas: \u00abGracias a su liderazgo empez\u00f3 a conocerse nuestra causa \u2013destaca\u2013. Le ha dado visibilidad. Ella ha aglutinado nuestras esperanzas\u00bb.<\/p>\n<p><img decoding=\"async\" loading=\"lazy\" src=\"https:\/\/www.europesays.com\/es\/wp-content\/uploads\/2025\/12\/manifestacion-venezuela3-k22E--758x470@diario_abc.jpg\" class=\"voc-d-c-combo-3__img\" width=\"758\" height=\"470\" alt=\"Imagen principal - El opositor Leopoldo L\u00f3pez encabeza la marcha en Madrid, donde estuvo muy presente la imagen de Mar\u00eda Corina Machado y abundaban los carteles contra el dictador chavista \"\/><\/p>\n<p><img decoding=\"async\" loading=\"lazy\" src=\"https:\/\/www.europesays.com\/es\/wp-content\/uploads\/2025\/12\/manifestacion-venezuela6-k22E--464x329@diario_abc.jpg\" class=\"voc-d-c-combo-3__img\" width=\"464\" height=\"329\" alt=\"Imagen secundaria 1 - El opositor Leopoldo L\u00f3pez encabeza la marcha en Madrid, donde estuvo muy presente la imagen de Mar\u00eda Corina Machado y abundaban los carteles contra el dictador chavista \"\/><\/p>\n<p><img decoding=\"async\" loading=\"lazy\" src=\"https:\/\/www.europesays.com\/es\/wp-content\/uploads\/2025\/12\/manifestacion-venezuela1-k22E--278x329@diario_abc.jpg\" class=\"voc-d-c-combo-3__img\" width=\"278\" height=\"329\" alt=\"Imagen secundaria 2 - El opositor Leopoldo L\u00f3pez encabeza la marcha en Madrid, donde estuvo muy presente la imagen de Mar\u00eda Corina Machado y abundaban los carteles contra el dictador chavista \"\/><\/p>\n<p>Con Machado y contra Maduro<br \/>\nEl opositor Leopoldo L\u00f3pez encabeza la marcha en Madrid, donde estuvo muy presente la imagen de Mar\u00eda Corina Machado y abundaban los carteles contra el dictador chavista<br \/>\nTania Sieira<\/p>\n<p class=\"voc-p\" style=\"\">A su lado est\u00e1 su marido, Bruno, de 67 a\u00f1os, despedido en la misma purga que ella. Preguntando sobre la posibilidad de que Machado, si sale, pueda regresar a Venezuela, asegura que \u00absi no pudiera yo no la juzgar\u00eda. Ha gastado mucho tiempo de su vida, su mensaje seguir\u00e1 vigente\u00bb. \u00abElla nos ha hecho entender todo el peligro que se corre\u00bb, apostilla Lina, que tambi\u00e9n ha vivido \u00aben carne propia\u00bb la represi\u00f3n. \u00abTengo un primo militar detenido desde hace un a\u00f1o; y con mi familia de all\u00ed hablo con c\u00f3digos porque revisan los m\u00f3viles\u00bb, explica. Palabras como \u00abTrump\u00bb o \u00abinvasi\u00f3n\u00bb pueden llevar a la c\u00e1rcel.<\/p>\n<p class=\"voc-title\">\u00abGracias a su liderazgo empez\u00f3 a conocerse nuestra causa. Le ha dado visibilidad. Ella ha aglutinado nuestras esperanzas\u00bb<\/p>\n<p class=\"voc-p\" style=\"\">En otro lugar de la marcha, dos mujeres, las dos se llaman Carolina, no se muestran de acuerdo sobre s\u00ed Mar\u00eda Corina Machado ya est\u00e1 fuera o no de Venezuela. Una de ellas, de 55 a\u00f1os, lleva casi 25 a\u00f1os en nuestro pa\u00eds. \u00abGan\u00f3 Ch\u00e1vez, ahorr\u00e9 y me vine. No le ve\u00eda buen fondo\u00bb. Ser hija de espa\u00f1oles le facilit\u00f3 la salida. Como muchos, considera que el Nobel de la Paz no es de una persona, \u00absino de todos los venezolanos que est\u00e1n en esta lucha\u00bb.<\/p>\n<p class=\"voc-p\" style=\"\">Mientas hablamos, una persona de la organizaci\u00f3n reparte carteles con esl\u00f3ganes como \u00abEl Nobel es nuestro\u00bb, \u00abEl Nobel es m\u00edo\u00bb. Entre la marea de banderas venezolanas se ven otros con lemas como \u00abEl Nobel es de los que est\u00e1n injustamente presos\u00bb, \u00abJusta paz\u00bb, \u00abPaz y libertad en Venezuela\u00bb y \u00ab\u00bfMaduro? \u00a1Podrido!\u00bb.<\/p>\n","protected":false},"excerpt":{"rendered":"Lina es venezolana y tiene 67 a\u00f1os. De ellos, los \u00faltimos 18 a\u00f1os ha vivido en Espa\u00f1a. Confiesa&hellip;\n","protected":false},"author":2,"featured_media":274809,"comment_status":"","ping_status":"","sticky":false,"template":"","format":"standard","meta":{"footnotes":""},"categories":[42],"tags":[1575,17,18,35106,9572,13,14,11,61,62,63,64,19,20,11576,1932,9,35262,10,15,16,11506,18648,35024,12,21,22,32591,12856,65,66,67],"class_list":{"0":"post-274808","1":"post","2":"type-post","3":"status-publish","4":"format-standard","5":"has-post-thumbnail","7":"category-internacional","8":"tag-ante","9":"tag-breaking-news","10":"tag-breakingnews","11":"tag-corina","12":"tag-esperanza","13":"tag-featured-news","14":"tag-featurednews","15":"tag-headlines","16":"tag-internacional","17":"tag-international","18":"tag-international-news","19":"tag-internationalnews","20":"tag-latest-news","21":"tag-latestnews","22":"tag-machado","23":"tag-maria","24":"tag-news","25":"tag-nobel","26":"tag-noticias","27":"tag-noticias-destacadas","28":"tag-noticiasdestacadas","29":"tag-paz","30":"tag-prudencia","31":"tag-recoger","32":"tag-titulares","33":"tag-ultimas-noticias","34":"tag-ultimasnoticias","35":"tag-venezolanos","36":"tag-viaje","37":"tag-world","38":"tag-world-news","39":"tag-worldnews"},"share_on_mastodon":{"url":"https:\/\/pubeurope.com\/@es\/115674637735162221","error":""},"_links":{"self":[{"href":"https:\/\/www.europesays.com\/es\/wp-json\/wp\/v2\/posts\/274808","targetHints":{"allow":["GET"]}}],"collection":[{"href":"https:\/\/www.europesays.com\/es\/wp-json\/wp\/v2\/posts"}],"about":[{"href":"https:\/\/www.europesays.com\/es\/wp-json\/wp\/v2\/types\/post"}],"author":[{"embeddable":true,"href":"https:\/\/www.europesays.com\/es\/wp-json\/wp\/v2\/users\/2"}],"replies":[{"embeddable":true,"href":"https:\/\/www.europesays.com\/es\/wp-json\/wp\/v2\/comments?post=274808"}],"version-history":[{"count":0,"href":"https:\/\/www.europesays.com\/es\/wp-json\/wp\/v2\/posts\/274808\/revisions"}],"wp:featuredmedia":[{"embeddable":true,"href":"https:\/\/www.europesays.com\/es\/wp-json\/wp\/v2\/media\/274809"}],"wp:attachment":[{"href":"https:\/\/www.europesays.com\/es\/wp-json\/wp\/v2\/media?parent=274808"}],"wp:term":[{"taxonomy":"category","embeddable":true,"href":"https:\/\/www.europesays.com\/es\/wp-json\/wp\/v2\/categories?post=274808"},{"taxonomy":"post_tag","embeddable":true,"href":"https:\/\/www.europesays.com\/es\/wp-json\/wp\/v2\/tags?post=274808"}],"curies":[{"name":"wp","href":"https:\/\/api.w.org\/{rel}","templated":true}]}}