{"id":274812,"date":"2025-12-06T21:01:48","date_gmt":"2025-12-06T21:01:48","guid":{"rendered":"https:\/\/www.europesays.com\/es\/274812\/"},"modified":"2025-12-06T21:01:48","modified_gmt":"2025-12-06T21:01:48","slug":"lista-del-sevilla-fc-con-8-bajas-para-valencia","status":"publish","type":"post","link":"https:\/\/www.europesays.com\/es\/274812\/","title":{"rendered":"Lista del Sevilla FC con 8 bajas para Valencia"},"content":{"rendered":"<p style=\"\">El <strong>Sevilla FC<\/strong> retoma este domingo la competici\u00f3n liguera. Lo hace en Mestalla ante el <strong>Valencia CF<\/strong> y con <strong>21 jugadores<\/strong> en la convocatoria. Con respecto al \u00faltimo duelo copero del pasado jueves ante el Extremadura, el t\u00e9cnico argentino Mat\u00edas Almeyda <strong>pierde <\/strong> &#8230; <strong>por lesi\u00f3n a Juanlu y Kike Salas<\/strong>. Ambos se unen a <strong>Marcao, Nianzou, Suazo, Vargas, Januzaj<\/strong>. Adem\u00e1s, sale por <strong>sanci\u00f3n Isaac<\/strong>.<\/p>\n<p class=\"voc-p\" style=\"\">En total, Almeyda afronta el trascendente duelo en Mestalla con <strong>8 bajas<\/strong>, la mitad de ellas en la l\u00ednea defensiva, por lo que el entrenador se ve obligado a tirar de nuevo de j\u00f3venes como <strong>Oso, Castr\u00edn o Miguel Sierra<\/strong> para completar la lista.<\/p>\n<p class=\"voc-p\" style=\"\">La <strong>lista completa de expedicionarios a Valencia<\/strong> la conforman: Odysseas, Nyland, Alberto Flores, Carmona, Azpilicueta, Ram\u00f3n, Cardoso, Castr\u00edn, Oso, Gudelj, Manu Bueno, Agoum\u00e9, Mendy, Sow, Jord\u00e1n, Ejuke, Miguel Sierra, Alfon, Peque, Alexis y Akor.<\/p>\n<p class=\"voc-p\" style=\"\">Pese a las bajas, <strong>Almeyda no pone pa\u00f1os calientes<\/strong> y es consciente de la importancia del choque ante un <strong>rival directo<\/strong>: \u00abNecesitamos puntos porque son encuentros bastante directos y estamos en esa batalla con varios equipos en pocos puntos. El campeonato va bastante parejo en ese sentido\u00bb, expres\u00f3 el de Azul en la previa.<\/p>\n","protected":false},"excerpt":{"rendered":"El Sevilla FC retoma este domingo la competici\u00f3n liguera. Lo hace en Mestalla ante el Valencia CF y&hellip;\n","protected":false},"author":2,"featured_media":274813,"comment_status":"","ping_status":"","sticky":false,"template":"","format":"standard","meta":{"footnotes":""},"categories":[5],"tags":[8917,17,18,25,24,13,14,11,19,20,12182,9,10,15,16,1171,23,12,21,22,235],"class_list":{"0":"post-274812","1":"post","2":"type-post","3":"status-publish","4":"format-standard","5":"has-post-thumbnail","7":"category-titulares","8":"tag-bajas","9":"tag-breaking-news","10":"tag-breakingnews","11":"tag-es","12":"tag-espana","13":"tag-featured-news","14":"tag-featurednews","15":"tag-headlines","16":"tag-latest-news","17":"tag-latestnews","18":"tag-lista","19":"tag-news","20":"tag-noticias","21":"tag-noticias-destacadas","22":"tag-noticiasdestacadas","23":"tag-sevilla","24":"tag-spain","25":"tag-titulares","26":"tag-ultimas-noticias","27":"tag-ultimasnoticias","28":"tag-valencia"},"share_on_mastodon":{"url":"https:\/\/pubeurope.com\/@es\/115674647304154546","error":""},"_links":{"self":[{"href":"https:\/\/www.europesays.com\/es\/wp-json\/wp\/v2\/posts\/274812","targetHints":{"allow":["GET"]}}],"collection":[{"href":"https:\/\/www.europesays.com\/es\/wp-json\/wp\/v2\/posts"}],"about":[{"href":"https:\/\/www.europesays.com\/es\/wp-json\/wp\/v2\/types\/post"}],"author":[{"embeddable":true,"href":"https:\/\/www.europesays.com\/es\/wp-json\/wp\/v2\/users\/2"}],"replies":[{"embeddable":true,"href":"https:\/\/www.europesays.com\/es\/wp-json\/wp\/v2\/comments?post=274812"}],"version-history":[{"count":0,"href":"https:\/\/www.europesays.com\/es\/wp-json\/wp\/v2\/posts\/274812\/revisions"}],"wp:featuredmedia":[{"embeddable":true,"href":"https:\/\/www.europesays.com\/es\/wp-json\/wp\/v2\/media\/274813"}],"wp:attachment":[{"href":"https:\/\/www.europesays.com\/es\/wp-json\/wp\/v2\/media?parent=274812"}],"wp:term":[{"taxonomy":"category","embeddable":true,"href":"https:\/\/www.europesays.com\/es\/wp-json\/wp\/v2\/categories?post=274812"},{"taxonomy":"post_tag","embeddable":true,"href":"https:\/\/www.europesays.com\/es\/wp-json\/wp\/v2\/tags?post=274812"}],"curies":[{"name":"wp","href":"https:\/\/api.w.org\/{rel}","templated":true}]}}