{"id":274816,"date":"2025-12-06T21:10:13","date_gmt":"2025-12-06T21:10:13","guid":{"rendered":"https:\/\/www.europesays.com\/es\/274816\/"},"modified":"2025-12-06T21:10:13","modified_gmt":"2025-12-06T21:10:13","slug":"asi-hemos-contado-el-hiopos-lleida-unicaja","status":"publish","type":"post","link":"https:\/\/www.europesays.com\/es\/274816\/","title":{"rendered":"As\u00ed hemos contado el Hiopos Lleida-Unicaja"},"content":{"rendered":"<p>El Hiopos Lleida, una de las revelaciones<\/p>\n<p class=\"v-p \">\nEl Hiopos Lleida, con cuatro victorias y cuatro derrotas, ha sido uno de los conjuntos revelaci\u00f3n de este arranque de temporada. Es cierto que en las \u00faltimas semanas ha perdido algo de fuelle, pero arranc\u00f3 la temporada con un interesante 4-2 que le meti\u00f3 en las quinielas para estar en la Copa, a expensas de c\u00f3mo avanzara todo. Entre tanto, una victoria muy sonada en el Palau ante el Bar\u00e7a, en la segunda jornada. Part\u00edan, a priori, como uno de los m\u00e1s d\u00e9biles de la competici\u00f3n y han demostrado ser un aut\u00e9ntico hueso duro de roer. En sus \u00faltimos envites, eso s\u00ed, no han podido ni con el UCAM Murcia ni con el Baxi Manresa.<\/p>\n","protected":false},"excerpt":{"rendered":"El Hiopos Lleida, una de las revelaciones El Hiopos Lleida, con cuatro victorias y cuatro derrotas, ha sido&hellip;\n","protected":false},"author":2,"featured_media":274817,"comment_status":"","ping_status":"","sticky":false,"template":"","format":"standard","meta":{"footnotes":""},"categories":[269],"tags":[299,298,168,2125,25,24,67113,67114,23,167],"class_list":{"0":"post-274816","1":"post","2":"type-post","3":"status-publish","4":"format-standard","5":"has-post-thumbnail","7":"category-baloncesto","8":"tag-baloncesto","9":"tag-basketball","10":"tag-deportes","11":"tag-directo","12":"tag-es","13":"tag-espana","14":"tag-hiopos","15":"tag-lleidaunicaja","16":"tag-spain","17":"tag-sports"},"share_on_mastodon":{"url":"https:\/\/pubeurope.com\/@es\/115674678950521111","error":""},"_links":{"self":[{"href":"https:\/\/www.europesays.com\/es\/wp-json\/wp\/v2\/posts\/274816","targetHints":{"allow":["GET"]}}],"collection":[{"href":"https:\/\/www.europesays.com\/es\/wp-json\/wp\/v2\/posts"}],"about":[{"href":"https:\/\/www.europesays.com\/es\/wp-json\/wp\/v2\/types\/post"}],"author":[{"embeddable":true,"href":"https:\/\/www.europesays.com\/es\/wp-json\/wp\/v2\/users\/2"}],"replies":[{"embeddable":true,"href":"https:\/\/www.europesays.com\/es\/wp-json\/wp\/v2\/comments?post=274816"}],"version-history":[{"count":0,"href":"https:\/\/www.europesays.com\/es\/wp-json\/wp\/v2\/posts\/274816\/revisions"}],"wp:featuredmedia":[{"embeddable":true,"href":"https:\/\/www.europesays.com\/es\/wp-json\/wp\/v2\/media\/274817"}],"wp:attachment":[{"href":"https:\/\/www.europesays.com\/es\/wp-json\/wp\/v2\/media?parent=274816"}],"wp:term":[{"taxonomy":"category","embeddable":true,"href":"https:\/\/www.europesays.com\/es\/wp-json\/wp\/v2\/categories?post=274816"},{"taxonomy":"post_tag","embeddable":true,"href":"https:\/\/www.europesays.com\/es\/wp-json\/wp\/v2\/tags?post=274816"}],"curies":[{"name":"wp","href":"https:\/\/api.w.org\/{rel}","templated":true}]}}