{"id":274818,"date":"2025-12-06T21:11:09","date_gmt":"2025-12-06T21:11:09","guid":{"rendered":"https:\/\/www.europesays.com\/es\/274818\/"},"modified":"2025-12-06T21:11:09","modified_gmt":"2025-12-06T21:11:09","slug":"morata-se-marcha-lesionado-en-la-goleada-del-inter-al-como","status":"publish","type":"post","link":"https:\/\/www.europesays.com\/es\/274818\/","title":{"rendered":"Morata se marcha lesionado en la goleada del Inter al Como"},"content":{"rendered":"<p data-mrf-recirculation=\"Links P\u00e1rrafos\" class=\"ue-c-article__paragraph paragraph ue-c-article--first-letter-highlighted\">Malas noticias para el Como de F\u00e0bregas. <strong>\u00c1lvaro Morata tuvo que ser sustituido por un problema muscular a la media hora de partido<\/strong> y los de F\u00e0bregas sucumbieron ante un Inter tremendamente superior (4-0), que los gole\u00f3 antes de recibir al Liverpool en la Champions.<\/p>\n<p data-mrf-recirculation=\"Links P\u00e1rrafos\" class=\"ue-c-article__paragraph paragraph\"><strong>Los de Chivu salieron al c\u00e9sped oliendo sangre desde los primeros instantes del encuentro<\/strong>. Lautaro tuvo el 1-0 a los 21 segundos de partido, con un mano a mano con Butez, al que consigui\u00f3 llegar a tiempo Diego Carlos para despejar a c\u00f3rner. Dos minutos m\u00e1s tarde, el argentino filtr\u00f3 un pase para Barella, que tampoco consigui\u00f3 definir en el mano a mano ante guardameta del Como. Sin embargo, con un asedio de tales caracter\u00edsticas, <strong>el gol del Inter era cuesti\u00f3n de tiempo<\/strong>, y al 10&#8242;,\u00a0<strong>Luiz Enrique lider\u00f3 el contragolpe interista y asisti\u00f3 a Lautaro dentro del \u00e1rea, que con disparo ajustado bati\u00f3 a Butez para poner el primero en el marcador. Con este gol, &#8216;El Toro&#8217; se coloca &#8216;capocannoniere&#8217; de la Serie A con 7 goles.<\/strong><\/p>\n<p data-mrf-recirculation=\"Links P\u00e1rrafos\" class=\"ue-c-article__paragraph paragraph\"><strong>A partir de ah\u00ed, los &#8216;neroazzurri&#8217; le bajaron revoluciones al partido<\/strong>. Los de F\u00e0bregas empezaron a asomarse en el campo rival, pero se desesperaron ante la incapacidad de generar peligro al buen bloque del Inter, con un Diego Carlos especialmente nervioso con Lautaro. Para m\u00e1s inri,<strong> Morata tuvo que ser sustituido por molestias musculares a la media hora de partido. Douvikas entr\u00f3 en su lugar.<\/strong><\/p>\n<p data-mrf-recirculation=\"Links P\u00e1rrafos\" class=\"ue-c-article__paragraph paragraph\">Tras el paso por los vestuarios, el Como reajust\u00f3 su planteamiento y le dio batalla al Inter. Los &#8216;lariani&#8217; presionaron con mayor valent\u00eda la salida de bal\u00f3n interista y gozaron de varias oportunidades. De hecho, <strong>en el 52&#8242;, Douvikas fall\u00f3 el gol del empate, con remate en boca de gol que se march\u00f3 por arriba de travesa\u00f1o.<\/strong> Sin embargo, en el mejor momento del Como, <strong>Thuram ampli\u00f3 la ventaja en el 59&#8242; con un remate de cabeza tras un centro de Dimarco desde el c\u00f3rner.<\/strong><\/p>\n<p data-mrf-recirculation=\"Links P\u00e1rrafos\" class=\"ue-c-article__paragraph paragraph\">En el final del partido los de F\u00e0bregas siguieron acechando el \u00e1rea de Sommer, con Jes\u00fas Rodr\u00edguez como mayor argumento ofensivo, pero <strong>los de Chivu muy bien plantados en campo propio, culminaron la victoria con un derechazo de Calhanoglu al \u00e1ngulo y un gol de cabeza de Carlos Augusto en el 87&#8242;.<\/strong> Con este triunfo <strong>el Inter duerme l\u00edder con 30 puntos, a la espera de los partidos de Milan, Napoli y Roma<\/strong>, y recibe al Liverpool con la moral por las nubes.<\/p>\n","protected":false},"excerpt":{"rendered":"Malas noticias para el Como de F\u00e0bregas. \u00c1lvaro Morata tuvo que ser sustituido por un problema muscular a&hellip;\n","protected":false},"author":2,"featured_media":274819,"comment_status":"","ping_status":"","sticky":false,"template":"","format":"standard","meta":{"footnotes":""},"categories":[268],"tags":[168,25,24,280,282,281,23,167],"class_list":{"0":"post-274818","1":"post","2":"type-post","3":"status-publish","4":"format-standard","5":"has-post-thumbnail","7":"category-futbol","8":"tag-deportes","9":"tag-es","10":"tag-espana","11":"tag-football","12":"tag-futbol","13":"tag-soccer","14":"tag-spain","15":"tag-sports"},"share_on_mastodon":{"url":"https:\/\/pubeurope.com\/@es\/115674683051870047","error":""},"_links":{"self":[{"href":"https:\/\/www.europesays.com\/es\/wp-json\/wp\/v2\/posts\/274818","targetHints":{"allow":["GET"]}}],"collection":[{"href":"https:\/\/www.europesays.com\/es\/wp-json\/wp\/v2\/posts"}],"about":[{"href":"https:\/\/www.europesays.com\/es\/wp-json\/wp\/v2\/types\/post"}],"author":[{"embeddable":true,"href":"https:\/\/www.europesays.com\/es\/wp-json\/wp\/v2\/users\/2"}],"replies":[{"embeddable":true,"href":"https:\/\/www.europesays.com\/es\/wp-json\/wp\/v2\/comments?post=274818"}],"version-history":[{"count":0,"href":"https:\/\/www.europesays.com\/es\/wp-json\/wp\/v2\/posts\/274818\/revisions"}],"wp:featuredmedia":[{"embeddable":true,"href":"https:\/\/www.europesays.com\/es\/wp-json\/wp\/v2\/media\/274819"}],"wp:attachment":[{"href":"https:\/\/www.europesays.com\/es\/wp-json\/wp\/v2\/media?parent=274818"}],"wp:term":[{"taxonomy":"category","embeddable":true,"href":"https:\/\/www.europesays.com\/es\/wp-json\/wp\/v2\/categories?post=274818"},{"taxonomy":"post_tag","embeddable":true,"href":"https:\/\/www.europesays.com\/es\/wp-json\/wp\/v2\/tags?post=274818"}],"curies":[{"name":"wp","href":"https:\/\/api.w.org\/{rel}","templated":true}]}}