{"id":274824,"date":"2025-12-06T21:15:14","date_gmt":"2025-12-06T21:15:14","guid":{"rendered":"https:\/\/www.europesays.com\/es\/274824\/"},"modified":"2025-12-06T21:15:14","modified_gmt":"2025-12-06T21:15:14","slug":"la-tdt-se-renovara-en-enero-tras-la-muerte-de-paramount-network-y-el-nacimiento-de-un-nuevo-canal-de-cine-y-series","status":"publish","type":"post","link":"https:\/\/www.europesays.com\/es\/274824\/","title":{"rendered":"La TDT se renovar\u00e1 en enero tras la muerte de Paramount Network y el nacimiento de un nuevo canal de cine y series"},"content":{"rendered":"<p class=\"c-paragraph\">Vivimos inmersos en el mundo de las<b><a href=\"\"> plataformas de streaming<\/a><\/b>, espacios que se antojan un sue\u00f1o para los amantes del cine y las series. Sin embargo, la subida de los precios y la proliferaci\u00f3n de las plataformas, est\u00e1n haciendo mucho da\u00f1o al bolsillo de los espectadores.<\/p>\n<p class=\"c-paragraph\">De hecho, hay consumidores tan obnubilados con este tipo de propuestas que se olvidan de un elemento que sigue vivo en la mayor\u00eda de los hogares: la televisi\u00f3n tradicional. \u00bfSab\u00edas que la <b><a href=\"https:\/\/www.hobbyconsolas.com\/hobbycine\/tdt-muere-un-poco-mas-con-inminente-desaparicion-canal-paramount-network-adios-cine-abierto_6883664_0.html\" title=\"La TDT muere un poco m\u00e1s con la inminente desaparici\u00f3n del canal Paramount Network. \u00bfAdi\u00f3s al cine en abierto?\" rel=\"nofollow noopener\" target=\"_blank\">TDT <\/a><\/b>todav\u00eda no ha dicho su \u00faltima palabra?<\/p>\n<p class=\"c-paragraph\">Justo encima de estas l\u00edneas puedes leer una de nuestras \u00faltimas noticias con respecto al panorama de la televisi\u00f3n en abierto en Espa\u00f1a. Nuestra visi\u00f3n era bastante negativa al respecto, pues te inform\u00e1bamos de la inminente desaparici\u00f3n de <b><a href=\"\">Paramount Network<\/a><\/b>.\u00a0<\/p>\n<p class=\"c-paragraph\">Por si no lo sab\u00edas, se trata de uno de los grandes canales de cine con los que cuenta la TDT, pero lamentablemente cesar\u00e1 las emisiones en cuanto termine este a\u00f1o. Vamos, que cuando termines de comerte las uvas tendremos un fundido en negro&#8230; \u00bfo puede que no?<\/p>\n<p class=\"c-paragraph\">Por fin sabemos qu\u00e9 pasar\u00e1 tras la muerte de Paramount Network en la TDT, y es que&#8230; \u00a1tras el cese de su emisi\u00f3n, tendremos un nuevo canal de cine y series, y todo gracias a<a href=\"https:\/\/computerhoy.20minutos.es\/entretenimiento\/es-oficial-cambio-tdt-espana-2026-dejara-estar-disponible-justo-despues-las-campanadas_6906099_0.html\" rel=\"nofollow noopener\" target=\"_blank\"> <b>Grupo Squirrel<\/b><\/a>! \u00bfTe esperabas algo as\u00ed?<\/p>\n<p class=\"c-paragraph\">Y ojo, que como viene siendo habitual en la TDT, este nuevo canal ser\u00e1 totalmente gratuito. Adem\u00e1s, tambi\u00e9n apuntan a que ofrecer\u00e1n contenidos de ficci\u00f3n de m\u00e1xima calidad, seleccionados con mimo para el espectador.\u00a0\u00a0\u00bfY d\u00f3nde lo podr\u00e1s ver exactamente?<\/p>\n<p class=\"c-paragraph\">Pues no tendr\u00e1s que complicarte la vida, ya que el nuevo canal de Squirrel se estrenar\u00e1 en la misma frecuencia que el de Paramount Network, poco despu\u00e9s de las m\u00edticas campanadas. \u00bfQu\u00e9 te parece el plan?<\/p>\n<p class=\"c-paragraph\">Si no ten\u00edas pensado nada para esta Nochevieja, igual el nuevo canal de Grupo Squirrel te alegra la primera noche de 2026. \u00a1Estaremos atentos a todo el contenido que nos ofrezca y esperemos que merezca la pena!<\/p>\n","protected":false},"excerpt":{"rendered":"Vivimos inmersos en el mundo de las plataformas de streaming, espacios que se antojan un sue\u00f1o para los&hellip;\n","protected":false},"author":2,"featured_media":274825,"comment_status":"","ping_status":"","sticky":false,"template":"","format":"standard","meta":{"footnotes":""},"categories":[171],"tags":[17936,146,147,25,24,31786,7745,23,2458,575,214],"class_list":{"0":"post-274824","1":"post","2":"type-post","3":"status-publish","4":"format-standard","5":"has-post-thumbnail","7":"category-tv","8":"tag-enero","9":"tag-entertainment","10":"tag-entretenimiento","11":"tag-es","12":"tag-espana","13":"tag-renovara","14":"tag-se","15":"tag-spain","16":"tag-tdt","17":"tag-tras","18":"tag-tv"},"share_on_mastodon":{"url":"https:\/\/pubeurope.com\/@es\/115674698524520201","error":""},"_links":{"self":[{"href":"https:\/\/www.europesays.com\/es\/wp-json\/wp\/v2\/posts\/274824","targetHints":{"allow":["GET"]}}],"collection":[{"href":"https:\/\/www.europesays.com\/es\/wp-json\/wp\/v2\/posts"}],"about":[{"href":"https:\/\/www.europesays.com\/es\/wp-json\/wp\/v2\/types\/post"}],"author":[{"embeddable":true,"href":"https:\/\/www.europesays.com\/es\/wp-json\/wp\/v2\/users\/2"}],"replies":[{"embeddable":true,"href":"https:\/\/www.europesays.com\/es\/wp-json\/wp\/v2\/comments?post=274824"}],"version-history":[{"count":0,"href":"https:\/\/www.europesays.com\/es\/wp-json\/wp\/v2\/posts\/274824\/revisions"}],"wp:featuredmedia":[{"embeddable":true,"href":"https:\/\/www.europesays.com\/es\/wp-json\/wp\/v2\/media\/274825"}],"wp:attachment":[{"href":"https:\/\/www.europesays.com\/es\/wp-json\/wp\/v2\/media?parent=274824"}],"wp:term":[{"taxonomy":"category","embeddable":true,"href":"https:\/\/www.europesays.com\/es\/wp-json\/wp\/v2\/categories?post=274824"},{"taxonomy":"post_tag","embeddable":true,"href":"https:\/\/www.europesays.com\/es\/wp-json\/wp\/v2\/tags?post=274824"}],"curies":[{"name":"wp","href":"https:\/\/api.w.org\/{rel}","templated":true}]}}