{"id":274839,"date":"2025-12-06T21:25:27","date_gmt":"2025-12-06T21:25:27","guid":{"rendered":"https:\/\/www.europesays.com\/es\/274839\/"},"modified":"2025-12-06T21:25:27","modified_gmt":"2025-12-06T21:25:27","slug":"solo-acuden-seis-barones-del-pp","status":"publish","type":"post","link":"https:\/\/www.europesays.com\/es\/274839\/","title":{"rendered":"solo acuden seis barones del PP"},"content":{"rendered":"<p><b>M\u00e1s de dos tercios de los presidentes auton\u00f3micos se han ausentado este s\u00e1bado de la recepci\u00f3n del Congreso por el 47\u00ba aniversario de la Constituci\u00f3n<\/b>. En concreto, solo han asistido al acto los presidentes de la Comunidad de Madrid, <b>Isabel D\u00edaz Ayuso<\/b>; Andaluc\u00eda, <b>Juanma Moreno<\/b>; la Regi\u00f3n de Murcia, <b>Fernando L\u00f3pez Miras<\/b>; Arag\u00f3n, <b>Jorge Azc\u00f3n<\/b>; la Comunidad Valenciana, <b>Juanfran P\u00e9rez Llorca<\/b>; y el de la ciudad aut\u00f3noma de Ceuta, <b>Juan Jes\u00fas Vivas<\/b>.<\/p>\n<p>Entre las principales ausencias <b>ha destacado el presidente catal\u00e1n, Salvador Illa, que el a\u00f1o pasado rompi\u00f3 con la tendencia de sus antecesores y s\u00ed acudi\u00f3 al acto<\/b> del Congreso tras 15 a\u00f1os sin representaci\u00f3n institucional catalana.<\/p>\n<p>En esta ocasi\u00f3n, sin embargo, <b>no ha estado presente, ya que tiene una intensa agenda en Catalu\u00f1a para hacer un seguimiento de la situaci\u00f3n de la peste porcina africana en esta regi\u00f3n<\/b>.<\/p>\n<p>No obstante, cabe recordar que <b>Illa inici\u00f3 el viernes pasado una gira por M\u00e9xico y no la suspendi\u00f3 pese a conocerse los primeros casos de peste porcina africana,<\/b> sino que hizo el seguimiento de manera telem\u00e1tica. Algo que fue muy criticado por la oposici\u00f3n, con quien ayer se midi\u00f3 en un cara a cara durante la sesi\u00f3n de control en el Parlament.<\/p>\n<p>El lehendakari, <b>Imanol Pradales, tampoco ha viajado a Madrid<\/b>, como es habitual en los presidentes del Pa\u00eds Vasco y dirigentes del PNV. La presidenta de Extremadura, <b>Mar\u00eda Guardiola, no ha asistido tampoo por motivos de agenda,<\/b> y es que est\u00e1 volcada en su <b>campa\u00f1a de cara a las elecciones auton\u00f3micas del 21 de diciembre<\/b>.<\/p>\n<p>Por su parte, el riojano <b>Gonzalo Capell\u00e1n<\/b> se ha quedado en su regi\u00f3n para <b>inaugurar las Ferias de la Concepci\u00f3n 2025<\/b> en Santo Domingo de la Calzada y visitar la 35\u00aa edici\u00f3n del Mercado del Camino.<\/p>\n<p>En cambio, los presidentes de Baleares, <b>Marga Prohens<\/b>; Cantabria, <b>Mar\u00eda Jos\u00e9 S\u00e1enz de Buruaga<\/b>; Asturias, <b>Adri\u00e1n Barb\u00f3n<\/b>; Castilla-La Mancha; <b>Emiliano Garcia-Page<\/b>; Navarra, <b>Mar\u00eda Chivite<\/b>; Canarias, <b>Fernando Clavijo<\/b>; y Melilla, <b>Juan Jos\u00e9 Imbroda<\/b>; se han ausentado de la cita <b>sin tener compromisos en su agenda p\u00fablica<\/b>.<\/p>\n<p>En lo que respecta a los partidos, <b>Vox, como en a\u00f1os anteriores, no ha participado en este acto en el Congreso<\/b>. La novedad de este a\u00f1o es que <b>no ha acudido ni siquiera al izado de bandera<\/b>, al que s\u00ed sol\u00edan ir. Por su parte, el partido ha justificado su ausencia destacando que <b>no comparte espacio con un Gobierno \u00abinstalado en la corrupci\u00f3n y la ilegitimidad\u00bb<\/b>. <b>ERC, Junts, EH Bildu, PNV y BNG, partidos nacionalistas y socios del Gobierno, tampoco han asistido<\/b>.<\/p>\n","protected":false},"excerpt":{"rendered":"M\u00e1s de dos tercios de los presidentes auton\u00f3micos se han ausentado este s\u00e1bado de la recepci\u00f3n del Congreso&hellip;\n","protected":false},"author":2,"featured_media":274840,"comment_status":"","ping_status":"","sticky":false,"template":"","format":"standard","meta":{"footnotes":""},"categories":[5],"tags":[17,18,25,24,13,14,11,19,20,9,10,15,16,23,12,21,22],"class_list":{"0":"post-274839","1":"post","2":"type-post","3":"status-publish","4":"format-standard","5":"has-post-thumbnail","7":"category-titulares","8":"tag-breaking-news","9":"tag-breakingnews","10":"tag-es","11":"tag-espana","12":"tag-featured-news","13":"tag-featurednews","14":"tag-headlines","15":"tag-latest-news","16":"tag-latestnews","17":"tag-news","18":"tag-noticias","19":"tag-noticias-destacadas","20":"tag-noticiasdestacadas","21":"tag-spain","22":"tag-titulares","23":"tag-ultimas-noticias","24":"tag-ultimasnoticias"},"share_on_mastodon":{"url":"https:\/\/pubeurope.com\/@es\/115674737740555660","error":""},"_links":{"self":[{"href":"https:\/\/www.europesays.com\/es\/wp-json\/wp\/v2\/posts\/274839","targetHints":{"allow":["GET"]}}],"collection":[{"href":"https:\/\/www.europesays.com\/es\/wp-json\/wp\/v2\/posts"}],"about":[{"href":"https:\/\/www.europesays.com\/es\/wp-json\/wp\/v2\/types\/post"}],"author":[{"embeddable":true,"href":"https:\/\/www.europesays.com\/es\/wp-json\/wp\/v2\/users\/2"}],"replies":[{"embeddable":true,"href":"https:\/\/www.europesays.com\/es\/wp-json\/wp\/v2\/comments?post=274839"}],"version-history":[{"count":0,"href":"https:\/\/www.europesays.com\/es\/wp-json\/wp\/v2\/posts\/274839\/revisions"}],"wp:featuredmedia":[{"embeddable":true,"href":"https:\/\/www.europesays.com\/es\/wp-json\/wp\/v2\/media\/274840"}],"wp:attachment":[{"href":"https:\/\/www.europesays.com\/es\/wp-json\/wp\/v2\/media?parent=274839"}],"wp:term":[{"taxonomy":"category","embeddable":true,"href":"https:\/\/www.europesays.com\/es\/wp-json\/wp\/v2\/categories?post=274839"},{"taxonomy":"post_tag","embeddable":true,"href":"https:\/\/www.europesays.com\/es\/wp-json\/wp\/v2\/tags?post=274839"}],"curies":[{"name":"wp","href":"https:\/\/api.w.org\/{rel}","templated":true}]}}