{"id":274845,"date":"2025-12-06T21:34:10","date_gmt":"2025-12-06T21:34:10","guid":{"rendered":"https:\/\/www.europesays.com\/es\/274845\/"},"modified":"2025-12-06T21:34:10","modified_gmt":"2025-12-06T21:34:10","slug":"alarma-en-athletic-laporte-cae-lesionado-y-podria-no-volver-a-jugar-hasta-2026","status":"publish","type":"post","link":"https:\/\/www.europesays.com\/es\/274845\/","title":{"rendered":"Alarma en Athletic: Laporte cae lesionado y podr\u00eda no volver a jugar hasta 2026"},"content":{"rendered":"<p>La noche se torci\u00f3 para el Athletic en el minuto 31. Aymeric Laporte, uno de los pilares defensivos del equipo y uno de los jugadores  &#8230; de mejor rendimiento en los \u00faltimos partidos, se lesion\u00f3 de manera preocupante tras una carrera hacia la l\u00ednea de fondo en un duelo con Nahuel Molina.<\/p>\n<p class=\"v-p\">El central se ech\u00f3 al c\u00e9sped fuera del campo y, de inmediato, se llev\u00f3 la mano a la parte posterior del muslo izquierdo. No hizo falta m\u00e1s: pidi\u00f3 el cambio al instante con su otro brazo. Vivi\u00e1n sali\u00f3 como un resorte del banquillo y ocup\u00f3 a los pocos minutos su lugar. Laporte se fue cojeando por la banda entre los aplausos de los aficionados. <\/p>\n<p class=\"v-p\">A falta de las pruebas m\u00e9dicas, todo apunta a una posible lesi\u00f3n muscular en la zona isquiosural, una dolencia que podr\u00eda apartarlo de la competici\u00f3n durante varias semanas y que deja en el aire su presencia en lo que queda de a\u00f1o. Antes de cerrar 2025 quedan por delante duelos de enorme exigencia: PSG, Celta, la primera ronda de Copa y Espanyol. Para el choque de Champions en Par\u00eds, Laporte es baja segura.<\/p>\n<p class=\"v-p\">La preocupaci\u00f3n en el Athletic es enorme. La zaga queda en una situaci\u00f3n cr\u00edtica: Paredes est\u00e1 sancionado para el partido ante el PSG; Yeray cumple suspensi\u00f3n por dopaje hasta abril; y Egiluz no jugar\u00e1 en toda la temporada debido a una grave lesi\u00f3n. Con Laporte fuera, el equipo s\u00f3lo dispone de dos centrales del primer equipo, lo que obligar\u00e1 a Ernesto Valverde a improvisar el mi\u00e9rcoles en Champions.<\/p>\n<p class=\"v-p\">La opci\u00f3n m\u00e1s probable es que Dani Vivian forme pareja con un futbolista reconvertido, como Yuri Berchiche, o con alg\u00fan central del filial. La lesi\u00f3n de Laporte, m\u00e1s all\u00e1 de lo que significa su baja, abre un grave problema en una defensa ya de por s\u00ed limitada en efectivos.<\/p>\n","protected":false},"excerpt":{"rendered":"La noche se torci\u00f3 para el Athletic en el minuto 31. Aymeric Laporte, uno de los pilares defensivos&hellip;\n","protected":false},"author":2,"featured_media":274846,"comment_status":"","ping_status":"","sticky":false,"template":"","format":"standard","meta":{"footnotes":""},"categories":[268],"tags":[3076,7005,2182,10722,168,25,24,280,282,7532,2179,14498,281,23,167,865],"class_list":{"0":"post-274845","1":"post","2":"type-post","3":"status-publish","4":"format-standard","5":"has-post-thumbnail","7":"category-futbol","8":"tag-3076","9":"tag-alarma","10":"tag-athletic","11":"tag-cae","12":"tag-deportes","13":"tag-es","14":"tag-espana","15":"tag-football","16":"tag-futbol","17":"tag-jugar","18":"tag-laporte","19":"tag-lesionado","20":"tag-soccer","21":"tag-spain","22":"tag-sports","23":"tag-volver"},"share_on_mastodon":{"url":"https:\/\/pubeurope.com\/@es\/115674773381652629","error":""},"_links":{"self":[{"href":"https:\/\/www.europesays.com\/es\/wp-json\/wp\/v2\/posts\/274845","targetHints":{"allow":["GET"]}}],"collection":[{"href":"https:\/\/www.europesays.com\/es\/wp-json\/wp\/v2\/posts"}],"about":[{"href":"https:\/\/www.europesays.com\/es\/wp-json\/wp\/v2\/types\/post"}],"author":[{"embeddable":true,"href":"https:\/\/www.europesays.com\/es\/wp-json\/wp\/v2\/users\/2"}],"replies":[{"embeddable":true,"href":"https:\/\/www.europesays.com\/es\/wp-json\/wp\/v2\/comments?post=274845"}],"version-history":[{"count":0,"href":"https:\/\/www.europesays.com\/es\/wp-json\/wp\/v2\/posts\/274845\/revisions"}],"wp:featuredmedia":[{"embeddable":true,"href":"https:\/\/www.europesays.com\/es\/wp-json\/wp\/v2\/media\/274846"}],"wp:attachment":[{"href":"https:\/\/www.europesays.com\/es\/wp-json\/wp\/v2\/media?parent=274845"}],"wp:term":[{"taxonomy":"category","embeddable":true,"href":"https:\/\/www.europesays.com\/es\/wp-json\/wp\/v2\/categories?post=274845"},{"taxonomy":"post_tag","embeddable":true,"href":"https:\/\/www.europesays.com\/es\/wp-json\/wp\/v2\/tags?post=274845"}],"curies":[{"name":"wp","href":"https:\/\/api.w.org\/{rel}","templated":true}]}}