{"id":274851,"date":"2025-12-06T21:38:15","date_gmt":"2025-12-06T21:38:15","guid":{"rendered":"https:\/\/www.europesays.com\/es\/274851\/"},"modified":"2025-12-06T21:38:15","modified_gmt":"2025-12-06T21:38:15","slug":"que-tipo-de-presion-es-esa","status":"publish","type":"post","link":"https:\/\/www.europesays.com\/es\/274851\/","title":{"rendered":"\u00ab\u00bfQu\u00e9 tipo de presi\u00f3n es esa?\u00bb"},"content":{"rendered":"<p style=\"\">El Festival de <a href=\"https:\/\/www.abc.es\/play\/television\/eurovision\/revolucion-eurovision-israel-ira-certamen-espana-quedaria-20251204182129-nt.html\" title=\"www.abc.es\" data-voc-vtm-id=\"in-text-traffic\" data-mrf-link=\"www.abc.es\" rel=\"nofollow noopener\" target=\"_blank\">Eurovisi\u00f3n <\/a>vuelve a estar en el punto de mira, una vez m\u00e1s. Desde la anterior edici\u00f3n, en la que Melody represent\u00f3 a Espa\u00f1a con su &#8216;Diva&#8217;,<strong> las pol\u00e9micas en torno a la participaci\u00f3n de Israel en el certamen no han dejado <\/strong> &#8230; <strong>de crecer<\/strong>, hasta el punto de que nuestro pa\u00eds, entre otros, amenazaron con no participar en Eurovisi\u00f3n 2026 si Israel segu\u00eda en el festival.<\/p>\n<p class=\"voc-p\" style=\"\">Tras la votaci\u00f3n en la asamblea de la Uni\u00f3n Europea de Radiodifusi\u00f3n (UER), reunida d\u00edas atr\u00e1s en Ginebra, se decidi\u00f3 que el estado israel\u00ed va a continuar siendo uno de los participantes para el a\u00f1o que viene, por lo que<strong> Espa\u00f1a ha decidido cumplir su palabra y retirarse de Eurovisi\u00f3n<\/strong>, siguiendo los pasos de Pa\u00edses Bajos, que hicieron la misma promesa junto a Irlanda y Eslovenia. <\/p>\n<p class=\"voc-p\" style=\"\">\u00abLas sanciones a Israel por sus incumplimientos reiterados en Eurovision se deber\u00edan haber adoptado en el \u00e1mbito ejecutivo y no trasladando el conflicto a la Asamblea. Hoy la UER ser\u00e1 una Uni\u00f3n m\u00e1s<strong> condicionada por los intereses pol\u00edticos y comerciales <\/strong>de un festival que no se han sabido o querido gestionar\u00bb, escrib\u00eda el presidente de RTVE Jos\u00e9 Pablo L\u00f3pez en redes sociales, mostr\u00e1ndose firme ante la decisi\u00f3n de la cadena p\u00fablica. <\/p>\n<p class=\"voc-p\" style=\"\">Adem\u00e1s, <strong>acus\u00f3 a Israel de haber maniobrado \u00aben la sombra durante meses\u00bb la votaci\u00f3n <\/strong>mediante la cual se decidi\u00f3 que el pa\u00eds en guerra con Palestina siguiese participando en el certamen musical europeo. <\/p>\n<p>\nPedro Ruiz, tajante ante la retirada de Espa\u00f1a en Eurovisi\u00f3n 2026 por la participaci\u00f3n de Israel\n<\/p>\n<p class=\"voc-p\" style=\"\">Con este escenario <strong>el debate entre los espa\u00f1oles est\u00e1 servido<\/strong>, ya que hay quienes piensan que la decidisi\u00f3n tomada desde RTVE ha sido acertada para protestar contra los ataques israel\u00eds a palestinos , mientras otros opinan que la medida es desmesurada y mezcla dos mundos que nada tienen que ver. <\/p>\n<p class=\"voc-p\" style=\"\">A esta discusi\u00f3n social se ha unido el comunicador y artista <strong>Pedro Ruiz<\/strong>, quien acostumbra a compartir sus opiniones sobre diversos temas en redes sociales. En este caso no ha dudado en poner tambi\u00e9n sobre la mesa su visi\u00f3n de la retirada de Espa\u00f1a de Eurovisi\u00f3n, con un cr\u00edtico mensaje que<strong> cuestiona la acci\u00f3n por parte de RTVE<\/strong>: <\/p>\n<p class=\"voc-p\" style=\"\">\u00ab\u00bfNo acudir al festival de Eurovisi\u00f3n? <strong>\u00bfQu\u00e9 tipo de presi\u00f3n es esa contra el gobierno israel\u00ed? No veo muy claro el da\u00f1o que la retirada de una canci\u00f3n le pueda hacer a los misiles<\/strong> \u00bfUn gesto?\u00bb, escrib\u00eda Ruiz en su cuenta de X. <\/p>\n<blockquote class=\"twitter-tweet\">\n<p lang=\"es\" dir=\"ltr\">\u00bfNo acudir al festival de Eurovisi\u00f3n? \u00bfQu\u00e9 tipo de presi\u00f3n es esa contra el gobierno israel\u00ed? No veo muy claro el da\u00f1o que la retirada de una canci\u00f3n le pueda hacer a los misiles \u00bfUn gesto?<\/p>\n<p>\u2014 Pedro Ruiz (@ElPedroRuiz) <a href=\"https:\/\/twitter.com\/ElPedroRuiz\/status\/1997295885731180819?ref_src=twsrc%5Etfw\" rel=\"nofollow noopener\" target=\"_blank\">December 6, 2025<\/a><\/p><\/blockquote>\n<p class=\"voc-p\" style=\"\">A juzgar por sus palabras, Pedro Ruiz parece posicionarse <strong>contra la decisi\u00f3n de que Espa\u00f1a no vaya a participar en Eurovisi\u00f3n<\/strong>, cuestionando que la ausencia de nuestro pa\u00eds en el certamen cause alg\u00fan tipo de efecto perjudicial para el gobierno israel\u00ed o de consecuencia ante la guerra con Palestina.<\/p>\n<p>\nRespuestas en contra y a favor del mensaje de Pedro Ruiz\n<\/p>\n<p class=\"voc-p\" style=\"\">En este caso, algunos usuarios de la red social mencionada han contestado a la contra del mensaje de Pedro Ruiz, justificando, seg\u00fan sus opiniones, que<strong> les parece bien el camino tomado por RTVE sobre no participar en Eurovisi\u00f3n.<\/strong> Estas han sido algunas de las respuestas hacia el presentador: <\/p>\n<p class=\"voc-p\" style=\"\">\u00abLo que est\u00e1n evitando es quedar en rid\u00edculo con la tele audiencia espa\u00f1ola otorgando otros 12 points a Israel en un acto de rebeld\u00eda e inteligencia. No hay investigaci\u00f3n ni imputados por el supuesto fraude en el televoto por cierto\u00bb<\/p>\n<p class=\"voc-p\" style=\"\">\u00abEl principal patrocinador de Eurovisi\u00f3n desde 2020 es una empresa israel\u00ed llamada Moroccanoil. Espa\u00f1a es la tercera audiencia m\u00e1s grande de todo el concurso. Eso s\u00ed les hace pupa, aparte de evitar participar en esa operaci\u00f3n de blanqueamiento\u00bb<\/p>\n<p class=\"voc-p\" style=\"\">\u00abEfectivamente es un gesto, y seguiran bombardeado con o sin boicot. Pero los gestos son importantes, y est\u00e1 pantomima es una oportunidad para los pa\u00edses que est\u00e1n en contra de posicionarse. Si la mayor\u00eda lo hicieran,es m\u00e1s efectivo el gesto que muchas resoluciones pol\u00edtica\u00bb.<\/p>\n<p class=\"voc-p\" style=\"\">Otros, por su parte,<strong> parecen pensar de manera similar<\/strong> a la de Pedro Ruiz: <\/p>\n<p class=\"voc-p\" style=\"\">\u00abLa cuesti\u00f3n es qu\u00e9 hubiera ocurrido si el equipo de Israel de f\u00fatbol se hubiera clasificado para el mundial (acontecimiento de mucha m\u00e1s repercusi\u00f3n). \u00bfEl equipo de Espa\u00f1a no habr\u00eda participado? Todos sabemos la respuesta\u00bb<\/p>\n<p class=\"voc-p\" style=\"\">\u00abPedro, este gobierno es indigno, deshonesto, incoherente, demagogo, nos podemos esperar cualquier cosa porque no tienen l\u00edmites, s\u00f3lo quieren el poder\u2026. y el dinero\u00bb.<\/p>\n<p><script async src=\"https:\/\/platform.twitter.com\/widgets.js\" charset=\"utf-8\"><\/script><\/p>\n","protected":false},"excerpt":{"rendered":"El Festival de Eurovisi\u00f3n vuelve a estar en el punto de mira, una vez m\u00e1s. Desde la anterior&hellip;\n","protected":false},"author":2,"featured_media":274852,"comment_status":"","ping_status":"","sticky":false,"template":"","format":"standard","meta":{"footnotes":""},"categories":[171],"tags":[4708,146,147,25,24,24121,74,67122,66175,1822,3073,5106,57,23,6593,214],"class_list":{"0":"post-274851","1":"post","2":"type-post","3":"status-publish","4":"format-standard","5":"has-post-thumbnail","7":"category-tv","8":"tag-corta","9":"tag-entertainment","10":"tag-entretenimiento","11":"tag-es","12":"tag-espana","13":"tag-eurovision","14":"tag-israel","15":"tag-opinar","16":"tag-participe","17":"tag-pedro","18":"tag-presion","19":"tag-ruiz","20":"tag-sobre","21":"tag-spain","22":"tag-tipo","23":"tag-tv"},"share_on_mastodon":{"url":"https:\/\/pubeurope.com\/@es\/115674789061664673","error":""},"_links":{"self":[{"href":"https:\/\/www.europesays.com\/es\/wp-json\/wp\/v2\/posts\/274851","targetHints":{"allow":["GET"]}}],"collection":[{"href":"https:\/\/www.europesays.com\/es\/wp-json\/wp\/v2\/posts"}],"about":[{"href":"https:\/\/www.europesays.com\/es\/wp-json\/wp\/v2\/types\/post"}],"author":[{"embeddable":true,"href":"https:\/\/www.europesays.com\/es\/wp-json\/wp\/v2\/users\/2"}],"replies":[{"embeddable":true,"href":"https:\/\/www.europesays.com\/es\/wp-json\/wp\/v2\/comments?post=274851"}],"version-history":[{"count":0,"href":"https:\/\/www.europesays.com\/es\/wp-json\/wp\/v2\/posts\/274851\/revisions"}],"wp:featuredmedia":[{"embeddable":true,"href":"https:\/\/www.europesays.com\/es\/wp-json\/wp\/v2\/media\/274852"}],"wp:attachment":[{"href":"https:\/\/www.europesays.com\/es\/wp-json\/wp\/v2\/media?parent=274851"}],"wp:term":[{"taxonomy":"category","embeddable":true,"href":"https:\/\/www.europesays.com\/es\/wp-json\/wp\/v2\/categories?post=274851"},{"taxonomy":"post_tag","embeddable":true,"href":"https:\/\/www.europesays.com\/es\/wp-json\/wp\/v2\/tags?post=274851"}],"curies":[{"name":"wp","href":"https:\/\/api.w.org\/{rel}","templated":true}]}}