{"id":274861,"date":"2025-12-06T21:45:10","date_gmt":"2025-12-06T21:45:10","guid":{"rendered":"https:\/\/www.europesays.com\/es\/274861\/"},"modified":"2025-12-06T21:45:10","modified_gmt":"2025-12-06T21:45:10","slug":"la-verdad-del-regreso-al-mercado-de-caputo-argendolares-forzados-con-una-tasa-real-que-supera-el-9-por-cien-la-politica-online","status":"publish","type":"post","link":"https:\/\/www.europesays.com\/es\/274861\/","title":{"rendered":"La verdad del &quot;regreso al mercado&quot; de Caputo: Argend\u00f3lares forzados con una tasa real que supera el 9 por cien &#8211; La Pol\u00edtica Online"},"content":{"rendered":"<ol>\n<li><a href=\"https:\/\/news.google.com\/rss\/articles\/CBMi7gFBVV95cUxNZXlNdlNUcFk1SThCYkNnZTI0NkFJS3doWFV0Zi13RTNRVWwtV2xjNERWYmt3OXBtWTdyd2FFVFNib2M1dEZWYjczemFtdkdwelBRZXFqNXVyYTJaT1lva3pFVWFIMmxPbmIxLWpqVlROUE5DbjVHbXFsUldYMlFEUGFFbEw4bEt0OVNLY3I0TE9nM29uOGVTa0ROcm1veUlVeE4xaFVzbEE0Zml2bVQtTGlqa1o3SG1zRjJZOVhHSDBBSXdtRUR0NkhudkVkUzF4MENCenNQTkhXOHJDWGI5elMwT1ZYLTg5WXI3N2t30gHqAUFVX3lxTFBnUE5XMXh5VE5LNk9ZREFveTBUWDJ4blJCdzBaNjNCYVVsZDFwQmdZZWdEcGNQTkw1SFQ5QlA0elZDOU1vcFlOZnFucUNTVk1kelg2Y0VxQ3VZeVNzb0tyemRtbEg2NTNfV1BPMmhISnZCdTNmNnluWHA1XzF0TkFpbnRxMEFnV1hOMi1HMzNoa2VNemMxeS1CcWZOaFhmYnlsWXFPbVdTdVNDQVZlSnZlQ3NLN0RPMmw2TnVYT09TTC05UmoyRUkzRDA1aEVpMlRrVF9BaVNwQ0tPOE5aRGNMQzJVZFNkNHRnZw?oc=5\" target=\"_blank\" rel=\"nofollow noopener\">La verdad del \u00abregreso al mercado\u00bb de Caputo: Argend\u00f3lares forzados con una tasa real que supera el 9 por cien<\/a>&nbsp;&nbsp;La Pol\u00edtica Online<\/li>\n<li><a href=\"https:\/\/news.google.com\/rss\/articles\/CBMirAFBVV95cUxPZ2JIbkFMUkdNMkZ2RUV1MldSZWtLOHRoSmZLaE9TbDVyTXB6U0F4c2g4dDNjVGZqX0JXcGotcDQ2X01iQmJNQXNkMndoQmM0RmJoUjFDMjNmd2hWUzlON2hrc3VaUFRUdGdONlIwQ0J1M2EyczdFYzVRN2pSeUNSTHdPcTc4VEVsd1kteXdIR2pCaHlfWXozMG9iLWFlVERocUJkR19nWFl1d1N20gGsAUFVX3lxTE1vRjQ1clhMamxLOVZGcDBZWGFINUpsbHlTV0tYS1R5eHhld3g3YWZqSWxuWkQwdU0tcDkzNS1Mc1ZrRFh3TlpXNVZhY0ZtcEhVZFBnTGEzN2RaRmNGMTQ2WXNQTGd4QXFuNXpmZ2dLWmNWQVFYR2JOUW5pQUpxU19IWHpIYzFSYTU5TVBMYkxqdC0wUGFfSWZ1R2Vac3NYRGk1WEZqVWV1MnpJUDA?oc=5\" target=\"_blank\" rel=\"nofollow noopener\">Argentina regresa a los mercados globales a trav\u00e9s de la colocaci\u00f3n de un bono en d\u00f3lares a cuatro a\u00f1os<\/a>&nbsp;&nbsp;RTVE.es<\/li>\n<li><a href=\"https:\/\/news.google.com\/rss\/articles\/CBMinwFBVV95cUxQRl9CMTcyNlpwRV9taGpzM3F4SURrZU1NVlpEc0tfMVNtdUVvcDVuRGhHNTF6WWJCUjQyVlY0TDF6VlVXd051SkhIanBRMmtMTTBYWW1VMW4xTENkUnN6RW5OQ2ZMNlpldGNhTnd3SXh2S21rTjR3VGs1WHQzeEF1QU5UbDlXbi1kWEJHUWkxMnNmOUI3clpiYlNxcThadnM?oc=5\" target=\"_blank\" rel=\"nofollow noopener\">Optimismo de mercado argentino se fortalece tras anuncio de pr\u00f3xima licitaci\u00f3n de deuda en d\u00f3lares<\/a>&nbsp;&nbsp;Yahoo<\/li>\n<li><a href=\"https:\/\/news.google.com\/rss\/articles\/CBMiowFBVV95cUxNZHNVRWFZQzljVDE3REhYVU15d2Z5QUhpejViZDV5VnFuQ2F3S1FDQmZwUlVmX1J3TlFLbGxVdWJnenVhaU5zSUlxdUVIaFloLTZlZk1sdGxxRlo3ZzNSTmR3LUdXMGZveV83bG0xRFg1S2FpNXpOel9xVkp0RWgzejl2U3JXZ3Rqbm1QTGFxNjViUFZPSFg2X1NZbGgwMGttancw0gGoAUFVX3lxTE5ZVTVFYi14VUVKY0s4YVhaRVh5SnlXaWtHRDFyS1JkZGRtVVhVMm4zMkRZSnZWQjJBaGg4by1VQjc2SENQNy1Mc1U2dFRnMkRXZ19rdGV5T2Z4UDJDMkswNEVmY01zNHYyWWhWNFhYN3RwTlNOZmRCTnZyamJFT1BCLUpyYUQ0bTJxamNlU3lhSU1TZU9ld3RoQk9HRG9JMlpHaTBjTjV2dA?oc=5\" target=\"_blank\" rel=\"nofollow noopener\">Argentina regresa a los mercados globales con un bono en d\u00f3lares con un inter\u00e9s del 6,5%<\/a>&nbsp;&nbsp;El Confidencial<\/li>\n<li><a href=\"https:\/\/news.google.com\/rss\/articles\/CBMipwFBVV95cUxPUmhZYzd1SHY3alNOSVVrN0NqRUhCRFo1c043ZXJhOXpzQ0Y0M0MwUkNXdVNma2NnaWdjLXFWMURjY2dqd0g3S3pTS2I5TU9paERpWm5VX2ZrWl81QVUyMXNtWWY2allPWFpkcU04N3B0N2dVOGl1MGdCaGt5NzVBOHhoRXc5QVFvMlJWcmFGN3ZTNzkzaWhWZUV3N0RDazVIeU92TlJtMA?oc=5\" target=\"_blank\" rel=\"nofollow noopener\">Argentina regresa al mercado internacional para tomar deuda<\/a>&nbsp;&nbsp;EL PA\u00cdS<\/li>\n<\/ol>\n","protected":false},"excerpt":{"rendered":"La verdad del \u00abregreso al mercado\u00bb de Caputo: Argend\u00f3lares forzados con una tasa real que supera el 9&hellip;\n","protected":false},"author":2,"featured_media":274862,"comment_status":"","ping_status":"","sticky":false,"template":"","format":"standard","meta":{"footnotes":""},"categories":[80],"tags":[82,95,94,25,24,4245,7820,23],"class_list":{"0":"post-274861","1":"post","2":"type-post","3":"status-publish","4":"format-standard","5":"has-post-thumbnail","7":"category-economia","8":"tag-business","9":"tag-economia","10":"tag-economy","11":"tag-es","12":"tag-espana","13":"tag-javier-milei","14":"tag-luis","15":"tag-spain"},"share_on_mastodon":{"url":"https:\/\/pubeurope.com\/@es\/115674816491792848","error":""},"_links":{"self":[{"href":"https:\/\/www.europesays.com\/es\/wp-json\/wp\/v2\/posts\/274861","targetHints":{"allow":["GET"]}}],"collection":[{"href":"https:\/\/www.europesays.com\/es\/wp-json\/wp\/v2\/posts"}],"about":[{"href":"https:\/\/www.europesays.com\/es\/wp-json\/wp\/v2\/types\/post"}],"author":[{"embeddable":true,"href":"https:\/\/www.europesays.com\/es\/wp-json\/wp\/v2\/users\/2"}],"replies":[{"embeddable":true,"href":"https:\/\/www.europesays.com\/es\/wp-json\/wp\/v2\/comments?post=274861"}],"version-history":[{"count":0,"href":"https:\/\/www.europesays.com\/es\/wp-json\/wp\/v2\/posts\/274861\/revisions"}],"wp:featuredmedia":[{"embeddable":true,"href":"https:\/\/www.europesays.com\/es\/wp-json\/wp\/v2\/media\/274862"}],"wp:attachment":[{"href":"https:\/\/www.europesays.com\/es\/wp-json\/wp\/v2\/media?parent=274861"}],"wp:term":[{"taxonomy":"category","embeddable":true,"href":"https:\/\/www.europesays.com\/es\/wp-json\/wp\/v2\/categories?post=274861"},{"taxonomy":"post_tag","embeddable":true,"href":"https:\/\/www.europesays.com\/es\/wp-json\/wp\/v2\/tags?post=274861"}],"curies":[{"name":"wp","href":"https:\/\/api.w.org\/{rel}","templated":true}]}}