{"id":274865,"date":"2025-12-06T21:47:10","date_gmt":"2025-12-06T21:47:10","guid":{"rendered":"https:\/\/www.europesays.com\/es\/274865\/"},"modified":"2025-12-06T21:47:10","modified_gmt":"2025-12-06T21:47:10","slug":"casi-un-70-de-los-policias-locales-del-dispositivo-de-la-tarde-del-sabado-del-puente-se-ausenta-del-servicio","status":"publish","type":"post","link":"https:\/\/www.europesays.com\/es\/274865\/","title":{"rendered":"Casi un 70% de los polic\u00edas locales del dispositivo de la tarde del s\u00e1bado del puente se ausenta del servicio"},"content":{"rendered":"<p style=\"\">Un total de <strong>86 de los 127 agentes de la Polic\u00eda Local de Sevilla<\/strong> nombrados en el turno de la tarde del s\u00e1bado del puente de la Constituci\u00f3n <strong>se han ausentado del servicio<\/strong>. Una muestra de que el principio de acuerdo alcanzado en  &#8230; la tarde del viernes entre el Ayuntamiento y la Polic\u00eda respecto a los servicios especiales del Plan de Navidad y las horas extraordinarias ligadas a los mismos no est\u00e1n consolidados a\u00fan y resta trabajo por hacer. De hecho, las negociaciones llevadas a cabo el pasado viernes no contemplaban el plan para este puente.<\/p>\n<p class=\"voc-p\" style=\"\">As\u00ed pues, en el turno de tarde del s\u00e1bado, <strong>D\u00eda de la Constituci\u00f3n<\/strong> y con el centro repleto de comidas de Navidad y la celebraci\u00f3n del partido <strong>Betis-Barcelona<\/strong> en el estadio de la Cartuja, han acudido a su puesto de servicio<strong> 39 funcionarios municipales<\/strong>, lo que deriva en un dato de que el<strong> 67 por ciento<\/strong> de los llamados a trabajar en el primer d\u00eda del puente se han ausentado. Fuentes de ABC aseguran que \u00fanicamente han estado disponibles dos coches, ya que otros dos estaban destinados para el mapping del centro, y tres m\u00e1s en el partido de la Cartuja.<\/p>\n<p class=\"voc-p\" style=\"\">Sea como fuere, los<strong> sindicatos han expresado en la ma\u00f1ana de este s\u00e1bado que no existen a\u00fan un acuerdo<\/strong> con el Ayuntamiento, llegando a expresar que no se ha negociado nada a\u00fan. Queda por ver qu\u00e9 har\u00e1n los agentes de la Polic\u00eda Local durante este domingo, una jornada que se enmarca plenamente en el <strong>Plan de Navidad<\/strong>, ya que este s\u00e1bado de la Constituci\u00f3n est\u00e1 incluido en el plan anual que se lleva a cabo a principios de a\u00f1o. De esta forma, los turnos especiales de este fin de semana se unen al anterior fin de semana, marcado por el acto oficial del encendido del alumbrado navide\u00f1o en m\u00e1s de 300 calles y el derbi entre el Sevilla y el Betis, que tambi\u00e9n se vieron ensombrecidos por las ausencias masivas de agentes pese a la obligatoriedad de la asistencia.<\/p>\n<p class=\"voc-p\" style=\"\">En la tarde del viernes se produjeron mensajes de todas las partes reconociendo la \u00abbuena voluntad\u00bb mutua y las declaraciones de los portavoces sindicales se\u00f1alaban que la Polic\u00eda Local \u00abva a estar\u00bb a disposici\u00f3n. Eso s\u00ed, tambi\u00e9n <strong>se espera que dicha soluci\u00f3n se produzca a lo largo de la semana que viene<\/strong>, primero en la asamblea de trabajadores, despu\u00e9s en la mesa de negociaci\u00f3n del Ayuntamiento y finalmente en el pleno municipal, con la aprobaci\u00f3n del Plan de Navidad.<\/p>\n<p class=\"voc-p\" style=\"\">Cabe recordar que la semana ha transcurrido con importantes momentos de tensi\u00f3n, con cruce de comunicados entre sindicatos policiales y Ayuntamiento, y con la protesta de los primeros contra el alcalde y contra ABC por informar del boicot al Plan de Navidad.<\/p>\n","protected":false},"excerpt":{"rendered":"Un total de 86 de los 127 agentes de la Polic\u00eda Local de Sevilla nombrados en el turno&hellip;\n","protected":false},"author":2,"featured_media":274866,"comment_status":"","ping_status":"","sticky":false,"template":"","format":"standard","meta":{"footnotes":""},"categories":[8],"tags":[22282,17,18,25436,25,24,13,14,11,19,20,19102,9,10,15,16,10788,2497,3397,595,23,11054,12,21,22],"class_list":{"0":"post-274865","1":"post","2":"type-post","3":"status-publish","4":"format-standard","5":"has-post-thumbnail","7":"category-espana","8":"tag-ausenta","9":"tag-breaking-news","10":"tag-breakingnews","11":"tag-dispositivo","12":"tag-es","13":"tag-espana","14":"tag-featured-news","15":"tag-featurednews","16":"tag-headlines","17":"tag-latest-news","18":"tag-latestnews","19":"tag-locales","20":"tag-news","21":"tag-noticias","22":"tag-noticias-destacadas","23":"tag-noticiasdestacadas","24":"tag-policias","25":"tag-puente","26":"tag-sabado","27":"tag-servicio","28":"tag-spain","29":"tag-tarde","30":"tag-titulares","31":"tag-ultimas-noticias","32":"tag-ultimasnoticias"},"share_on_mastodon":{"url":"https:\/\/pubeurope.com\/@es\/115674824422809723","error":""},"_links":{"self":[{"href":"https:\/\/www.europesays.com\/es\/wp-json\/wp\/v2\/posts\/274865","targetHints":{"allow":["GET"]}}],"collection":[{"href":"https:\/\/www.europesays.com\/es\/wp-json\/wp\/v2\/posts"}],"about":[{"href":"https:\/\/www.europesays.com\/es\/wp-json\/wp\/v2\/types\/post"}],"author":[{"embeddable":true,"href":"https:\/\/www.europesays.com\/es\/wp-json\/wp\/v2\/users\/2"}],"replies":[{"embeddable":true,"href":"https:\/\/www.europesays.com\/es\/wp-json\/wp\/v2\/comments?post=274865"}],"version-history":[{"count":0,"href":"https:\/\/www.europesays.com\/es\/wp-json\/wp\/v2\/posts\/274865\/revisions"}],"wp:featuredmedia":[{"embeddable":true,"href":"https:\/\/www.europesays.com\/es\/wp-json\/wp\/v2\/media\/274866"}],"wp:attachment":[{"href":"https:\/\/www.europesays.com\/es\/wp-json\/wp\/v2\/media?parent=274865"}],"wp:term":[{"taxonomy":"category","embeddable":true,"href":"https:\/\/www.europesays.com\/es\/wp-json\/wp\/v2\/categories?post=274865"},{"taxonomy":"post_tag","embeddable":true,"href":"https:\/\/www.europesays.com\/es\/wp-json\/wp\/v2\/tags?post=274865"}],"curies":[{"name":"wp","href":"https:\/\/api.w.org\/{rel}","templated":true}]}}