{"id":274883,"date":"2025-12-06T22:04:07","date_gmt":"2025-12-06T22:04:07","guid":{"rendered":"https:\/\/www.europesays.com\/es\/274883\/"},"modified":"2025-12-06T22:04:07","modified_gmt":"2025-12-06T22:04:07","slug":"flick-hoy-me-quedo-solo-con-lo-positivo-futbol-deportes","status":"publish","type":"post","link":"https:\/\/www.europesays.com\/es\/274883\/","title":{"rendered":"Flick: \u201cHoy me quedo solo con lo positivo\u201d | F\u00fatbol | Deportes"},"content":{"rendered":"<p class=\"\">Pasaron demasiadas cosas en la tarde sevillana en La Cartuja. <a href=\"https:\/\/elpais.com\/deportes\/futbol\/2025-12-05\/eric-garcia-renueva-con-el-barcelona-hasta-2031.html\" target=\"_self\" rel=\"nofollow noopener\" title=\"https:\/\/elpais.com\/deportes\/futbol\/2025-12-05\/eric-garcia-renueva-con-el-barcelona-hasta-2031.html\">La goleada del Barcelona al Betis <\/a>vino acompa\u00f1ada de la nueva posici\u00f3n de Lamine Yamal en el once catal\u00e1n, por los l\u00edos de su padre en la grada con algunos aficionados del conjunto andaluz (tuvo que intervenir la seguridad) y el cabreo monumental de la afici\u00f3n verdiblanca con el colegiado Hern\u00e1ndez Maeso por el penalti que pit\u00f3 por manos de Bartra con el 1-4 en el marcador. \u201cEstoy muy feliz con el resultado y con el equipo, siempre podemos mejorar en defensa, pero estoy contento con la lucha del equipo durante los 90 minutos del partido\u201d, indic\u00f3 Flick, muy satisfecho por el triunfo de su equipo en Sevilla. <\/p>\n<p class=\"\">\u201cEn la segunda parte est\u00e1bamos muy cansados y es cierto que hemos tenido muchos partidos en los que defensivamente no hemos sabido controlar el partido, pero hoy me quedo con lo positivo, quiero dejar al lado los aspectos negativos\u201d, a\u00f1adi\u00f3 el t\u00e9cnico alem\u00e1n. <\/p>\n<p class=\"\">\u201cVamos a analizarlo todo, sin duda, pero lo importante es que hemos ganado, haciendo goles muy seguidos ante un <a href=\"https:\/\/elpais.com\/deportes\/futbol\/2025-11-30\/fornals-cambia-el-rumbo-de-derbi.html\" target=\"_self\" rel=\"nofollow noopener\" title=\"https:\/\/elpais.com\/deportes\/futbol\/2025-11-30\/fornals-cambia-el-rumbo-de-derbi.html\">buen equipo como es el Betis<\/a>, un rival muy t\u00e9cnico, de mucha calidad. Creo que la primera parte ha sido muy buena\u201d, asever\u00f3 Flick. <\/p>\n<p class=\"\">Una de las novedades m\u00e1s interesantes que present\u00f3 el Barcelona fue la posici\u00f3n de Lamine de mediapunta, con Roony, que anot\u00f3 un gol, por la banda izquierda. \u201cLamine ha estado bien jugando por dentro. Y tambi\u00e9n lo ha estado en el aspecto defensivo. No lo ensayamos en la previa, pero Lamine es un jugador muy inteligente, que sabe interpretar muy bien los espacios. Es una opci\u00f3n jugar con Roony por la banda y Lamine en esa posici\u00f3n. Le pregunt\u00e9 y estaba preparado para jugar en esa posici\u00f3n\u201d, aclar\u00f3 el entrenador alem\u00e1n. <\/p>\n<p class=\"\">\u201cSiempre conf\u00edo en mi equipo, vamos paso a paso, hoy hemos logrado una buena victoria\u201d, indic\u00f3 Flick, bastante satisfecho por el triunfo en La Cartuja. El Barcelona, que cay\u00f3 derrotado ante el Sevilla por 4-1, sali\u00f3 en esta ocasi\u00f3n de la capital de Andaluc\u00eda con un importante triunfo frente al Betis. <\/p>\n<p class=\"\">\u201cEn dos minutos nos hicieron dos goles y la clave es que tuvimos un partido nefasto en defensa. Tuvimos tanta llegada como tuvieron ellos. Hubo un penal muy conflictivo y tuvimos la virtud de no bajar los brazos. Ellos tuvieron mucha efectividad\u201d, afirm\u00f3 Manuel Pellegrini, el entrenador del Betis. \u201cLo habl\u00e9 con los jugadores. Hab\u00eda que perder sin bajar los brazos, incluso cayendo por 1-5. Seguimos creyendo en lo que hacemos. Tuvimos un mal d\u00eda defensivo y ellos tienen mucha calidad\u201d, a\u00f1adi\u00f3. \u201cNo he visto la jugada, pero me dicen que fue de rebote. No entiendo por qu\u00e9 entr\u00f3 el Var en esa jugada. Han hecho justo lo contrario de lo que nos dicen y tratan de explicar\u201d, indic\u00f3 el chileno <a href=\"https:\/\/elpais.com\/deportes\/futbol\/2025-03-30\/bartra-el-betis-me-saco-de-la-depresion.html\" target=\"_self\" rel=\"nofollow noopener\" title=\"https:\/\/elpais.com\/deportes\/futbol\/2025-03-30\/bartra-el-betis-me-saco-de-la-depresion.html\">sobre la acci\u00f3n del penalti de Bartra<\/a>, anotado por Lamine para hacer el 1-5. <\/p>\n<p class=\"\">\u201cHay que hacer una buena autocr\u00edtica de lo que ha pasado. Igual que cuando ganamos el derbi, revisaremos lo que ha pasado y a centrarnos en el pr\u00f3ximo partido ante el Dinamo Zagreb\u201d, finaliz\u00f3.<\/p>\n","protected":false},"excerpt":{"rendered":"Pasaron demasiadas cosas en la tarde sevillana en La Cartuja. La goleada del Barcelona al Betis vino acompa\u00f1ada&hellip;\n","protected":false},"author":2,"featured_media":274884,"comment_status":"","ping_status":"","sticky":false,"template":"","format":"standard","meta":{"footnotes":""},"categories":[93],"tags":[1540,168,1539,25,24,881,4970,282,1538,1210,2048,10286,23,167],"class_list":{"0":"post-274883","1":"post","2":"type-post","3":"status-publish","4":"format-standard","5":"has-post-thumbnail","7":"category-deportes","8":"tag-competiciones","9":"tag-deportes","10":"tag-entrenadores","11":"tag-es","12":"tag-espana","13":"tag-fc-barcelona","14":"tag-flick","15":"tag-futbol","16":"tag-futbolistas","17":"tag-laliga-ea-sports","18":"tag-manuel-pellegrini","19":"tag-real-betis","20":"tag-spain","21":"tag-sports"},"share_on_mastodon":{"url":"https:\/\/pubeurope.com\/@es\/115674891300915723","error":""},"_links":{"self":[{"href":"https:\/\/www.europesays.com\/es\/wp-json\/wp\/v2\/posts\/274883","targetHints":{"allow":["GET"]}}],"collection":[{"href":"https:\/\/www.europesays.com\/es\/wp-json\/wp\/v2\/posts"}],"about":[{"href":"https:\/\/www.europesays.com\/es\/wp-json\/wp\/v2\/types\/post"}],"author":[{"embeddable":true,"href":"https:\/\/www.europesays.com\/es\/wp-json\/wp\/v2\/users\/2"}],"replies":[{"embeddable":true,"href":"https:\/\/www.europesays.com\/es\/wp-json\/wp\/v2\/comments?post=274883"}],"version-history":[{"count":0,"href":"https:\/\/www.europesays.com\/es\/wp-json\/wp\/v2\/posts\/274883\/revisions"}],"wp:featuredmedia":[{"embeddable":true,"href":"https:\/\/www.europesays.com\/es\/wp-json\/wp\/v2\/media\/274884"}],"wp:attachment":[{"href":"https:\/\/www.europesays.com\/es\/wp-json\/wp\/v2\/media?parent=274883"}],"wp:term":[{"taxonomy":"category","embeddable":true,"href":"https:\/\/www.europesays.com\/es\/wp-json\/wp\/v2\/categories?post=274883"},{"taxonomy":"post_tag","embeddable":true,"href":"https:\/\/www.europesays.com\/es\/wp-json\/wp\/v2\/tags?post=274883"}],"curies":[{"name":"wp","href":"https:\/\/api.w.org\/{rel}","templated":true}]}}