{"id":274888,"date":"2025-12-06T22:09:10","date_gmt":"2025-12-06T22:09:10","guid":{"rendered":"https:\/\/www.europesays.com\/es\/274888\/"},"modified":"2025-12-06T22:09:10","modified_gmt":"2025-12-06T22:09:10","slug":"la-oposicion-venezolana-anuncia-la-muerte-en-prision-del-exgobernador-del-estado-de-nueva-esparta-alfredo-diaz","status":"publish","type":"post","link":"https:\/\/www.europesays.com\/es\/274888\/","title":{"rendered":"La oposici\u00f3n venezolana anuncia la muerte en prisi\u00f3n del exgobernador del estado de Nueva Esparta Alfredo D\u00edaz"},"content":{"rendered":"<p style=\"\">La oposici\u00f3n <a href=\"https:\/\/www.abc.es\/noticias\/venezuela\/\" data-voc-vtm-id=\"in-text-traffic\" title=\"venezolana\" data-mrf-link=\"www.abc.es\" rel=\"nofollow noopener\" target=\"_blank\">venezolana<\/a> ha anunciado este s\u00e1bado la muerte del exgobernador del estado de Nueva Esparta <strong>Alfredo D\u00edaz<\/strong> durante una \u00abinjusta condena\u00bb en la c\u00e1rcel de El Helicoide de Caracas.<\/p>\n<p style=\"\">\u00abHoy, lamentablemente, fallece injustamente en prisi\u00f3n un l\u00edder inocente\u00bb, ha lamentado la  &#8230; principal coalici\u00f3n opositora de Venezuela, la Plataforma Unitaria Democr\u00e1tica, en su cuenta de la red social X.<\/p>\n<p class=\"voc-p\" style=\"\">D\u00edaz, de 55 a\u00f1os, ha muerto <strong>tras un a\u00f1o encarcelado y en situaci\u00f3n de aislamiento<\/strong>, seg\u00fan ha informado el director de la ONG Foro Penal, Alfredo Romero, tambi\u00e9n en su cuenta de X, antes de <strong>pedir explicaciones inmediatas <\/strong>al Gobierno venezolano como \u00abresponsable de la salud de la persona bajo su custodia\u00bb, como tambi\u00e9n lo ha hecho en redes sociales su viuda Leynys Malav\u00e9.<\/p>\n<p class=\"voc-p\" style=\"\">Asimismo, el l\u00edder opositor Leopoldo L\u00f3pez tambi\u00e9n ha condenado la muerte de D\u00edaz antes de denunciar <strong>maltratos y abusos por parte de las autoridades penitenciarias<\/strong>. \u00abMuere en el centro de tortura Helicoide Alfredo D\u00edaz, ex alcalde, amigo, patriota y luchador. Llevaba meses solicitando atenci\u00f3n m\u00e9dica y se la negaron, lo mataron. Es otra v\u00edctima de la dictadura\u00bb, ha indicado.<\/p>\n<p class=\"voc-p\" style=\"\">D\u00edaz fue arrestado por las fuerzas de seguridad <strong>en noviembre de 2024<\/strong> mientras viajaba en autob\u00fas hacia la frontera con Colombia tras las controvertidas elecciones presidenciales. Tras permanecer incomunicado durante varios d\u00edas, fue trasladado a la c\u00e1rcel del Helicoide, denunciada por la oposici\u00f3n como un centro de tortura para disidentes pol\u00edticos.<\/p>\n<p class=\"voc-p\" style=\"\">En noviembre, Amnist\u00eda Internacional Am\u00e9ricas describi\u00f3 el encarcelamiento de D\u00edaz como una \u00abdetenci\u00f3n arbitraria por su perfil pol\u00edtico\u00bb y denunci\u00f3 que fue sometido \u00aba desaparici\u00f3n forzada durante los primeros cuatro d\u00edas de su detenci\u00f3n\u00bb.<\/p>\n","protected":false},"excerpt":{"rendered":"La oposici\u00f3n venezolana ha anunciado este s\u00e1bado la muerte del exgobernador del estado de Nueva Esparta Alfredo D\u00edaz&hellip;\n","protected":false},"author":2,"featured_media":274889,"comment_status":"","ping_status":"","sticky":false,"template":"","format":"standard","meta":{"footnotes":""},"categories":[42],"tags":[28762,4187,17,18,779,67130,693,67129,13,14,11,61,62,63,64,19,20,4920,9,10,15,16,795,19352,16733,12,21,22,11338,65,66,67],"class_list":{"0":"post-274888","1":"post","2":"type-post","3":"status-publish","4":"format-standard","5":"has-post-thumbnail","7":"category-internacional","8":"tag-alfredo","9":"tag-anuncia","10":"tag-breaking-news","11":"tag-breakingnews","12":"tag-diaz","13":"tag-esparta","14":"tag-estado","15":"tag-exgobernador","16":"tag-featured-news","17":"tag-featurednews","18":"tag-headlines","19":"tag-internacional","20":"tag-international","21":"tag-international-news","22":"tag-internationalnews","23":"tag-latest-news","24":"tag-latestnews","25":"tag-muerte","26":"tag-news","27":"tag-noticias","28":"tag-noticias-destacadas","29":"tag-noticiasdestacadas","30":"tag-nueva","31":"tag-oposicion","32":"tag-prision","33":"tag-titulares","34":"tag-ultimas-noticias","35":"tag-ultimasnoticias","36":"tag-venezolana","37":"tag-world","38":"tag-world-news","39":"tag-worldnews"},"share_on_mastodon":{"url":"","error":"Validation failed: Text character limit of 500 exceeded"},"_links":{"self":[{"href":"https:\/\/www.europesays.com\/es\/wp-json\/wp\/v2\/posts\/274888","targetHints":{"allow":["GET"]}}],"collection":[{"href":"https:\/\/www.europesays.com\/es\/wp-json\/wp\/v2\/posts"}],"about":[{"href":"https:\/\/www.europesays.com\/es\/wp-json\/wp\/v2\/types\/post"}],"author":[{"embeddable":true,"href":"https:\/\/www.europesays.com\/es\/wp-json\/wp\/v2\/users\/2"}],"replies":[{"embeddable":true,"href":"https:\/\/www.europesays.com\/es\/wp-json\/wp\/v2\/comments?post=274888"}],"version-history":[{"count":0,"href":"https:\/\/www.europesays.com\/es\/wp-json\/wp\/v2\/posts\/274888\/revisions"}],"wp:featuredmedia":[{"embeddable":true,"href":"https:\/\/www.europesays.com\/es\/wp-json\/wp\/v2\/media\/274889"}],"wp:attachment":[{"href":"https:\/\/www.europesays.com\/es\/wp-json\/wp\/v2\/media?parent=274888"}],"wp:term":[{"taxonomy":"category","embeddable":true,"href":"https:\/\/www.europesays.com\/es\/wp-json\/wp\/v2\/categories?post=274888"},{"taxonomy":"post_tag","embeddable":true,"href":"https:\/\/www.europesays.com\/es\/wp-json\/wp\/v2\/tags?post=274888"}],"curies":[{"name":"wp","href":"https:\/\/api.w.org\/{rel}","templated":true}]}}