{"id":274894,"date":"2025-12-06T22:15:14","date_gmt":"2025-12-06T22:15:14","guid":{"rendered":"https:\/\/www.europesays.com\/es\/274894\/"},"modified":"2025-12-06T22:15:14","modified_gmt":"2025-12-06T22:15:14","slug":"josele-ballester-en-la-pelea-por-el-abierto-de-australia","status":"publish","type":"post","link":"https:\/\/www.europesays.com\/es\/274894\/","title":{"rendered":"Josele Ballester, en la pelea por el Abierto de Australia"},"content":{"rendered":"<p class=\"\">El mexicano <b>Carlos Ortiz<\/b>, empatado con el surcoreano <b>Si Woo Kim<\/b> y el australiano <b>Cam Smith<\/b>, se encuentra en la segunda posici\u00f3n del <b>Abierto de Australia<\/b> de golf a solo dos golpes del l\u00edder, el dan\u00e9s <b>Rasmus Neergard-Petersen<\/b>.<\/p>\n<p class=\"\"><b>Ortiz<\/b>, de 34 a\u00f1os, firm\u00f3 una tarjeta de 66 golpes (5) tras hacer un \u2018eagle\u2019 en el hoyo 3 y tres \u2018birdies\u2019 en el 10, 14 y 17 en el campo del Royal Melbourne <b>hasta sumar 201 impactos (-14)<\/b>.<\/p>\n<p class=\"\">Id\u00e9ntica tarjeta realiz\u00f3<b> Neergard-Petersen<\/b> con siete \u2018birdies\u2019 que no le terminaron de lucir tanto al cometer dos \u2018bogeys\u2019 en los hoyos 5 y 10. <b>A\u00fan as\u00ed es l\u00edder con 199 impactos (-14)<\/b>, dos menos que el propio Ortiz, Si Woo Kim y Cam Smith, todos a -12.<\/p>\n<p class=\"\">El espa\u00f1ol <b>Josele Ballester<\/b>, <a href=\"https:\/\/as.com\/masdeporte\/golf\/josele-ballester-una-promesa-cumplida-f202511-n\/\" target=\"_self\" rel=\"nofollow noopener\" title=\"https:\/\/as.com\/masdeporte\/golf\/josele-ballester-una-promesa-cumplida-f202511-n\/\">ganador hace unas semanas en Arabia Saud\u00ed<\/a>, tambi\u00e9n se ha metido en ese grupo de los primeros clasificados <b>al situarse quinto con 202 golpes (-11)<\/b> tras una brillante tercera jornada en la que efectu\u00f3 65 impactos, impulsado por seis \u2018birdies\u2019.<\/p>\n<p class=\"\">El tambi\u00e9n espa\u00f1ol <b>Rafa Cabrera Bello<\/b>, que inici\u00f3 la jornada s\u00e9ptimo, <b>cay\u00f3 al puesto 34<\/b> tras firmar una tarjeta de 73 golpes (+2) que le han relegado de cualquier opci\u00f3n de victoria, igual que a Sebasti\u00e1n Garc\u00eda, en la posici\u00f3n 31 con 209 golpes (-4).<\/p>\n<p class=\"\">El mexicano <b>Abraham Ancer<\/b> mejor\u00f3 su juego en la tercera jornada y del puesto 28 pas\u00f3 al 18 con una tarjeta de 67 golpes hasta sumar 207 impactos (-4), uno menos que el norirland\u00e9s <b>Rory McIlroy<\/b>, la gran figura del torneo, muy irregular en competici\u00f3n y que est\u00e1 en la posici\u00f3n 24 con 208 golpes (-5).<\/p>\n<p>Noticias relacionadas<a href=\"https:\/\/as.com\/masdeporte\/golf\/cabrera-bello-y-ballester-destacan-y-puig-no-pasa-el-corte-en-australia-f202512-n\/\" class=\"s_m_w\" title=\"El espa\u00f1ol marcha s\u00e9ptimo a tres golpes de los l\u00edderes Neergaard-Petersen y Rodriguez, con uno menos que Josele Ballester. Puig, campe\u00f3n del PGA Australia, no super\u00f3 el corte.\" data-tb-link=\"\" rel=\"nofollow noopener\" target=\"_blank\"><img decoding=\"async\" src=\"https:\/\/www.europesays.com\/es\/wp-content\/uploads\/2025\/12\/H4XDBFQ5GVJ7RORYVMJBOEARYU.jpg\" alt=\"Cabrera Bello y Ballester destacan y Puig no pasa el corte en Australia\" class=\"\" height=\"9\" width=\"16\"   loading=\"lazy\" data-tb-thumbnail=\"\"\/><\/a><a href=\"https:\/\/as.com\/masdeporte\/nadaud-se-lleva-el-open-con-una-remontada-de-aupa-f202511-n\/\" class=\"s_m_w\" title=\"La francesa hace cumbre en Guadalhorce con una \u00faltima vuelta de -6 para -16 que desbanca a la tailandesa Cheenglab. Andrea Revuelta, -8, mejor espa\u00f1ola. \" data-tb-link=\"\" rel=\"nofollow noopener\" target=\"_blank\"><img decoding=\"async\" src=\"https:\/\/www.europesays.com\/es\/wp-content\/uploads\/2025\/12\/1765059314_794_FK2ZNS5NOJK3BCTEIWYFYTJMIM.jpg\" alt=\"Nadaud se lleva el Open con una remontada de a\u00fapa\" class=\"\" height=\"9\" width=\"16\"   loading=\"lazy\" data-tb-thumbnail=\"\"\/><\/a><\/p>\n<p class=\"\"><b>\u00a1Tus opiniones importan! <\/b>Comenta en los art\u00edculos y suscr\u00edbete gratis a nuestra <a href=\"https:\/\/asfan.as.com\/newsletters\/\" rel=\"nofollow noopener\" title=\"https:\/\/asfan.as.com\/newsletters\/\" target=\"_blank\">newsletter<\/a> y a las alertas informativas en la <a href=\"https:\/\/as.com\/aplicacion-de-as-n\/\" rel=\"nofollow noopener\" title=\"https:\/\/as.com\/aplicacion-de-as-n\/\" target=\"_blank\">App<\/a> o el canal de <a href=\"https:\/\/www.whatsapp.com\/channel\/0029VaAasdA7j6g745nz9M10\" rel=\"nofollow noopener\" title=\"https:\/\/www.whatsapp.com\/channel\/0029VaAasdA7j6g745nz9M10\" target=\"_blank\">WhatsApp<\/a>.<\/p>\n<p class=\"\">\u00bfBuscas licenciar contenido? Haz clic <a href=\"https:\/\/profesional.elpais.com\/soluciones-sindicacion?utm_medium=interno&amp;utm_source=crosslinking&amp;utm_campaign=sindicacion_as_pie_articulos\" rel=\"nofollow noopener\" title=\"https:\/\/profesional.elpais.com\/soluciones-sindicacion?utm_medium=interno&amp;utm_source=crosslinking&amp;utm_campaign=sindicacion_as_pie_articulos\" target=\"_blank\">aqu\u00ed<\/a><\/p>\n","protected":false},"excerpt":{"rendered":"El mexicano Carlos Ortiz, empatado con el surcoreano Si Woo Kim y el australiano Cam Smith, se encuentra&hellip;\n","protected":false},"author":2,"featured_media":274895,"comment_status":"","ping_status":"","sticky":false,"template":"","format":"standard","meta":{"footnotes":""},"categories":[275],"tags":[168,25,24,329,23,167],"class_list":{"0":"post-274894","1":"post","2":"type-post","3":"status-publish","4":"format-standard","5":"has-post-thumbnail","7":"category-golf","8":"tag-deportes","9":"tag-es","10":"tag-espana","11":"tag-golf","12":"tag-spain","13":"tag-sports"},"share_on_mastodon":{"url":"https:\/\/pubeurope.com\/@es\/115674934973839350","error":""},"_links":{"self":[{"href":"https:\/\/www.europesays.com\/es\/wp-json\/wp\/v2\/posts\/274894","targetHints":{"allow":["GET"]}}],"collection":[{"href":"https:\/\/www.europesays.com\/es\/wp-json\/wp\/v2\/posts"}],"about":[{"href":"https:\/\/www.europesays.com\/es\/wp-json\/wp\/v2\/types\/post"}],"author":[{"embeddable":true,"href":"https:\/\/www.europesays.com\/es\/wp-json\/wp\/v2\/users\/2"}],"replies":[{"embeddable":true,"href":"https:\/\/www.europesays.com\/es\/wp-json\/wp\/v2\/comments?post=274894"}],"version-history":[{"count":0,"href":"https:\/\/www.europesays.com\/es\/wp-json\/wp\/v2\/posts\/274894\/revisions"}],"wp:featuredmedia":[{"embeddable":true,"href":"https:\/\/www.europesays.com\/es\/wp-json\/wp\/v2\/media\/274895"}],"wp:attachment":[{"href":"https:\/\/www.europesays.com\/es\/wp-json\/wp\/v2\/media?parent=274894"}],"wp:term":[{"taxonomy":"category","embeddable":true,"href":"https:\/\/www.europesays.com\/es\/wp-json\/wp\/v2\/categories?post=274894"},{"taxonomy":"post_tag","embeddable":true,"href":"https:\/\/www.europesays.com\/es\/wp-json\/wp\/v2\/tags?post=274894"}],"curies":[{"name":"wp","href":"https:\/\/api.w.org\/{rel}","templated":true}]}}