{"id":274914,"date":"2025-12-06T22:28:12","date_gmt":"2025-12-06T22:28:12","guid":{"rendered":"https:\/\/www.europesays.com\/es\/274914\/"},"modified":"2025-12-06T22:28:12","modified_gmt":"2025-12-06T22:28:12","slug":"sociedad-inmunologia-anima-a-vacunarse-de-la-gripe-la-mejor-proteccion-frente-a-complicaciones","status":"publish","type":"post","link":"https:\/\/www.europesays.com\/es\/274914\/","title":{"rendered":"Sociedad Inmunolog\u00eda anima a vacunarse de la gripe la mejor protecci\u00f3n frente a complicaciones"},"content":{"rendered":"<p><img decoding=\"async\" src=\"https:\/\/www.europesays.com\/es\/wp-content\/uploads\/2025\/12\/7759897\" alt=\"Jornada vacunas SEE ISCIII noviembre 2025 4 1200\"\/><\/p>\n<p><strong>MADRID, ESPA\u00d1A\/ AGENCIA RT.\u2014\u00a0<\/strong> El Comit\u00e9 de Expertos en Vacunas de la Sociedad Espa\u00f1ola de Inmunolog\u00eda ha animado a vacunarse contra la gripe porque es la mejor protecci\u00f3n frente a complicaciones graves, ya que reduce de forma significativa el riesgo de hospitalizaci\u00f3n, complicaciones graves y muerte en adultos mayores, ni\u00f1os, adultos con enfermedades cr\u00f3nicas, ni\u00f1os y adultos inmunodeprimidos y embarazadas.<\/p>\n<p>Adem\u00e1s, disminuye el absentismo escolar y laboral, y contribuye a la protecci\u00f3n comunitaria, reduciendo la transmisi\u00f3n del virus. La campa\u00f1a de vacunaci\u00f3n frente a la gripe del a\u00f1o en curso tiene tres objetivos principales: Potenciar la vacunaci\u00f3n de personas vulnerables como son los mayores de 60 a\u00f1os, aquellas con tratamiento inmunosupresor (como las personas trasplantadas), o las afectadas de inmunodeficiencias primarias o secundarias.<\/p>\n<p>Por otro lado, potenciar la vacunaci\u00f3n tambi\u00e9n en ni\u00f1os (especialmente en menores de 5 a\u00f1os de edad) para favorecer un mejor control de la epidemia al disminuir la circulaci\u00f3n y diseminaci\u00f3n del virus de la gripe en la sociedad; y promover la vacunaci\u00f3n de profesionales sanitarios y socio-sanitarios para reforzar su protecci\u00f3n frente al virus as\u00ed como, de forma indirecta, la de los pacientes con los que interact\u00faan, particularmente aquellos que presentan un sistema inmunitario debilitado y por tanto son m\u00e1s vulnerables a desarrollar una enfermedad grave tras la infecci\u00f3n por el virus de la gripe.<\/p>\n<p>Por otro lado, recuerdan que la efectividad de las vacunas estacionales contra la gripe puede variar cada a\u00f1o porque el virus cambia constantemente y, en ocasiones, las cepas que circulan no coinciden al 100% con las que se incluyen en la vacuna. \u00abAun as\u00ed, siguen siendo la mejor forma de reducir hospitalizaciones y complicaciones\u00bb, afirma.<\/p>\n<p>Asimismo, recuerdan que la evidencia cient\u00edfica confirma que \u00ablas vacunas contra la gripe en 2025 son seguras, eficaces y reducen significativamente la carga cl\u00ednica y social de la gripe\u00bb. Aunque puede existir escape parcial de anticuerpos frente a nuevas variantes como el subclado H3N2-K, los anticuerpos y los linfocitos T, \u00absiguen contribuyendo a prevenir formas graves\u00bb.<\/p>\n<p>Por lo tanto, concluyen, \u00abla vacunaci\u00f3n masiva favorece la inmunidad de grupo, reduciendo contagios, hospitalizaciones y muertes. Vacunarse cada a\u00f1o contra la gripe contin\u00faa siendo la mejor herramienta para proteger la salud individual y colectiva\u00bb.<\/p>\n","protected":false},"excerpt":{"rendered":"MADRID, ESPA\u00d1A\/ AGENCIA RT.\u2014\u00a0 El Comit\u00e9 de Expertos en Vacunas de la Sociedad Espa\u00f1ola de Inmunolog\u00eda ha animado&hellip;\n","protected":false},"author":2,"featured_media":274915,"comment_status":"","ping_status":"","sticky":false,"template":"","format":"standard","meta":{"footnotes":""},"categories":[92],"tags":[25,24,165,166,23],"class_list":{"0":"post-274914","1":"post","2":"type-post","3":"status-publish","4":"format-standard","5":"has-post-thumbnail","7":"category-salud","8":"tag-es","9":"tag-espana","10":"tag-health","11":"tag-salud","12":"tag-spain"},"share_on_mastodon":{"url":"https:\/\/pubeurope.com\/@es\/115674985960339406","error":""},"_links":{"self":[{"href":"https:\/\/www.europesays.com\/es\/wp-json\/wp\/v2\/posts\/274914","targetHints":{"allow":["GET"]}}],"collection":[{"href":"https:\/\/www.europesays.com\/es\/wp-json\/wp\/v2\/posts"}],"about":[{"href":"https:\/\/www.europesays.com\/es\/wp-json\/wp\/v2\/types\/post"}],"author":[{"embeddable":true,"href":"https:\/\/www.europesays.com\/es\/wp-json\/wp\/v2\/users\/2"}],"replies":[{"embeddable":true,"href":"https:\/\/www.europesays.com\/es\/wp-json\/wp\/v2\/comments?post=274914"}],"version-history":[{"count":0,"href":"https:\/\/www.europesays.com\/es\/wp-json\/wp\/v2\/posts\/274914\/revisions"}],"wp:featuredmedia":[{"embeddable":true,"href":"https:\/\/www.europesays.com\/es\/wp-json\/wp\/v2\/media\/274915"}],"wp:attachment":[{"href":"https:\/\/www.europesays.com\/es\/wp-json\/wp\/v2\/media?parent=274914"}],"wp:term":[{"taxonomy":"category","embeddable":true,"href":"https:\/\/www.europesays.com\/es\/wp-json\/wp\/v2\/categories?post=274914"},{"taxonomy":"post_tag","embeddable":true,"href":"https:\/\/www.europesays.com\/es\/wp-json\/wp\/v2\/tags?post=274914"}],"curies":[{"name":"wp","href":"https:\/\/api.w.org\/{rel}","templated":true}]}}