{"id":274918,"date":"2025-12-06T22:32:08","date_gmt":"2025-12-06T22:32:08","guid":{"rendered":"https:\/\/www.europesays.com\/es\/274918\/"},"modified":"2025-12-06T22:32:08","modified_gmt":"2025-12-06T22:32:08","slug":"belen-enciende-sus-luces-de-navidad-por-primera-vez-en-dos-anos","status":"publish","type":"post","link":"https:\/\/www.europesays.com\/es\/274918\/","title":{"rendered":"Bel\u00e9n enciende sus luces de Navidad por primera vez en dos a\u00f1os"},"content":{"rendered":"<p>La ciudad palestina de <strong>Bel\u00e9n<\/strong> ha encendido este s\u00e1bado sus luces de Navidad por primera vez en dos a\u00f1os, en los que la guerra en Gaza dej\u00f3 sin decoraciones navide\u00f1as la localidad donde naci\u00f3 Jes\u00fas.<\/p>\n<p>Palestinos cristianos y musulmanes venidos de diferentes puntos de Cisjordania y de Israel, junto a algunos sacerdotes y monjas que cumplen su misi\u00f3n en Tierra Santa, han desafiado a la lluvia en la plaza del Ayuntamiento de Bel\u00e9n, junto a la Bas\u00edlica de la Natividad, para ver un encendido que llevaba dos a\u00f1os sin ocurrir.<\/p>\n<p>El acto ha comenzado con el himno nacional palestino, seguido de un minuto de silencio por los muertos en Gaza, donde la ofensiva israel\u00ed contra Ham\u00e1s ha dejado <strong>m\u00e1s de 70.100 fallecidos desde octubre de 2023<\/strong>.<\/p>\n<p>Una banda musical toca el himno nacional palestino.\u00a0HAZEM BADER\/AFP<\/p>\n<p>\u00abCuando no hay turistas, mucha gente sufre\u00bb<\/p>\n<p>Para <strong>Bel\u00e9n, una ciudad que viv\u00eda tradicionalmente del turismo<\/strong>, estos dos a\u00f1os de guerra han sido devastadores, con comercios, restaurantes y hoteles cerrados que ahora esperan ver con el <a href=\"https:\/\/www.rtve.es\/noticias\/20251009\/alto-fuego-israel-hamas-netanyahu-paz-gaza\/16763409.shtml\" target=\"_blank\" rel=\"nofollow noopener\">alto el fuego<\/a> un esperado aumento de visitantes.<\/p>\n<p>Los ha padecido especialmente Jack Tabash, un comerciante de \u00abm\u00e1s de 80 a\u00f1os\u00bb que habla con EFE en un castellano b\u00e1sico aprendido del trato con los turistas, ya que a Bel\u00e9n viajan tradicionalmente muchos grupos de latinoamericanos en peregrinaje a Tierra Santa. <\/p>\n<p>\u00abCuando no hay turistas, mucha gente sufre\u00bb, ha dicho a Efe Jack Tabash, un comerciante palestino cristiano de m\u00e1s de 80 a\u00f1os que ha tenido que cerrar dos a\u00f1os su tienda de art\u00edculos religiosos, situada desde hace medio siglo en la Plaza del Pesebre. Ha decidido abrirla esta s\u00e1bado solo para la ceremonia de encendido del \u00e1rbol, pero luego tendr\u00e1 que volver a echar el cierre.<\/p>\n<p>Un hombre vendiendo caf\u00e9.\u00a0JOHN WESSELS\/AFP<\/p>\n<p>Entre el p\u00fablico, esperando tras la valla de seguridad que le dejen acceder a la plaza, Pierre Demarole, un dominico franc\u00e9s, ha explicado que lleva estudiando solo unos meses en Jerusal\u00e9n y ha destacado que <strong>celebrar por fin la Navidad en Bel\u00e9n es \u00abtodo un acontecimiento\u00bb<\/strong>. Para los cristianos, recuerda, \u00abes fundamental apoyar todo lo que nos recuerde que en Navidad celebramos el nacimiento del pr\u00edncipe de la paz\u00bb.<\/p>\n<p>\u00abEspero que (el encendido) les d\u00e9 un poco de esperanza y que demuestre al mundo que podemos hacer otras cosas en Tierra Santa adem\u00e1s de luchar entre nosotros y librar guerras\u00bb, ha a\u00f1adido.<\/p>\n<p>Una minor\u00eda de cristianos mantiene las tradiciones navide\u00f1as<\/p>\n<p>Aunque la mayor\u00eda de palestinos de Cisjordania son musulmanes, existe una minor\u00eda de cristianos que mantienen las tradiciones navide\u00f1as. Este s\u00e1bado, se han mezclado ambas religiones, dispuestas a celebrar la <strong>vuelta a una cierta normalidad<\/strong>.<\/p>\n<p>Abir Steyn, de 27 a\u00f1os y oriunda de Salfit, un pueblo del norte de Cisjordania, es una de esas musulmanas. Trabaja en la universidad y ha acudido all\u00ed acompa\u00f1ada de un grupo de estudiantes.<\/p>\n<p>Plaza del Pesebre, Bel\u00e9n\u00a0AP Photo\/Mahmoud Illean<\/p>\n<p>\u00abTodos somos hermanos y hermanas\u00bb, ha dicho esta joven, para quien, aunque la situaci\u00f3n en Gaza sigue siendo dif\u00edcil, los palestinos quieren volver a sus vidas, celebrar \u00abun poco\u00bb y \u00abser m\u00e1s resilientes\u00bb.<\/p>\n<p>Abir ha lamentado que la <strong>plaza no est\u00e1 llena porque muchos palestinos tienen miedo de ir<\/strong>, en un entorno de <a href=\"https:\/\/www.rtve.es\/noticias\/20251126\/israel-lleva-a-cabo-amplia-redada-militar-zona-norte-cisjordania-ocupada\/16832213.shtml\" target=\"_blank\" rel=\"nofollow noopener\">ocupaci\u00f3n israel\u00ed que restringe sus movimientos en Cisjordania<\/a>. Pero defiende encontrar peque\u00f1os espacios para celebrar: \u00abDe esta manera nos damos esperanza\u00bb.<\/p>\n","protected":false},"excerpt":{"rendered":"La ciudad palestina de Bel\u00e9n ha encendido este s\u00e1bado sus luces de Navidad por primera vez en dos&hellip;\n","protected":false},"author":2,"featured_media":274919,"comment_status":"","ping_status":"","sticky":false,"template":"","format":"standard","meta":{"footnotes":""},"categories":[42],"tags":[17,18,13,14,11,61,62,63,64,19,20,9,10,15,16,12,21,22,65,66,67],"class_list":{"0":"post-274918","1":"post","2":"type-post","3":"status-publish","4":"format-standard","5":"has-post-thumbnail","7":"category-internacional","8":"tag-breaking-news","9":"tag-breakingnews","10":"tag-featured-news","11":"tag-featurednews","12":"tag-headlines","13":"tag-internacional","14":"tag-international","15":"tag-international-news","16":"tag-internationalnews","17":"tag-latest-news","18":"tag-latestnews","19":"tag-news","20":"tag-noticias","21":"tag-noticias-destacadas","22":"tag-noticiasdestacadas","23":"tag-titulares","24":"tag-ultimas-noticias","25":"tag-ultimasnoticias","26":"tag-world","27":"tag-world-news","28":"tag-worldnews"},"share_on_mastodon":{"url":"https:\/\/pubeurope.com\/@es\/115675001406570642","error":""},"_links":{"self":[{"href":"https:\/\/www.europesays.com\/es\/wp-json\/wp\/v2\/posts\/274918","targetHints":{"allow":["GET"]}}],"collection":[{"href":"https:\/\/www.europesays.com\/es\/wp-json\/wp\/v2\/posts"}],"about":[{"href":"https:\/\/www.europesays.com\/es\/wp-json\/wp\/v2\/types\/post"}],"author":[{"embeddable":true,"href":"https:\/\/www.europesays.com\/es\/wp-json\/wp\/v2\/users\/2"}],"replies":[{"embeddable":true,"href":"https:\/\/www.europesays.com\/es\/wp-json\/wp\/v2\/comments?post=274918"}],"version-history":[{"count":0,"href":"https:\/\/www.europesays.com\/es\/wp-json\/wp\/v2\/posts\/274918\/revisions"}],"wp:featuredmedia":[{"embeddable":true,"href":"https:\/\/www.europesays.com\/es\/wp-json\/wp\/v2\/media\/274919"}],"wp:attachment":[{"href":"https:\/\/www.europesays.com\/es\/wp-json\/wp\/v2\/media?parent=274918"}],"wp:term":[{"taxonomy":"category","embeddable":true,"href":"https:\/\/www.europesays.com\/es\/wp-json\/wp\/v2\/categories?post=274918"},{"taxonomy":"post_tag","embeddable":true,"href":"https:\/\/www.europesays.com\/es\/wp-json\/wp\/v2\/tags?post=274918"}],"curies":[{"name":"wp","href":"https:\/\/api.w.org\/{rel}","templated":true}]}}