{"id":274930,"date":"2025-12-06T22:43:09","date_gmt":"2025-12-06T22:43:09","guid":{"rendered":"https:\/\/www.europesays.com\/es\/274930\/"},"modified":"2025-12-06T22:43:09","modified_gmt":"2025-12-06T22:43:09","slug":"un-aficionado-del-barcelona-agredido-en-la-cartuja-tras-celebrar-un-gol","status":"publish","type":"post","link":"https:\/\/www.europesays.com\/es\/274930\/","title":{"rendered":"Un aficionado del Barcelona, agredido en La Cartuja tras celebrar un gol"},"content":{"rendered":"\n<p>M\u00e1s noticias<\/p>\n<p><a class=\"info_masnoticias\" href=\"https:\/\/www.eldesmarque.com\/futbol\/fc-barcelona\/\" rel=\"nofollow noopener\" target=\"_blank\"><br \/>\nM\u00e1s de<br \/>\nM\u00e1s noticias de<br \/>\nFC Barcelona<br \/>\n<\/a><\/p>\n<p>El <a href=\"https:\/\/www.eldesmarque.com\/futbol\/liga-1a-division\/20251206\/betis-barcelona-directo-jornada-15-laliga-goles-mejores-jugadas-ultima-hora-d1rect0_300826615.html\" rel=\"nofollow noopener\" target=\"_blank\">encuentro entre el Betis y el FC Barcelona<\/a> este domingo ha dejado multitud de im\u00e1genes sobre el c\u00e9sped, incluida la pol\u00e9mica por el penalti de Marc Bartra, y en las gradas, donde no solo el padre de Lamine Yamal ha sido protagonista y es que, tal y como se puede ver en un v\u00eddeo difundido en redes sociales, un seguidor azulgrana fue agredido tras celebrar un tanto de su equipo.<\/p>\n<p>Como se puede ver en el v\u00eddeo, r\u00e1pidamente viral en X, un aficionado con una camiseta verde propina un fuerte golpe en la cara a un seguidor azulgrana tras la celebraci\u00f3n de uno de los tantos cul\u00e9s.<\/p>\n<blockquote class=\"twitter-tweet\">\n<p lang=\"es\" dir=\"ltr\">Un aficionado del Fc Barcelona celebra un gol de su equipo y miren lo que pasa:<\/p>\n<p>Estilo Betis <a href=\"https:\/\/t.co\/BMSEjjFpSN\" rel=\"nofollow\">pic.twitter.com\/BMSEjjFpSN<\/a><\/p>\n<p>\u2014 mucha co\u00f1a (@soumarismo) <a href=\"https:\/\/twitter.com\/soumarismo\/status\/1997390536546619715?ref_src=twsrc%5Etfw\" rel=\"nofollow noopener\" target=\"_blank\">December 6, 2025<\/a><\/p>\n<\/blockquote>\n<p>La acci\u00f3n, altamente condenable, aparece en uno de los encuentros en los que m\u00e1s aficionados del equipo contrario se han visto en la grada de la Cartuja, ya que a pesar de que habitualmente se re\u00fanen en una zona, este domingo estaban sentados por toda la grada -exceptuando la zona de radicales-.<\/p>\n<p>El padre de Lamine Yamal, tambi\u00e9n protagonista como aficionado del Barcelona<\/p>\n<p>Como dec\u00edamos, este no ha sido el \u00fanico incidente grabado en la grada y es que el padre de Lamine Yamal ha tenido que ser retirado por varios miembros de seguridad tras encararse con varios aficionados del Betis durante el encuentro.<\/p>\n<blockquote class=\"twitter-tweet\">\n<p lang=\"es\" dir=\"ltr\">Una verg\u00fcenza el \u201cpseudo famoso\u201d padre de Lamine Yamal provocando a los aficionados b\u00e9ticos desde un palco de La Cartuja.<\/p>\n<p>As\u00ed se ha llevado todo el partido.<\/p>\n<p>Algunos se creen foco cuando no llegan ni a linterna <a href=\"https:\/\/t.co\/HJoTazePZl\" rel=\"nofollow\">pic.twitter.com\/HJoTazePZl<\/a><\/p>\n<p>\u2014 Info Real Betis (@InfoRBB) <a href=\"https:\/\/twitter.com\/InfoRBB\/status\/1997397398327296185?ref_src=twsrc%5Etfw\" rel=\"nofollow noopener\" target=\"_blank\">December 6, 2025<\/a><\/p>\n<\/blockquote>\n<p>Este tipo de situaciones no hacen m\u00e1s que manchar el incre\u00edble ambiente vivido este domingo en La Cartuja, un escenario que, a pesar de la dura derrota del conjunto local, volvi\u00f3 a reunir a multitud de seguidores animando a los suyos.<\/p>\n<p><img loading=\"lazy\" decoding=\"async\" src=\"https:\/\/www.europesays.com\/es\/wp-content\/uploads\/2025\/12\/imagen_de_whatsapp_2025_12_06_a_las_185455_2a8304f6.jpg\" width=\"660\" height=\"440\" alt=\"Joan Laporta, presidente del FC Barcelona, con un ni\u00f1o aficionado del Betis (Foto: Kiko Hurtado).\"\/><br \/>\nJoan Laporta, presidente del FC Barcelona, con un ni\u00f1o aficionado del Betis (Foto: Kiko Hurtado).<\/p>\n<p><script async src=\"https:\/\/platform.twitter.com\/widgets.js\" charset=\"utf-8\"><\/script><\/p>\n","protected":false},"excerpt":{"rendered":"M\u00e1s noticias M\u00e1s de M\u00e1s noticias de FC Barcelona El encuentro entre el Betis y el FC Barcelona&hellip;\n","protected":false},"author":2,"featured_media":274931,"comment_status":"","ping_status":"","sticky":false,"template":"","format":"standard","meta":{"footnotes":""},"categories":[268],"tags":[168,25,24,280,282,281,23,167],"class_list":{"0":"post-274930","1":"post","2":"type-post","3":"status-publish","4":"format-standard","5":"has-post-thumbnail","7":"category-futbol","8":"tag-deportes","9":"tag-es","10":"tag-espana","11":"tag-football","12":"tag-futbol","13":"tag-soccer","14":"tag-spain","15":"tag-sports"},"share_on_mastodon":{"url":"https:\/\/pubeurope.com\/@es\/115675045270574645","error":""},"_links":{"self":[{"href":"https:\/\/www.europesays.com\/es\/wp-json\/wp\/v2\/posts\/274930","targetHints":{"allow":["GET"]}}],"collection":[{"href":"https:\/\/www.europesays.com\/es\/wp-json\/wp\/v2\/posts"}],"about":[{"href":"https:\/\/www.europesays.com\/es\/wp-json\/wp\/v2\/types\/post"}],"author":[{"embeddable":true,"href":"https:\/\/www.europesays.com\/es\/wp-json\/wp\/v2\/users\/2"}],"replies":[{"embeddable":true,"href":"https:\/\/www.europesays.com\/es\/wp-json\/wp\/v2\/comments?post=274930"}],"version-history":[{"count":0,"href":"https:\/\/www.europesays.com\/es\/wp-json\/wp\/v2\/posts\/274930\/revisions"}],"wp:featuredmedia":[{"embeddable":true,"href":"https:\/\/www.europesays.com\/es\/wp-json\/wp\/v2\/media\/274931"}],"wp:attachment":[{"href":"https:\/\/www.europesays.com\/es\/wp-json\/wp\/v2\/media?parent=274930"}],"wp:term":[{"taxonomy":"category","embeddable":true,"href":"https:\/\/www.europesays.com\/es\/wp-json\/wp\/v2\/categories?post=274930"},{"taxonomy":"post_tag","embeddable":true,"href":"https:\/\/www.europesays.com\/es\/wp-json\/wp\/v2\/tags?post=274930"}],"curies":[{"name":"wp","href":"https:\/\/api.w.org\/{rel}","templated":true}]}}