{"id":274936,"date":"2025-12-06T22:47:36","date_gmt":"2025-12-06T22:47:36","guid":{"rendered":"https:\/\/www.europesays.com\/es\/274936\/"},"modified":"2025-12-06T22:47:36","modified_gmt":"2025-12-06T22:47:36","slug":"un-regreso-y-una-noticia-inesperada-para-luisa","status":"publish","type":"post","link":"https:\/\/www.europesays.com\/es\/274936\/","title":{"rendered":"Un regreso y una noticia inesperada para Luisa"},"content":{"rendered":"<p>Tras el par\u00f3n del viernes pasado, este lunes 8 de diciembre &#8216;<a href=\"https:\/\/eltelevisero.huffingtonpost.es\/2025\/12\/avance-de-valle-salvaje-del-proximo-capitulo-que-la-1-de-tve-pospone-la-condena-a-luisa-y-el-desmayo-de-adriana\/\" data-type=\"link\" data-id=\"https:\/\/eltelevisero.huffingtonpost.es\/2025\/12\/avance-de-valle-salvaje-del-proximo-capitulo-que-la-1-de-tve-pospone-la-condena-a-luisa-y-el-desmayo-de-adriana\/\" rel=\"nofollow noopener\" target=\"_blank\">Valle Salvaje<\/a>&#8216; tambi\u00e9n faltar\u00e1 a su cita con la audiencia al ser festivo nacional por ser el d\u00eda de la Inmaculada Concepci\u00f3n. De esa manera, tanto &#8216;Valle Salvaje&#8217; como &#8216;La Promesa&#8217; <a href=\"https:\/\/eltelevisero.huffingtonpost.es\/2025\/12\/la-1-de-tve-anuncia-la-suspension-de-la-emision-de-valle-salvaje-y-la-promesa-y-esta-es-la-causa\/\" data-type=\"link\" data-id=\"https:\/\/eltelevisero.huffingtonpost.es\/2025\/12\/la-1-de-tve-anuncia-la-suspension-de-la-emision-de-valle-salvaje-y-la-promesa-y-esta-es-la-causa\/\" rel=\"nofollow noopener\" target=\"_blank\">no volver\u00e1n con nuevos episodios<\/a> a la tarde de La 1 hasta el martes 9 de diciembre.<\/p>\n<p>En el <a href=\"https:\/\/eltelevisero.huffingtonpost.es\/2025\/12\/avance-de-valle-salvaje-capitulo-del-jueves-4-de-diciembre-la-visita-de-luisa-que-lo-cambia-todo-y-una-posible-marcha\/\" data-type=\"link\" data-id=\"https:\/\/eltelevisero.huffingtonpost.es\/2025\/12\/avance-de-valle-salvaje-capitulo-del-jueves-4-de-diciembre-la-visita-de-luisa-que-lo-cambia-todo-y-una-posible-marcha\/\" rel=\"nofollow noopener\" target=\"_blank\">\u00faltimo cap\u00edtulo<\/a>, Pepa trataba de averiguar el estado de su hermana Luisa y no dudaba en preguntarle a Alejo pues pese a que es el \u00fanico familiar que tiene es la \u00fanica que no sabe nada.<\/p>\n<p>Irene aseguraba a Leonardo que le gustar\u00eda que una vez ambos se casen, tal y como han acordado sus padres, puedan vivir fuera y lejos de Valle Salvaje para evitar estar cerca de B\u00e1rbara.<\/p>\n<p>Pedrito se preocupaba por B\u00e1rbara y le preguntaba si est\u00e1 bien despu\u00e9s de descubrir su habitaci\u00f3n llena de flores y plantas. Por su parte, B\u00e1rbara le dec\u00eda a Leonardo que ella espera estar lejos de Valle Salvaje cuando se case con Irene justo cuando \u00e9l le daba un beso.<\/p>\n<p>Mientras, Atanasio trataba de averiguar si Victoria le ha obligado a Francisco a ser su sombra y que le esp\u00ede. Y Adriana volv\u00eda a visitar a Luisa en la c\u00e1rcel y ella le contaba que ha recibido una visita que podr\u00eda cambiarlo todo: la del juez y le anuncia que le van a acusar de sacrilegio.<\/p>\n<p>Victoria no dudaba en advertir a Mercedes para que tenga cuidado con las buenas intenciones de D\u00e1maso con ella y que hay una parte oscura de \u00e9l que le aterrorizar\u00eda si la conociera. Por su lado, D\u00e1maso amenazaba a Victoria con acabar de una vez por todas con sus delirios de grandeza.<\/p>\n<p>Pero si no puedes esperar m\u00e1s y quieres enterarte ya de lo que va a ocurrir en la serie de TVE, en El Televisero te traemos el avance m\u00e1s completo de lo que suceder\u00e1 en los pr\u00f3ximos cap\u00edtulos de &#8216;Valle Salvaje&#8217; en la semana del 9 al 12 de diciembre. No te olvides que la ficci\u00f3n diaria se emite a las 17:40 horas justo antes de &#8216;La Promesa&#8217;:<\/p>\n<p>Avance del cap\u00edtulo 311 de &#8216;Valle Salvaje&#8217; del martes 9 de diciembre<\/p>\n<p>El terrible destino de Luisa lleva a Adriana al l\u00edmite y sufre un desmayo, mientras que Alejo, m\u00e1s desesperado que nunca, se decide a pactar con el mismo diablo. Por \u00faltimo, D\u00e1maso hace una revelaci\u00f3n a Mercedes&#8230; que la cambiar\u00e1 para siempre.\u00a0<\/p>\n<p>Avance del cap\u00edtulo 312 de &#8216;Valle Salvaje&#8217; del mi\u00e9rcoles 10 de diciembre<\/p>\n<p>Adriana se ve obligada a enfrentar a Pepa a sus temores. Enfrentados tambi\u00e9n quedan B\u00e1rbara y Leonardo, a quien la joven insiste en la imposibilidad de su amor. Pendiente del muchacho tambi\u00e9n hay otra persona, la m\u00e1s interesada en sellar su destino junto a los G\u00e1lvez de Aguirre. \u00bfLo conseguir\u00e1?<\/p>\n<p>Avance del cap\u00edtulo 313 de &#8216;Valle Salvaje&#8217; del jueves 11 de diciembre<\/p>\n<p>Leonardo rompe por completo el coraz\u00f3n de Irene, justo cuando B\u00e1rbara le confiesa que se besaron de nuevo. Mientras, Adriana desaf\u00eda las normas de la Casa Grande y visita a Luisa en prisi\u00f3n\u2026 sin imaginar el favor que la criada est\u00e1 a punto de pedirle. \u00bfSe atrever\u00e1 a cumplirlo?<\/p>\n<p>Avance del cap\u00edtulo 314 de &#8216;Valle Salvaje&#8217; del viernes 12 de diciembre<\/p>\n<p>B\u00e1rbara se derrumba ante Leonardo, arrepentida por haber querido morir por amor. Mientras, Irene confiesa a Rafael su deseo de casarse con el de Guzm\u00e1n. En la c\u00e1rcel, Alejo sorprende a Luisa con una noticia inesperada. Y, en el valle, alguien ha regresado&#8230; \u00bfpara quedarse?<\/p>\n","protected":false},"excerpt":{"rendered":"Tras el par\u00f3n del viernes pasado, este lunes 8 de diciembre &#8216;Valle Salvaje&#8216; tambi\u00e9n faltar\u00e1 a su cita&hellip;\n","protected":false},"author":2,"featured_media":274937,"comment_status":"","ping_status":"","sticky":false,"template":"","format":"standard","meta":{"footnotes":""},"categories":[171],"tags":[146,147,25,24,23,214],"class_list":{"0":"post-274936","1":"post","2":"type-post","3":"status-publish","4":"format-standard","5":"has-post-thumbnail","7":"category-tv","8":"tag-entertainment","9":"tag-entretenimiento","10":"tag-es","11":"tag-espana","12":"tag-spain","13":"tag-tv"},"share_on_mastodon":{"url":"https:\/\/pubeurope.com\/@es\/115675060354976265","error":""},"_links":{"self":[{"href":"https:\/\/www.europesays.com\/es\/wp-json\/wp\/v2\/posts\/274936","targetHints":{"allow":["GET"]}}],"collection":[{"href":"https:\/\/www.europesays.com\/es\/wp-json\/wp\/v2\/posts"}],"about":[{"href":"https:\/\/www.europesays.com\/es\/wp-json\/wp\/v2\/types\/post"}],"author":[{"embeddable":true,"href":"https:\/\/www.europesays.com\/es\/wp-json\/wp\/v2\/users\/2"}],"replies":[{"embeddable":true,"href":"https:\/\/www.europesays.com\/es\/wp-json\/wp\/v2\/comments?post=274936"}],"version-history":[{"count":0,"href":"https:\/\/www.europesays.com\/es\/wp-json\/wp\/v2\/posts\/274936\/revisions"}],"wp:featuredmedia":[{"embeddable":true,"href":"https:\/\/www.europesays.com\/es\/wp-json\/wp\/v2\/media\/274937"}],"wp:attachment":[{"href":"https:\/\/www.europesays.com\/es\/wp-json\/wp\/v2\/media?parent=274936"}],"wp:term":[{"taxonomy":"category","embeddable":true,"href":"https:\/\/www.europesays.com\/es\/wp-json\/wp\/v2\/categories?post=274936"},{"taxonomy":"post_tag","embeddable":true,"href":"https:\/\/www.europesays.com\/es\/wp-json\/wp\/v2\/tags?post=274936"}],"curies":[{"name":"wp","href":"https:\/\/api.w.org\/{rel}","templated":true}]}}