{"id":274938,"date":"2025-12-06T22:48:09","date_gmt":"2025-12-06T22:48:09","guid":{"rendered":"https:\/\/www.europesays.com\/es\/274938\/"},"modified":"2025-12-06T22:48:09","modified_gmt":"2025-12-06T22:48:09","slug":"la-retirada-de-espana-de-eurovision-no-es-la-primera-estos-paises-tambien-se-marcharon-y-algunos-volvieron-el-pais","status":"publish","type":"post","link":"https:\/\/www.europesays.com\/es\/274938\/","title":{"rendered":"La retirada de Espa\u00f1a de Eurovisi\u00f3n no es la primera: estos pa\u00edses tambi\u00e9n se marcharon (y algunos volvieron) &#8211; EL PA\u00cdS"},"content":{"rendered":"<ol>\n<li><a href=\"https:\/\/news.google.com\/rss\/articles\/CBMi4gFBVV95cUxQVlRhTmd5eWFlSHExSGtEbmpwX3B2eVBDQjJZYUZSM2FwanlKXzQwRFV5LV80TXVkbmtoaXUwRnFaUTNtQWlieU52ZmlQY1VnU3V3SW9id0tkVnI0MjIzOE5iTmJkc3dUb2NibENZcGNVOGN2c2ZJLV9mcWhOel9TV25UUDFReFhCOGFCOUNSR0t4cmVWYmM2c21sTmZ4cFhEZG5LRXVMMVlHbmhxSkNjUk0wTjZCYlRZbFhQdU9oYWlmcWxaTFRyN3dHUXFac0pIajNNcjBXd093RENJaTBfR0Nn?oc=5\" target=\"_blank\" rel=\"nofollow noopener\">La retirada de Espa\u00f1a de Eurovisi\u00f3n no es la primera: estos pa\u00edses tambi\u00e9n se marcharon (y algunos volvieron)<\/a>&nbsp;&nbsp;EL PA\u00cdS<\/li>\n<li><a href=\"https:\/\/news.google.com\/rss\/articles\/CBMiwAFBVV95cUxOamZSa1ZndnFKY0ZLUlEtZ09GUmtJTlRNTm1YbmREV2RfRWR3bGNDd1hEVVljRnhoMlNCZnZteWtQMWdsSm5RTEF6QzRJUFlSR3liWTlBZUVyRWhCX1FTWnBXaFZtZjJRSnBUdDFsQWotQkRwQXZKTng0MTVjcnhrR3FYTkkzY0RHMGpiMnNNVW5hd001d090SzUtM0s0cEh5ZGlLQ2loWHdaSzE3NWttd1JYcjdGSGpQRlozakZNTlI?oc=5\" target=\"_blank\" rel=\"nofollow noopener\">Cuando el show no debe continuar: m\u00fasicos que prefieren el compromiso al espect\u00e1culo<\/a>&nbsp;&nbsp;RTVE.es<\/li>\n<li><a href=\"https:\/\/news.google.com\/rss\/articles\/CBMihgJBVV95cUxPeVlYYzVqZE9LOUlBdUQ2TW9Kc0I4UVgxNk1aZkI1M3Mzc0dqVnl2MHVZNDl4N2VHZUV5NVM2LUtQOGRsdmFDUVkzWlRFYnh6UHNrTi03bm9GZmRybjh4TW1xX0lfRTJQcWJjR25KMUtnaURYcm9OdDB4V3ZkalRUamtuZEtiSXhBaTBieFZpS0FKdEJyWThQLUlaZVdldFRwWThuc1NPakpGTWJwQmRrZmJpZUNIeE9uV0tCTUxRTVJRWmJjX0FLVzVSNDlPRmNSSjZ2d2dObXczNTlfMk0xeTNISTh3SUJvX2RPcnkwc0NFaDJiaTJJdkVGbk8xUUFac1lRRXVn0gGGAkFVX3lxTE1yRnNYWXhlSlNXb2x6TGxHanBZYi0tSnZ1Zzl0UTBCS01ZNTc4NVl6U0VOSkdxOXFnVngtaDZfY05nenNpR0g1QjNWVGhLQkl4T2k3bkRDQm1wanFiTzRzQl9xQWJXOWZGc2dJN2l3MHJ6cVkzVl9wanNoZFhxaE9ZaGlyLXU1V2tDb0FnNUdVYnA5UGRhNzJFNktrRWhHbXYxSUs2TXUwaWFscjhBbVdSNzRSOWR4YzFUWUVrY3dkWFBrVmx3Tjhld0lhS2oyZ1ZSMlV4X2hzd2dxRzczd0NKRVhubUxZTTRKS2Y1UXBHbUlER3A4ekpvcW0yRkZFWHJiWFlJNVE?oc=5\" target=\"_blank\" rel=\"nofollow noopener\">Dana International, ganadora de Eurovisi\u00f3n por Israel, manda un contundente mensaje a Espa\u00f1a: \u201c\u00bfEntend\u00e9is lo violenta e insultante que es esa decisi\u00f3n?\u201d<\/a>&nbsp;&nbsp;MARCA<\/li>\n<li><a href=\"https:\/\/news.google.com\/rss\/articles\/CBMimwFBVV95cUxNN1NFNkZONTlmRXliOFJ4VW5Od0JPUV9kNHNHZWs3Q0w2dlZPMVlONFRnLUJqNlIxbFRiR3ZJZGFlTDlfZDlLTlMtb05ONEUzWmtCUzRMV25CQzdEU3RwTzZKNERIbWtTYVpVQUN6aEt0bE5RRldQYWRLUjJ4WW5TUjNGS091U1JQRC01dzJMc3k3aXFRT1ZXck12Zw?oc=5\" target=\"_blank\" rel=\"nofollow noopener\">Pedro Ruiz no se corta al opinar sobre que Espa\u00f1a se retire de Eurovisi\u00f3n por Israel: \u00ab\u00bfQu\u00e9 tipo de presi\u00f3n es esa?\u00bb<\/a>&nbsp;&nbsp;ABC<\/li>\n<\/ol>\n","protected":false},"excerpt":{"rendered":"La retirada de Espa\u00f1a de Eurovisi\u00f3n no es la primera: estos pa\u00edses tambi\u00e9n se marcharon (y algunos volvieron)&nbsp;&nbsp;EL&hellip;\n","protected":false},"author":2,"featured_media":274939,"comment_status":"","ping_status":"","sticky":false,"template":"","format":"standard","meta":{"footnotes":""},"categories":[170],"tags":[3374,68,209,146,147,25,24,700,4806,67132,25188,74,184,185,518,23,8584,3156,7081],"class_list":{"0":"post-274938","1":"post","2":"type-post","3":"status-publish","4":"format-standard","5":"has-post-thumbnail","7":"category-musica","8":"tag-censura","9":"tag-conflicto-arabe-israeli","10":"tag-cultura","11":"tag-entertainment","12":"tag-entretenimiento","13":"tag-es","14":"tag-espana","15":"tag-europa","16":"tag-eventos","17":"tag-eventos-musicales","18":"tag-festival-eurovision","19":"tag-israel","20":"tag-music","21":"tag-musica","22":"tag-rtve","23":"tag-spain","24":"tag-turquia","25":"tag-tve","26":"tag-ucrania"},"share_on_mastodon":{"url":"https:\/\/pubeurope.com\/@es\/115675064196246212","error":""},"_links":{"self":[{"href":"https:\/\/www.europesays.com\/es\/wp-json\/wp\/v2\/posts\/274938","targetHints":{"allow":["GET"]}}],"collection":[{"href":"https:\/\/www.europesays.com\/es\/wp-json\/wp\/v2\/posts"}],"about":[{"href":"https:\/\/www.europesays.com\/es\/wp-json\/wp\/v2\/types\/post"}],"author":[{"embeddable":true,"href":"https:\/\/www.europesays.com\/es\/wp-json\/wp\/v2\/users\/2"}],"replies":[{"embeddable":true,"href":"https:\/\/www.europesays.com\/es\/wp-json\/wp\/v2\/comments?post=274938"}],"version-history":[{"count":0,"href":"https:\/\/www.europesays.com\/es\/wp-json\/wp\/v2\/posts\/274938\/revisions"}],"wp:featuredmedia":[{"embeddable":true,"href":"https:\/\/www.europesays.com\/es\/wp-json\/wp\/v2\/media\/274939"}],"wp:attachment":[{"href":"https:\/\/www.europesays.com\/es\/wp-json\/wp\/v2\/media?parent=274938"}],"wp:term":[{"taxonomy":"category","embeddable":true,"href":"https:\/\/www.europesays.com\/es\/wp-json\/wp\/v2\/categories?post=274938"},{"taxonomy":"post_tag","embeddable":true,"href":"https:\/\/www.europesays.com\/es\/wp-json\/wp\/v2\/tags?post=274938"}],"curies":[{"name":"wp","href":"https:\/\/api.w.org\/{rel}","templated":true}]}}