{"id":274954,"date":"2025-12-06T22:56:11","date_gmt":"2025-12-06T22:56:11","guid":{"rendered":"https:\/\/www.europesays.com\/es\/274954\/"},"modified":"2025-12-06T22:56:11","modified_gmt":"2025-12-06T22:56:11","slug":"el-abogado-del-abuelo-del-nino-de-cuatro-anos-muerto-en-garrucha-denuncia-el-fracaso-absoluto-de-las-instituciones-publicas","status":"publish","type":"post","link":"https:\/\/www.europesays.com\/es\/274954\/","title":{"rendered":"El abogado del abuelo del ni\u00f1o de cuatro a\u00f1os muerto en Garrucha denuncia \u00abel fracaso absoluto de las instituciones p\u00fablicas\u00bb"},"content":{"rendered":"<p class=\"L6-news-detail__text\">El abogado del abuelo materno de Lucas, <b><a title=\"el ni\u00f1o de cuatro a\u00f1os muerto en Garrucha\" href=\"https:\/\/www.lasexta.com\/noticias\/sociedad\/creo-que-matado-hijo-claves-muerte-nino-cuatro-anos-garrucha-almeria_2025120469320dc69261f37ec73cb547.html\" target=\"_blank\" rel=\"nofollow noopener\">el ni\u00f1o de cuatro a\u00f1os muerto en Garrucha<\/a><\/b>, en Almer\u00eda, ha denunciado el <b>\u00abfracaso absoluto de las instituciones p\u00fablicas\u00bb<\/b> en la protecci\u00f3n del menor al asegurar que hab\u00eda evidentes se\u00f1ales de <b>maltrato y de absentismo <\/b>que el centro escolar y las fuerzas de seguridad ignoraron antes del crimen.<\/p>\n<p class=\"L6-news-detail__text\">As\u00ed lo ha dicho Jos\u00e9 Luis Mart\u00ednez, que ejercer\u00e1 la acusaci\u00f3n particular en nombre del abuelo del menor, a EFE despu\u00e9s del pase a disposici\u00f3n judicial de la <b>madre del ni\u00f1o y de su actual pareja sentimental<\/b>. Los dos, detenidos desde el mi\u00e9rcoles como presuntos autores de la muerte violenta del peque\u00f1o.<\/p>\n<p class=\"L6-news-detail__text\">\u00abEsto es un fracaso absoluto de las instituciones p\u00fablicas\u00bb, ha sentenciado el letrado, quien ha criticado la inacci\u00f3n del entorno educativo y social del menor. Seg\u00fan dice, hay testimonios de vecinos que ve\u00edan al ni\u00f1o <b>\u00abacudir solo todas las ma\u00f1anas al colegio\u00bb<\/b> para que no le agredieran en casa, y que adem\u00e1s asist\u00eda a clase con lesiones visibles.<\/p>\n<p class=\"L6-news-detail__text\">\u00abEn el centro educativo ve\u00edan que el ni\u00f1o llevaba <b>hematomas<\/b>, que ten\u00eda un <b>brazo encabestrado por una fractura<\/b>, y no hicieron nada\u00bb, ha lamentado Mart\u00ednez quien, adem\u00e1s, ha cuestionado que no se activasen los protocolos de absentismo o de maltrato infantil ante tales evidencias.<\/p>\n<p class=\"L6-news-detail__text\">Seg\u00fan el abogado,<b> ni la madre ni su pareja \u00abllevaron al ni\u00f1o al m\u00e9dico\u00bb <\/b>para evitar que los facultativos detectaran lesiones y activasen la alerta sanitaria.<\/p>\n<p class=\"L6-news-detail__text\">Adem\u00e1s, ha revelado que la hermana de su cliente, la t\u00eda abuela de la v\u00edctima, acudi\u00f3 tiempo atr\u00e1s a un cuartel de la <b><a title=\"Guardia Civil\" href=\"https:\/\/www.lasexta.com\/temas\/guardia_civil-1\" target=\"_blank\" rel=\"nofollow noopener\">Guardia Civil<\/a><\/b> mostrando una fotograf\u00eda en su m\u00f3vil, en la que se apreciaba que el ni\u00f1o ten\u00eda <b>\u00abun morat\u00f3n y un derrame en la sien\u00bb.<\/b><\/p>\n<p class=\"L6-news-detail__text\">Tal y como relata, los agentes le indicaron que \u00abten\u00eda que haber <b>una denuncia de la madre o un parte de lesiones\u00bb<\/b> para poder actuar, algo imposible dado que los presuntos agresores evitaban el sistema sanitario.<\/p>\n<p class=\"L6-news-detail__text\">Por su parte, el abuelo ha transmitido a su abogado una postura rotunda: \u00abVamos a sacar toda la verdad. <b>Si mi hija ha sido culpable, que lo pague\u00bb.<\/b><\/p>\n<p class=\"L6-news-detail__text\">\u00abEse hombre con el que viv\u00eda <b>la llev\u00f3 a hacer una cosa que no era.<\/b> Ella quer\u00eda mucho a su hijo\u00bb, expres\u00f3 el abuelo, destrozado, antes de romper a llorar. El hombre del que habla es la pareja de la madre, sospechoso de la muerte del ni\u00f1o, y sobre el que pesaba una orden de alejamiento desde octubre por \u00abmaltrato en el domicilio familiar\u00bb, seg\u00fan fuentes de la Guardia Civil a laSexta.<\/p>\n<p class=\"L6-news-detail__text\"><b><a title=\"*Sigue a laSexta en Google. Toda la actualidad y el mejor contenido aqu\u00ed.\" href=\"https:\/\/profile.google.com\/cp\/CgkvbS8wZG5xejA\" target=\"_blank\" rel=\"nofollow noopener\">*Sigue a laSexta en Google. Toda la actualidad y el mejor contenido aqu\u00ed.<\/a><\/b><\/p>\n<p class=\"L6-support-news-video__title\">El mes del consumo<\/p>\n<p>            <a href=\"https:\/\/www.lasexta.com\/noticias\/sociedad\/llega-diciembre-dudas-realidad-rebajas-promociones-semana-antes-suben-luego-bajan_20251206693476fb55584d48fb6c7f08.html\" class=\"L6-news__link\" rel=\"nofollow noopener\" target=\"_blank\"><br \/>\n                Llega diciembre y con \u00e9l, las dudas sobre la realidad de las rebajas: \u00abUna semana antes suben el precio y luego lo bajan\u00bb<\/p>\n<p class=\"recirculation-video-desc\">Los detalles Uno de los requisitos que dicta la ley para que una oferta sea legal es que se debe \u00abtener en cuenta siempre el precio m\u00ednimo anterior en los 30 \u00faltimos d\u00edas a publicar la oferta\u00bb.<\/p>\n<p>            <\/a><\/p>\n","protected":false},"excerpt":{"rendered":"El abogado del abuelo materno de Lucas, el ni\u00f1o de cuatro a\u00f1os muerto en Garrucha, en Almer\u00eda, ha&hellip;\n","protected":false},"author":2,"featured_media":274955,"comment_status":"","ping_status":"","sticky":false,"template":"","format":"standard","meta":{"footnotes":""},"categories":[8],"tags":[17,18,25,24,13,14,11,19,20,9,10,15,16,23,12,21,22],"class_list":{"0":"post-274954","1":"post","2":"type-post","3":"status-publish","4":"format-standard","5":"has-post-thumbnail","7":"category-espana","8":"tag-breaking-news","9":"tag-breakingnews","10":"tag-es","11":"tag-espana","12":"tag-featured-news","13":"tag-featurednews","14":"tag-headlines","15":"tag-latest-news","16":"tag-latestnews","17":"tag-news","18":"tag-noticias","19":"tag-noticias-destacadas","20":"tag-noticiasdestacadas","21":"tag-spain","22":"tag-titulares","23":"tag-ultimas-noticias","24":"tag-ultimasnoticias"},"share_on_mastodon":{"url":"https:\/\/pubeurope.com\/@es\/115675095812954804","error":""},"_links":{"self":[{"href":"https:\/\/www.europesays.com\/es\/wp-json\/wp\/v2\/posts\/274954","targetHints":{"allow":["GET"]}}],"collection":[{"href":"https:\/\/www.europesays.com\/es\/wp-json\/wp\/v2\/posts"}],"about":[{"href":"https:\/\/www.europesays.com\/es\/wp-json\/wp\/v2\/types\/post"}],"author":[{"embeddable":true,"href":"https:\/\/www.europesays.com\/es\/wp-json\/wp\/v2\/users\/2"}],"replies":[{"embeddable":true,"href":"https:\/\/www.europesays.com\/es\/wp-json\/wp\/v2\/comments?post=274954"}],"version-history":[{"count":0,"href":"https:\/\/www.europesays.com\/es\/wp-json\/wp\/v2\/posts\/274954\/revisions"}],"wp:featuredmedia":[{"embeddable":true,"href":"https:\/\/www.europesays.com\/es\/wp-json\/wp\/v2\/media\/274955"}],"wp:attachment":[{"href":"https:\/\/www.europesays.com\/es\/wp-json\/wp\/v2\/media?parent=274954"}],"wp:term":[{"taxonomy":"category","embeddable":true,"href":"https:\/\/www.europesays.com\/es\/wp-json\/wp\/v2\/categories?post=274954"},{"taxonomy":"post_tag","embeddable":true,"href":"https:\/\/www.europesays.com\/es\/wp-json\/wp\/v2\/tags?post=274954"}],"curies":[{"name":"wp","href":"https:\/\/api.w.org\/{rel}","templated":true}]}}