{"id":274956,"date":"2025-12-06T22:57:19","date_gmt":"2025-12-06T22:57:19","guid":{"rendered":"https:\/\/www.europesays.com\/es\/274956\/"},"modified":"2025-12-06T22:57:19","modified_gmt":"2025-12-06T22:57:19","slug":"victimas-de-la-dana-consideran-potencialmente-letal-la-actitud-del-jefe-de-gabinete-de-mazon-con-pradas-dejaron-morir-a-nuestros-familiares-eldiario-es","status":"publish","type":"post","link":"https:\/\/www.europesays.com\/es\/274956\/","title":{"rendered":"V\u00edctimas de la dana consideran &quot;potencialmente letal&quot; la actitud del jefe de gabinete de Maz\u00f3n con Pradas: &quot;\u00bfDejaron morir a nuestros familiares?&quot; &#8211; elDiario.es"},"content":{"rendered":"<ol>\n<li><a href=\"https:\/\/news.google.com\/rss\/articles\/CBMi-gFBVV95cUxPUExPZ1JLczVTMWY2ci0xVTR0TldKZTdodWhBNm0wcEpuNHIxT3d6aVZITzVFZjVROFVydENEaUhCZ2FFekhpd0xzNUcxSzJIRFdtRFAwQWVxYU1YRk04U0N1N19xSjZvN1VqcWNLcjUtYWczQU4zSTN1dElheTV0WGJEVzRiVk9LZzRLT3NpNlkxa1FCcjNPTVJpckVMOXVveFpyc2o3dXB5ZlBfV09vRG41a3dTRWJPU256U1dNOHpXbXdGanFjS1lYZXRRUkdPUkREZ0c4cGdBbk10Q0VlNUJrMUZhY3pXMDBNdE5meVRnTVVTRlNPUWxB0gH_AUFVX3lxTE9RV1ZLUXpkYnFhTlR3NXZJeEk5UU9rbzlVVlZ5Vl9oLXRjTFV0bHlvWURUYzJ4ZnM5dXlOLUV4OVBlUGJyT1g2UUY3VkxBTGNrQWNhQWlFeUJwOWZpWDV0ZXVxc0FOc3RCZFBxUkVselVxZGJyTzU2Y2Fja2FxYVNmR0tlUUlEMTR0bl8zTi1QOVE2TTdPaEl1LS13N3ZkUzVaNEpWNWp0UVFvZ3l4bEZCQ0lFNkEweDlBbDY3MzFfR3dDejlpQ0FQRldJT3B2b1NheVRGdGN2MWhWWlZLT3dRRFJ6MFg2dEJWeHhpS1l6Ukc0RUpQNjN1T1Y4V1lhUQ?oc=5\" target=\"_blank\" rel=\"nofollow noopener\">V\u00edctimas de la dana consideran \u00abpotencialmente letal\u00bb la actitud del jefe de gabinete de Maz\u00f3n con Pradas: \u00ab\u00bfDejaron morir a nuestros familiares?\u00bb<\/a>&nbsp;&nbsp;elDiario.es<\/li>\n<li><a href=\"https:\/\/news.google.com\/rss\/articles\/CBMi2gFBVV95cUxNVXBBSnczdUE2bnBncHdTa3c2RGtSTVhscFlyQm9WWE8xc0MtcGpfeVpHTzFLVWR5VERseGJUNjBqcDluYTlsZE9vdG8zUDRwZG9oeFk5ellxVjhEYzZZZEk5QlRSSUFUVGRuOG5FaC1NVkNWNGpHY2s4SGZ1S1pUQkFucDhybzdSWGM1cUlRU0tKY2RZc0FrQUlMclVFMzRUcWYtcE9oNUxWQk9pVVpzeEVEeXRiTTE0M1Vjclk5ZGpfNTUxMFNFTVJzeTBrdWR1NW1HYW5VZ01sZw?oc=5\" target=\"_blank\" rel=\"nofollow noopener\">Los minutos clave de la dana en los que se fren\u00f3 \u201cconfinar\u201d a la poblaci\u00f3n<\/a>&nbsp;&nbsp;EL PA\u00cdS<\/li>\n<li><a href=\"https:\/\/news.google.com\/rss\/articles\/CBMijAFBVV95cUxORDdCQWxXZ0ZoYmhRM1R0eEo5UnR5dVVmYlptX1duZ2J2ZFgzUzVGSC1IRlQ4RlVkUWliaEJrdDNJNnZrVWVFdTctaFpHa0RXaTB2SlZnaVU2bGROSUdxNUswZDFZZ0tqQlZnVUNLdHNWMDhTdzVhWnRSQlJkMzhXaGhhdzNya2tCUHNqctIBjAFBVV95cUxNWEdLeDEtTF8zM1NXczhxbDlUeFRuc29VclpuQmJncDl1SGlxck5yOE9aVGVZYmZTZ0hvUkVtbWdFd3BQbTdtbHhVYWNjLV91blN6UnN1NG5Ick5CVW1HaXBfOHB2bVVhekZvQ1dQZlZoc212c255OXZGUS14Z3c3ajhZOUE3TGJvZ1ZfRg?oc=5\" target=\"_blank\" rel=\"nofollow noopener\">El aluvi\u00f3n de mensajes a Pradas cerca a Maz\u00f3n en la causa de la dana por la implicaci\u00f3n de su jefe de gabinete en las \u00f3rdenes previas a la alerta<\/a>&nbsp;&nbsp;El Mundo<\/li>\n<li><a href=\"https:\/\/news.google.com\/rss\/articles\/CBMi3AFBVV95cUxNR0MydWgxV1JsSUhSTEt2dDhjTnlaZlZxU2padHA2SkRDZ3VwTUZicWJtUERVa0RIUHRDYUtlSWdNQXNGUVFHVUlLZ3F4OVNJUUJhUmt2REhObU03Qld4M0V0cVZuMDVqYmVPVDNlVU1FRjNpSS1jMHVRUWxtMTg1SWR4Z3RiNHA1aDBCc0tmYVBVMU15T1FsMkhfVWxGT0I1ZGhDRy1xWDdLMC1aRFRUZUxmN09yMHNwZm4xR2YydlFaVEdrVlkxUk11T2RNajhuVFB0YjQ2bFU3NWxu?oc=5\" target=\"_blank\" rel=\"nofollow noopener\">Los whatsapps que guardaba Pradas como \u00faltima bala implican de lleno a Maz\u00f3n y su jefe de gabinete en la causa de la dana<\/a>&nbsp;&nbsp;elDiario.es<\/li>\n<li><a href=\"https:\/\/news.google.com\/rss\/articles\/CBMi4gFBVV95cUxPQW1SN0hqbWlzQkhxZ0RNSVRzRFkwMXAxcF9nYnVaaV9RV1EtOW1Vazg1cVBPTldFYzdqLTVHd0FZNXh3TWZ0dTdYcjliR2MycTBZMDhaTXNTalIxZUJReHA4Y0d6bVpPMjlTM2pEWjJkZXZONHdWOEFpbzdRUk5qNmstNVlzRW1NSngwVkNTSGp4YlpKN0xpNmJQQkIxVU9FaFBjVFlJNi1tb0lleVowblhWdHdwaFR3cmJnT3VEZG8yVGZGU3NXb21oajkwM2JjR1U1LTRmZldWeTROQWp5b0VB0gHiAUFVX3lxTE9GeGxmNE5CVkY0REgyVU1VNnFpZGYwWDNpZ0tMbDhZNk9LRkd5T0dia3VhUkxqWlBkaXhUdzh1eWxLcjhjWElPT0VXY0xveUQxTTNjS2RVMUluZmt5ZXZYaFJIZUVZYnZtU1V6dVJoN0hNX2Q4SXU2eFR1Q0J5VlFNN3FLU2ZVb3NmcFNyVzhBcWFvemhxaFVLUVMzNFVQWUdhZUFKYVBpa2tlbm1tTkRJV3FYLWwybFhCNXNMU19oVWZHRG85cm9faWI4QUxfT3diNmVBbVlzdXh3eWZNZEs3a3c?oc=5\" target=\"_blank\" rel=\"nofollow noopener\">V\u00edctor Guillot: \u00abLos mensajes de Maz\u00f3n y Cuenca son de una miseria moral dif\u00edcil de medir\u00bb<\/a>&nbsp;&nbsp;Onda Cero<\/li>\n<\/ol>\n","protected":false},"excerpt":{"rendered":"V\u00edctimas de la dana consideran \u00abpotencialmente letal\u00bb la actitud del jefe de gabinete de Maz\u00f3n con Pradas: \u00ab\u00bfDejaron&hellip;\n","protected":false},"author":2,"featured_media":248356,"comment_status":"","ping_status":"","sticky":false,"template":"","format":"standard","meta":{"footnotes":""},"categories":[5],"tags":[17,18,25,24,13,14,11,19,20,9,10,15,16,23,12,21,22],"class_list":{"0":"post-274956","1":"post","2":"type-post","3":"status-publish","4":"format-standard","5":"has-post-thumbnail","7":"category-titulares","8":"tag-breaking-news","9":"tag-breakingnews","10":"tag-es","11":"tag-espana","12":"tag-featured-news","13":"tag-featurednews","14":"tag-headlines","15":"tag-latest-news","16":"tag-latestnews","17":"tag-news","18":"tag-noticias","19":"tag-noticias-destacadas","20":"tag-noticiasdestacadas","21":"tag-spain","22":"tag-titulares","23":"tag-ultimas-noticias","24":"tag-ultimasnoticias"},"share_on_mastodon":{"url":"https:\/\/pubeurope.com\/@es\/115675099522777387","error":""},"_links":{"self":[{"href":"https:\/\/www.europesays.com\/es\/wp-json\/wp\/v2\/posts\/274956","targetHints":{"allow":["GET"]}}],"collection":[{"href":"https:\/\/www.europesays.com\/es\/wp-json\/wp\/v2\/posts"}],"about":[{"href":"https:\/\/www.europesays.com\/es\/wp-json\/wp\/v2\/types\/post"}],"author":[{"embeddable":true,"href":"https:\/\/www.europesays.com\/es\/wp-json\/wp\/v2\/users\/2"}],"replies":[{"embeddable":true,"href":"https:\/\/www.europesays.com\/es\/wp-json\/wp\/v2\/comments?post=274956"}],"version-history":[{"count":0,"href":"https:\/\/www.europesays.com\/es\/wp-json\/wp\/v2\/posts\/274956\/revisions"}],"wp:featuredmedia":[{"embeddable":true,"href":"https:\/\/www.europesays.com\/es\/wp-json\/wp\/v2\/media\/248356"}],"wp:attachment":[{"href":"https:\/\/www.europesays.com\/es\/wp-json\/wp\/v2\/media?parent=274956"}],"wp:term":[{"taxonomy":"category","embeddable":true,"href":"https:\/\/www.europesays.com\/es\/wp-json\/wp\/v2\/categories?post=274956"},{"taxonomy":"post_tag","embeddable":true,"href":"https:\/\/www.europesays.com\/es\/wp-json\/wp\/v2\/tags?post=274956"}],"curies":[{"name":"wp","href":"https:\/\/api.w.org\/{rel}","templated":true}]}}