{"id":274961,"date":"2025-12-06T23:05:09","date_gmt":"2025-12-06T23:05:09","guid":{"rendered":"https:\/\/www.europesays.com\/es\/274961\/"},"modified":"2025-12-06T23:05:09","modified_gmt":"2025-12-06T23:05:09","slug":"alimerka-oviedo-baloncesto-alega-cantabria-primera-feb","status":"publish","type":"post","link":"https:\/\/www.europesays.com\/es\/274961\/","title":{"rendered":"ALIMERKA OVIEDO BALONCESTO ALEGA CANTABRIA PRIMERA FEB"},"content":{"rendered":"<p class=\"ft-text ft-helper-closenews\">El Alimerka Oviedo Baloncesto por fin pudo transformar todo lo bueno que est\u00e1 sucediendo en la grada en una victoria sobre la pista. Lo hizo de manera contundente, con un partido redondo ante el Alega Cantabria, en el que brill\u00f3 en defensa y cont\u00f3 con un sensacional Marques Townes para finiquitar el partido cuando tuvo alg\u00fan contratiempo.<\/p>\n<p class=\"ft-text\">El equipo asturiano sali\u00f3 al partido sabiendo lo que se jugaba, lo importante que era sumar un triunfo para dar confianza un grupo que viene trabajando bien y que necesita verlo reflejado en los partidos, sobre todo delante de los 4.772 espectadores que se congregaron en el Palacio de los Deportes de Oviedo.<\/p>\n<p class=\"ft-text\">La clave ha estado en la defensa, en ser fiel al estilo de Javi Rodr\u00edguez, a su exigencia de trabajar durante 40 minutos, ponga lo que ponga en el marcador. Esa buena puesta en escena, unida a un acierto exterior espectacular, con un Lobaco (ha cumplido cien partidos con el equipo azul) que lo hac\u00eda todo bien, en ataque y en defensa, permiti\u00f3 al OCB irse once arriba tras el primer cuarto (32-21).<\/p>\n<p class=\"ft-text\">El nivel de esfuerzo se mantuvo constante en el segundo parcial, con algo menos de acierto pero con una defensa espectacular, que dej\u00f3 al Alega Cantabria en 14 puntos. Una de las virtudes de Oviedo fue saber encontrar una y otra vez a Alonso Faure bajo el aro. El p\u00edvot alicantino mejora en cada partido y ante el Alega se fue a los 19 puntos, dej\u00e1ndose adem\u00e1s todo luego en el otro lado, saliendo a ayudar a los exteriores y volviendo para v\u00e9rselas con el inabarcable Jiahao Yu, p\u00edvot chino de 2.21 de estatura. Al descanso se fue el partido 51-35 y con una gran sensaci\u00f3n por parte del conjunto local.<\/p>\n<p class=\"ft-text\">Todo parec\u00eda caminar pl\u00e1cidamente hacia una victoria del Alimerka Oviedo, sobre todo porque seis puntos consecutivos de Faure llevaron la renta a la m\u00e1xima del partido (57-35). Pero enfrente hab\u00eda un equipo que tiene mucha p\u00f3lvora exterior, con Reggie Johnson, con el espectacular Jassel P\u00e9rez y con piezas como Samu Rodr\u00edguez (abandon\u00f3 el partido lesionado) o Pablo Hern\u00e1ndez, que pueden cambiar el partido en un visto y no visto.<\/p>\n<p class=\"ft-text\">Fue capaz Cantabria de subir esa intensidad, de encontrar a estos jugadores y de aprovecharse de unos minutos de zozobra ofensiva del conjunto ovetense. Esto permiti\u00f3 al Alega colocarse a nueve puntos al principio del cuarto y \u00faltimo parcial (74-65). Con m\u00e1s de nueve minutos de juego por delante y despu\u00e9s de haber tenido el partido controlado, el OCB ten\u00eda que cerrar el encuentro. Tuvo personalidad para ello.<\/p>\n<p class=\"ft-text\">Espectacular el triple que anot\u00f3 Dan Duscak a continuaci\u00f3n, con personalidad, con confianza, con los galones que se ha ganado en este equipo. Y si Dan tiene car\u00e1cter, Marques Townes no se queda atr\u00e1s y le cogi\u00f3 el testigo para hacer de todo y todo bien. Puntos, tapones, asistencias, de todo lo que se puede hacer en una cancha para finiquitar el partido, con saludo militar a la grada incluido.<\/p>\n<p class=\"ft-text\">La fiesta se culmin\u00f3, pudo debutar Pablo Longarela, un soldado m\u00e1s por un OCB que necesitara muchas piezas si mantiene este nivel f\u00edsico en todos los partidos, y el equipo va poco a poco situ\u00e1ndose en la situaci\u00f3n que quiere, con algo de margen con los de abajo y acerc\u00e1ndose a esos nuevos primeros puestos que supondr\u00edan un \u00e9xito may\u00fasculo. Cuentan con una afici\u00f3n que pocos tienen en esta Primera FEB y que debe servir de est\u00edmulo para ocultar las carencias de un equipo humilde que quiere probar a codearse con los gallitos de la categor\u00eda.<\/p>\n<p data-close=\"closedContent\" class=\"subscribeHideForDisplay\">Suscr\u00edbete para seguir leyendo<\/p>\n","protected":false},"excerpt":{"rendered":"El Alimerka Oviedo Baloncesto por fin pudo transformar todo lo bueno que est\u00e1 sucediendo en la grada en&hellip;\n","protected":false},"author":2,"featured_media":274962,"comment_status":"","ping_status":"","sticky":false,"template":"","format":"standard","meta":{"footnotes":""},"categories":[269],"tags":[1795,299,298,2771,1616,168,25,24,3238,1797,1796,6484,23,167,16591],"class_list":{"0":"post-274961","1":"post","2":"type-post","3":"status-publish","4":"format-standard","5":"has-post-thumbnail","7":"category-baloncesto","8":"tag-alimerka","9":"tag-baloncesto","10":"tag-basketball","11":"tag-cantabria","12":"tag-defensa","13":"tag-deportes","14":"tag-es","15":"tag-espana","16":"tag-mano","17":"tag-ocb","18":"tag-oviedo","19":"tag-oviedo-baloncesto","20":"tag-spain","21":"tag-sports","22":"tag-viene"},"share_on_mastodon":{"url":"https:\/\/pubeurope.com\/@es\/115675131021260670","error":""},"_links":{"self":[{"href":"https:\/\/www.europesays.com\/es\/wp-json\/wp\/v2\/posts\/274961","targetHints":{"allow":["GET"]}}],"collection":[{"href":"https:\/\/www.europesays.com\/es\/wp-json\/wp\/v2\/posts"}],"about":[{"href":"https:\/\/www.europesays.com\/es\/wp-json\/wp\/v2\/types\/post"}],"author":[{"embeddable":true,"href":"https:\/\/www.europesays.com\/es\/wp-json\/wp\/v2\/users\/2"}],"replies":[{"embeddable":true,"href":"https:\/\/www.europesays.com\/es\/wp-json\/wp\/v2\/comments?post=274961"}],"version-history":[{"count":0,"href":"https:\/\/www.europesays.com\/es\/wp-json\/wp\/v2\/posts\/274961\/revisions"}],"wp:featuredmedia":[{"embeddable":true,"href":"https:\/\/www.europesays.com\/es\/wp-json\/wp\/v2\/media\/274962"}],"wp:attachment":[{"href":"https:\/\/www.europesays.com\/es\/wp-json\/wp\/v2\/media?parent=274961"}],"wp:term":[{"taxonomy":"category","embeddable":true,"href":"https:\/\/www.europesays.com\/es\/wp-json\/wp\/v2\/categories?post=274961"},{"taxonomy":"post_tag","embeddable":true,"href":"https:\/\/www.europesays.com\/es\/wp-json\/wp\/v2\/tags?post=274961"}],"curies":[{"name":"wp","href":"https:\/\/api.w.org\/{rel}","templated":true}]}}