{"id":274974,"date":"2025-12-06T23:13:08","date_gmt":"2025-12-06T23:13:08","guid":{"rendered":"https:\/\/www.europesays.com\/es\/274974\/"},"modified":"2025-12-06T23:13:08","modified_gmt":"2025-12-06T23:13:08","slug":"tambien-gana-esto-leo-messi-es-el-mvp-de-la-mls-cup-2025-presentada-por-audi","status":"publish","type":"post","link":"https:\/\/www.europesays.com\/es\/274974\/","title":{"rendered":"Tambi\u00e9n gana esto: Leo Messi es el MVP de la MLS Cup 2025 presentada por Audi"},"content":{"rendered":"<p><a href=\"https:\/\/www.mlssoccer.com\/players\/lionel-messi\/\" rel=\"nofollow noopener\" target=\"_blank\">Lionel Messi<\/a> lider\u00f3 a <a href=\"https:\/\/es.mlssoccer.com\/clubes\/inter-miami-cf\/\" rel=\"nofollow noopener\" target=\"_blank\">Inter Miami CF<\/a> a la gloria en MLS, dando a &#8216;las Garzas&#8217; su primer Trofeo Philip F. Anschutz como el MVP de la MLS Cup 2025, presentada por Audi.<\/p>\n<p>El legendario #10 argentino particip\u00f3 en los tres goles de su equipo, con dos asistencias en la victoria del s\u00e1bado por <a href=\"https:\/\/www.mlssoccer.com\/competitions\/mls-cup-playoffs\/2025\/matches\/miavsvan-12-06-2025\/\" rel=\"nofollow noopener\" target=\"_blank\">3-1<\/a> sobre <a href=\"https:\/\/es.mlssoccer.com\/clubes\/vancouver-whitecaps-fc\/\" rel=\"nofollow noopener\" target=\"_blank\">Vancouver Whitecaps FC<\/a> en el Chase Stadium.<\/p>\n<p>La demostraci\u00f3n de Messi concluy\u00f3 unos hist\u00f3ricos playoffs de la MLS Cup presentados por Audi para el ganador de ocho Balones de Oro, en los que estableci\u00f3 un nuevo r\u00e9cord de portemporada con una cantidad r\u00e9cord de contribuciones a gol (6g\/9a).<\/p>\n<p>Messi hizo m\u00e1s historia todav\u00eda, junto con su compatriota <a href=\"https:\/\/www.mlssoccer.com\/players\/rodrigo-de-paul\/\" rel=\"nofollow noopener\" target=\"_blank\">Rodrigo De Paul<\/a> y la leyenda de Espa\u00f1a <a href=\"https:\/\/www.mlssoccer.com\/players\/sergio-busquets\/\" rel=\"nofollow noopener\" target=\"_blank\">Sergio Busquets<\/a>, al convertirse en los primeros ganadores de una Copa del Mundo de FIFA en alzar tambi\u00e9n una MLS Cup. En el proceso, derrotaron a otro campe\u00f3n del mundo en Vancouver, el \u00edcono alem\u00e1n <a href=\"https:\/\/www.mlssoccer.com\/players\/thomas-muller\/\" rel=\"nofollow noopener\" target=\"_blank\">Thomas M\u00fcller<\/a>.<\/p>\n<p>Messi gan\u00f3 su tercer trofeo con Miami desde su revolucionaria llegada en julio de 2023, a\u00f1adiendo la Copa MLS a los t\u00edtulos de la Leagues Cup 2023 y el Supporters&#8217; Shield 2024.<\/p>\n<p>Tras firmar recientemente una extensi\u00f3n de contrato con los Herons hasta 2028, Messi buscar\u00e1 hacer m\u00e1s historia en el sur de Florida la pr\u00f3xima temporada en el nuevo estadio del club, el Miami Freedom Park.<\/p>\n<p>Durante la temporada regular, Messi gan\u00f3 el Bot\u00edn de Oro de MLS 2025 presentada por Audi con 29 goles y 19 asistencias. Es el favorito para convertirse en el primer ganador consecutivo del premio Landon Donovan al Jugador M\u00e1s Valioso de MLS.<\/p>\n","protected":false},"excerpt":{"rendered":"Lionel Messi lider\u00f3 a Inter Miami CF a la gloria en MLS, dando a &#8216;las Garzas&#8217; su primer&hellip;\n","protected":false},"author":2,"featured_media":274975,"comment_status":"","ping_status":"","sticky":false,"template":"","format":"standard","meta":{"footnotes":""},"categories":[93],"tags":[168,25,24,3532,3411,65527,67131,65526,3531,23,167],"class_list":{"0":"post-274974","1":"post","2":"type-post","3":"status-publish","4":"format-standard","5":"has-post-thumbnail","7":"category-deportes","8":"tag-deportes","9":"tag-es","10":"tag-espana","11":"tag-inter-miami-cf","12":"tag-lionel-messi","13":"tag-match-reaction","14":"tag-miavsvan-12-06-2025","15":"tag-mls-cup-playoffs","16":"tag-sendtonews","17":"tag-spain","18":"tag-sports"},"share_on_mastodon":{"url":"https:\/\/pubeurope.com\/@es\/115675162828584063","error":""},"_links":{"self":[{"href":"https:\/\/www.europesays.com\/es\/wp-json\/wp\/v2\/posts\/274974","targetHints":{"allow":["GET"]}}],"collection":[{"href":"https:\/\/www.europesays.com\/es\/wp-json\/wp\/v2\/posts"}],"about":[{"href":"https:\/\/www.europesays.com\/es\/wp-json\/wp\/v2\/types\/post"}],"author":[{"embeddable":true,"href":"https:\/\/www.europesays.com\/es\/wp-json\/wp\/v2\/users\/2"}],"replies":[{"embeddable":true,"href":"https:\/\/www.europesays.com\/es\/wp-json\/wp\/v2\/comments?post=274974"}],"version-history":[{"count":0,"href":"https:\/\/www.europesays.com\/es\/wp-json\/wp\/v2\/posts\/274974\/revisions"}],"wp:featuredmedia":[{"embeddable":true,"href":"https:\/\/www.europesays.com\/es\/wp-json\/wp\/v2\/media\/274975"}],"wp:attachment":[{"href":"https:\/\/www.europesays.com\/es\/wp-json\/wp\/v2\/media?parent=274974"}],"wp:term":[{"taxonomy":"category","embeddable":true,"href":"https:\/\/www.europesays.com\/es\/wp-json\/wp\/v2\/categories?post=274974"},{"taxonomy":"post_tag","embeddable":true,"href":"https:\/\/www.europesays.com\/es\/wp-json\/wp\/v2\/tags?post=274974"}],"curies":[{"name":"wp","href":"https:\/\/api.w.org\/{rel}","templated":true}]}}