{"id":274976,"date":"2025-12-06T23:14:05","date_gmt":"2025-12-06T23:14:05","guid":{"rendered":"https:\/\/www.europesays.com\/es\/274976\/"},"modified":"2025-12-06T23:14:05","modified_gmt":"2025-12-06T23:14:05","slug":"ramon-martinez-rumbo-pesar-por-la-muerte-de-ramon-martinez-rumbo-exdirector-de-neurologia-del-chus-y-pionero-en-cirugia-del-parkinson","status":"publish","type":"post","link":"https:\/\/www.europesays.com\/es\/274976\/","title":{"rendered":"RAM\u00d3N MART\u00cdNEZ RUMBO | Pesar por la muerte de Ram\u00f3n Mart\u00ednez-Rumbo, exdirector de Neurolog\u00eda del CHUS y pionero en cirug\u00eda del P\u00e1rkinson"},"content":{"rendered":"<p class=\"ft-text\">El f<strong>allecimiento a los 86 a\u00f1os de edad de Ram\u00f3n Domingo Mart\u00ednez-Rumbo del Castillo<\/strong>\u00a0(<a href=\"https:\/\/www.elcorreogallego.es\/tags\/a-coruna\/\" class=\"ft-link ft-link--decoration\" rel=\"nofollow noopener\" target=\"_blank\"><strong>A Coru\u00f1a<\/strong><\/a>, 1939) ha generado un hondo pesar en\u00a0<a href=\"https:\/\/www.elcorreogallego.es\/tags\/galicia\/\" class=\"ft-link ft-link--decoration\" rel=\"nofollow noopener\" target=\"_blank\"><strong>Santiago\u00a0<\/strong><\/a>ya que integr\u00f3 una saga de m\u00e9dicos que inici\u00f3 su bisabuelo y fue\u00a0<strong>pionero en Galicia en cirug\u00eda del P\u00e1rkinson<\/strong>. Y este domingo se celebra una misa de cuerpo presente, a las 19.30 horas, en la capilla del tanatorio municipal de Boisaca. El finado comenz\u00f3 su carrera en la facultad de Medicina de la USC. Y, tras estancias en pa\u00edses como Francia y EEUU, lleg\u00f3 a ser\u00a0<strong>profesor asociado de Neurocirug\u00eda en la USC<\/strong>\u00a0y llev\u00f3 las riendas del\u00a0<strong>servicio de esta especialidad en el\u00a0<\/strong><a href=\"https:\/\/www.elcorreogallego.es\/tags\/chus\/\" class=\"ft-link ft-link--decoration\" rel=\"nofollow noopener\" target=\"_blank\"><strong>CHUS<\/strong><\/a>, que consigui\u00f3 poner en la elite de los mejores de Espa\u00f1a al ser el \u00fanico, en 2004, en ofrecer tres procesos a la vez: cirug\u00eda del P\u00e1rkinson, de la epilepsia y radiocirug\u00eda. Cuatro a\u00f1os antes ya logr\u00f3 algo inimaginable por entonces, que un m\u00e9dico operase el cerebro de un paciente estando \u00e9ste despierto. As\u00ed, puso al\u00a0<strong>servicio de Neurocirug\u00eda del CHUS<\/strong>, que dirigi\u00f3 de 1992 a 2009,\u00a0<strong>en el top ten de Espa\u00f1a<\/strong>.<\/p>\n<p class=\"ft-text\">De hecho, fue\u00a0<strong>pionero en Galicia en cirug\u00eda del P\u00e1rkinson y movimientos anormales<\/strong>, y tambi\u00e9n en cirug\u00eda vascular cerebral y en cirug\u00eda m\u00ednimamente invasiva de raquis. Destac\u00f3 adem\u00e1s su labor cient\u00edfica, con m\u00e1s de cien publicaciones en revistas nacionales y extranjeras aparte de m\u00e1s de 150 comunicaciones en congresos celebrados en todo el mundo.<\/p>\n","protected":false},"excerpt":{"rendered":"El fallecimiento a los 86 a\u00f1os de edad de Ram\u00f3n Domingo Mart\u00ednez-Rumbo del Castillo\u00a0(A Coru\u00f1a, 1939) ha generado&hellip;\n","protected":false},"author":2,"featured_media":274977,"comment_status":"","ping_status":"","sticky":false,"template":"","format":"standard","meta":{"footnotes":""},"categories":[92],"tags":[9525,25,24,165,825,4920,11110,11082,1089,166,2450,23],"class_list":{"0":"post-274976","1":"post","2":"type-post","3":"status-publish","4":"format-standard","5":"has-post-thumbnail","7":"category-salud","8":"tag-chus","9":"tag-es","10":"tag-espana","11":"tag-health","12":"tag-martinez","13":"tag-muerte","14":"tag-pesar","15":"tag-ramon","16":"tag-rumbo","17":"tag-salud","18":"tag-santiago","19":"tag-spain"},"share_on_mastodon":{"url":"https:\/\/pubeurope.com\/@es\/115675166392259855","error":""},"_links":{"self":[{"href":"https:\/\/www.europesays.com\/es\/wp-json\/wp\/v2\/posts\/274976","targetHints":{"allow":["GET"]}}],"collection":[{"href":"https:\/\/www.europesays.com\/es\/wp-json\/wp\/v2\/posts"}],"about":[{"href":"https:\/\/www.europesays.com\/es\/wp-json\/wp\/v2\/types\/post"}],"author":[{"embeddable":true,"href":"https:\/\/www.europesays.com\/es\/wp-json\/wp\/v2\/users\/2"}],"replies":[{"embeddable":true,"href":"https:\/\/www.europesays.com\/es\/wp-json\/wp\/v2\/comments?post=274976"}],"version-history":[{"count":0,"href":"https:\/\/www.europesays.com\/es\/wp-json\/wp\/v2\/posts\/274976\/revisions"}],"wp:featuredmedia":[{"embeddable":true,"href":"https:\/\/www.europesays.com\/es\/wp-json\/wp\/v2\/media\/274977"}],"wp:attachment":[{"href":"https:\/\/www.europesays.com\/es\/wp-json\/wp\/v2\/media?parent=274976"}],"wp:term":[{"taxonomy":"category","embeddable":true,"href":"https:\/\/www.europesays.com\/es\/wp-json\/wp\/v2\/categories?post=274976"},{"taxonomy":"post_tag","embeddable":true,"href":"https:\/\/www.europesays.com\/es\/wp-json\/wp\/v2\/tags?post=274976"}],"curies":[{"name":"wp","href":"https:\/\/api.w.org\/{rel}","templated":true}]}}