{"id":274984,"date":"2025-12-06T23:18:09","date_gmt":"2025-12-06T23:18:09","guid":{"rendered":"https:\/\/www.europesays.com\/es\/274984\/"},"modified":"2025-12-06T23:18:09","modified_gmt":"2025-12-06T23:18:09","slug":"la-onu-alerta-sobre-la-perdida-de-seguridad-del-sarcofago-de-chernobil-por-el-impacto-de-un-dron-la-voz-de-galicia","status":"publish","type":"post","link":"https:\/\/www.europesays.com\/es\/274984\/","title":{"rendered":"La ONU alerta sobre la p\u00e9rdida de seguridad del sarc\u00f3fago de Chern\u00f3bil por el impacto de un dron &#8211; La Voz de Galicia"},"content":{"rendered":"<ol>\n<li><a href=\"https:\/\/news.google.com\/rss\/articles\/CBMi7wFBVV95cUxNWF9LdUhMeHVLUjJDWXVqQWswOXF0VGlEYTkwY2twVTJualFCcDJQRHN3dFNFSWxKSllIU2xIdVB3YnZLenZvaWtyMFBBX0YwNTJyTGxnZnNmeDB5Mml0Y3ljU2RrZW45cWtFZjJiY01sQS05UEVIV05Ua1lkS1JOMDBGSVBiVzFZVXlyX0JyekJvV183NHRVRDZnRnRLclYyU2t5WEVTWW1NWGtJMlBScVRhaFpZa2NjaGVYRW5YZGhObHZTTHNFY2h5SjVRU08yWVZ4Z0ZiNURaSEV5QjZ3Qk1icUN6eU5iTzhBWUswRQ?oc=5\" target=\"_blank\" rel=\"nofollow noopener\">La ONU alerta sobre la p\u00e9rdida de seguridad del sarc\u00f3fago de Chern\u00f3bil por el impacto de un dron<\/a>&nbsp;&nbsp;La Voz de Galicia<\/li>\n<li><a href=\"https:\/\/news.google.com\/rss\/articles\/CBMi-AFBVV95cUxNSlo1OTBhZW5CbXlqUm51RWNSYkRtSkhQRlNlMHQ5d0xQQ1BsV3pySFc1ZV93cUFLSnRlUEszdGNOS2JZNEdZZzQ1VVpxZWF5UzJGalRINkppUHZvU1RYMThEOHJWTWFvTkZQMmk5N0QtTDZ2YVJJMU5PN1RlaDZoVHYxUTBIbEpaUlgzVGV2WEIwaUxPSTRHeG03ekNYenIyOTNUZEFVUXdQSF9xX1VyVG1FX1l0c0tOelY0TkRQcHNhVmF1MUNzdWo5c3Myb3ZkRU9EeFFGSFJ4aGI3NTRBV1FObTRlbENQMDhHX2ljckQzcEowU3VkYg?oc=5\" target=\"_blank\" rel=\"nofollow noopener\">El sarc\u00f3fago de la central nuclear de Chern\u00f3bil pierde su funci\u00f3n protectora tras el impacto de un dron, seg\u00fan la ONU<\/a>&nbsp;&nbsp;EL PA\u00cdS<\/li>\n<li><a href=\"https:\/\/news.google.com\/rss\/articles\/CBMilwFBVV95cUxPaXdkNGtwVVpla2s5UEk5aXBKX1RKMlU5cDAzT0V1WnhiYlVYMFZ2OE0wWW9FQnV6YVh1SW14WHk0ZmMwMFd2SEJxbjN2cVFJeHk5ODNzaGNETXV5TWdKT0lIaFZkVjZVd0gwQ01sTHNZeE5YdTdqa09MU1MzSEVadXJRWFIwOVJJMHRHdS1hUlVHVHJ6WkE4?oc=5\" target=\"_blank\" rel=\"nofollow noopener\">El escudo protector de Chernobyl ya no contiene la radiaci\u00f3n por un ataque con drones, seg\u00fan el organismo de control de ONU<\/a>&nbsp;&nbsp;CNN en Espa\u00f1ol<\/li>\n<li><a href=\"https:\/\/news.google.com\/rss\/articles\/CBMivgFBVV95cUxNR01aUTd5WHVGTFB1WGY2OG4zRTJ1eXFpb3pkUlZSaEQzZkcwbENmV09PblkybkZpb2ZnLW90NlZLTHBFY1ZsTi0wOG12RDc0eGs4YlQtb2plbTI3NEc0aFFoNTdLanpMT09XdURTNzRhYTN5R0g1a2xvcFA1UTR3VjJCQTY1RnUtMl9HUjNLZVF2TlhXWE9nU3ZfbGQ0bGlKbm5GRngwV3p2a2lxYUw3YkExQ0hnMEkzMmNFWmpn?oc=5\" target=\"_blank\" rel=\"nofollow noopener\">Un ataque militar da\u00f1a la protecci\u00f3n de la c\u00fapula de un reactor de Chern\u00f3bil<\/a>&nbsp;&nbsp;Vozp\u00f3puli<\/li>\n<li><a href=\"https:\/\/news.google.com\/rss\/articles\/CBMi2AFBVV95cUxNWFd5QXR2NzdZUDlBcWRDWWFkQnFKVlhSZjRRbnFrSFBrYmhUNVJHT3pocjlPQy1ZRDZtQWtrWjVfSHI0S3Z6ZTJ3YzRPczZiWElPMWQ1WV9FUGtlSUw0alpXTEpycjRFZ2R0WDlDZFdzRXU4c2FzcHk1czF1MnR4bjRzaFZ6c0lyQzdMTW5weXl0RXo5czJDVjBaSndUbFZ0VHo2OFdjU1ZfT2x1RUF3cWhlR2Q4ak5Yd0ZqU044Y1Eyb0dieWcyaGpPOHlmYVo1SkVCTHlvdW0?oc=5\" target=\"_blank\" rel=\"nofollow noopener\">La ONU avisa que el nuevo sarc\u00f3fago de Chern\u00f3bil ha perdido su \u00abfunci\u00f3n principal de contenci\u00f3n\u00bb<\/a>&nbsp;&nbsp;Europa Press<\/li>\n<\/ol>\n","protected":false},"excerpt":{"rendered":"La ONU alerta sobre la p\u00e9rdida de seguridad del sarc\u00f3fago de Chern\u00f3bil por el impacto de un dron&nbsp;&nbsp;La&hellip;\n","protected":false},"author":2,"featured_media":274985,"comment_status":"","ping_status":"","sticky":false,"template":"","format":"standard","meta":{"footnotes":""},"categories":[42],"tags":[17,18,13,14,11,61,62,63,64,19,20,9,10,15,16,12,21,22,65,66,67],"class_list":{"0":"post-274984","1":"post","2":"type-post","3":"status-publish","4":"format-standard","5":"has-post-thumbnail","7":"category-internacional","8":"tag-breaking-news","9":"tag-breakingnews","10":"tag-featured-news","11":"tag-featurednews","12":"tag-headlines","13":"tag-internacional","14":"tag-international","15":"tag-international-news","16":"tag-internationalnews","17":"tag-latest-news","18":"tag-latestnews","19":"tag-news","20":"tag-noticias","21":"tag-noticias-destacadas","22":"tag-noticiasdestacadas","23":"tag-titulares","24":"tag-ultimas-noticias","25":"tag-ultimasnoticias","26":"tag-world","27":"tag-world-news","28":"tag-worldnews"},"share_on_mastodon":{"url":"https:\/\/pubeurope.com\/@es\/115675182675648120","error":""},"_links":{"self":[{"href":"https:\/\/www.europesays.com\/es\/wp-json\/wp\/v2\/posts\/274984","targetHints":{"allow":["GET"]}}],"collection":[{"href":"https:\/\/www.europesays.com\/es\/wp-json\/wp\/v2\/posts"}],"about":[{"href":"https:\/\/www.europesays.com\/es\/wp-json\/wp\/v2\/types\/post"}],"author":[{"embeddable":true,"href":"https:\/\/www.europesays.com\/es\/wp-json\/wp\/v2\/users\/2"}],"replies":[{"embeddable":true,"href":"https:\/\/www.europesays.com\/es\/wp-json\/wp\/v2\/comments?post=274984"}],"version-history":[{"count":0,"href":"https:\/\/www.europesays.com\/es\/wp-json\/wp\/v2\/posts\/274984\/revisions"}],"wp:featuredmedia":[{"embeddable":true,"href":"https:\/\/www.europesays.com\/es\/wp-json\/wp\/v2\/media\/274985"}],"wp:attachment":[{"href":"https:\/\/www.europesays.com\/es\/wp-json\/wp\/v2\/media?parent=274984"}],"wp:term":[{"taxonomy":"category","embeddable":true,"href":"https:\/\/www.europesays.com\/es\/wp-json\/wp\/v2\/categories?post=274984"},{"taxonomy":"post_tag","embeddable":true,"href":"https:\/\/www.europesays.com\/es\/wp-json\/wp\/v2\/tags?post=274984"}],"curies":[{"name":"wp","href":"https:\/\/api.w.org\/{rel}","templated":true}]}}