{"id":274988,"date":"2025-12-06T23:20:47","date_gmt":"2025-12-06T23:20:47","guid":{"rendered":"https:\/\/www.europesays.com\/es\/274988\/"},"modified":"2025-12-06T23:20:47","modified_gmt":"2025-12-06T23:20:47","slug":"los-posibles-onces-de-atletico-y-athletic-en-san-mames","status":"publish","type":"post","link":"https:\/\/www.europesays.com\/es\/274988\/","title":{"rendered":"Los posibles onces de Atl\u00e9tico y Athletic en San Mam\u00e9s"},"content":{"rendered":"<p data-gtm-element-container=\"modulo-texto-link\" class=\"paragraph\">El <strong>Atl\u00e9tico de Madrid<\/strong> visita este s\u00e1bado San Mam\u00e9s para medirse al <strong>Athletic <\/strong>a partir de las 21 horas. Y lo hace con varias bajas, las de <strong>Marcos Llorente, Josema Gim\u00e9nez, \u00c1lex Baena y Johnny Cardoso<\/strong>, pero con el alta de<strong> Le Normand<\/strong>, cuya presencia en el once es una inc\u00f3gnita al haber completado s\u00f3lo dos sesiones con el grupo.<\/p>\n<p>        Lee tambi\u00e9n<\/p>\n<p>    Javier G. G\u00f3mara<\/p>\n<p>             <img loading=\"lazy\" decoding=\"async\" data-full-src=\"https:\/\/www.mundodeportivo.com\/uploads\/2025\/12\/02\/692f56cf9a5f4.jpeg\" alt=\"Horizontal\" width=\"334\" height=\"164\" src=\"https:\/\/www.europesays.com\/es\/wp-content\/uploads\/2025\/12\/692f56cf9a5f4.jpeg\" class=\"lazy\"\/><\/p>\n<p data-gtm-element-container=\"modulo-texto-link\" class=\"paragraph\">En el \u00faltimo entrenamiento antes del partido, <strong>Diego Simeone<\/strong> no prob\u00f3 con un equipo como tal, pero s\u00ed dio pistas de sus intenciones, que deben corroborarse este mismo s\u00e1bado antes del choque, cuando el entrenador, junto a su cuerpo t\u00e9cnico, decida qui\u00e9nes salen de inicio.<\/p>\n<p data-gtm-element-container=\"modulo-texto-link\" class=\"paragraph\"><strong>Jan Oblak<\/strong> estar\u00e1 bajo palos, con una defensa que puede ser la formada por <strong>Molina, Pubill, Hancko y Nico<\/strong>. Si entra <strong>Le Normand<\/strong>, el ex del Almer\u00eda pasar\u00e1 al banquillo, mientras que si repite <strong>Lenglet <\/strong>en el centro de la zaga, <strong>Hancko <\/strong>ser\u00e1 lateral y Nico adelantar\u00e1 su posici\u00f3n.<\/p>\n<p data-gtm-element-container=\"modulo-texto-link\" class=\"paragraph\">En el centro del campo <strong>Barrios y Giuliano<\/strong> son fijos, con <strong>Koke <\/strong>o <strong>Gallagher <\/strong>como pareja del canterano en el medio y Almada por la izquierda si Nico se mantiene en el lateral. Y arriba junto a <strong>Juli\u00e1n <\/strong>puede comenzar <strong>Griezmann<\/strong>, aunque <strong>Sorloth <\/strong>tambi\u00e9n cuenta con opciones.<\/p>\n<p>        Lee tambi\u00e9n<\/p>\n<p>    EFE<\/p>\n<p>             <img loading=\"lazy\" decoding=\"async\" data-full-src=\"https:\/\/www.mundodeportivo.com\/uploads\/2025\/11\/19\/691dbc6218fbd.jpeg\" alt=\"I\u00f1aki Williams ha realizado carrera continua en Lezama\" width=\"334\" height=\"164\" src=\"https:\/\/www.europesays.com\/es\/wp-content\/uploads\/2025\/12\/691dbc6218fbd.r_d.1917-873.jpeg\" class=\"lazy\"\/><\/p>\n<p data-gtm-element-container=\"modulo-texto-link\" class=\"paragraph\">Por su parte, el Athletic, donde Ernesto Valverde no recupera a I\u00f1aki Williams, puede salir con el siguiente once: <strong>Unai Sim\u00f3n; Gorosabel, Paredes, Laporte, Yuri; Galarreta, Jauregizar, Sancet; Berenguer, Unai Gomez y Guruzeta<\/strong>. Si es as\u00ed, Nico Williams comenzar\u00eda en el banquillo, siendo un revulsivo de lujo para la segunda mitad.<\/p>\n","protected":false},"excerpt":{"rendered":"El Atl\u00e9tico de Madrid visita este s\u00e1bado San Mam\u00e9s para medirse al Athletic a partir de las 21&hellip;\n","protected":false},"author":2,"featured_media":274989,"comment_status":"","ping_status":"","sticky":false,"template":"","format":"standard","meta":{"footnotes":""},"categories":[5],"tags":[17,18,25,24,13,14,11,19,20,9,10,15,16,23,12,21,22],"class_list":{"0":"post-274988","1":"post","2":"type-post","3":"status-publish","4":"format-standard","5":"has-post-thumbnail","7":"category-titulares","8":"tag-breaking-news","9":"tag-breakingnews","10":"tag-es","11":"tag-espana","12":"tag-featured-news","13":"tag-featurednews","14":"tag-headlines","15":"tag-latest-news","16":"tag-latestnews","17":"tag-news","18":"tag-noticias","19":"tag-noticias-destacadas","20":"tag-noticiasdestacadas","21":"tag-spain","22":"tag-titulares","23":"tag-ultimas-noticias","24":"tag-ultimasnoticias"},"share_on_mastodon":{"url":"https:\/\/pubeurope.com\/@es\/115675194237077724","error":""},"_links":{"self":[{"href":"https:\/\/www.europesays.com\/es\/wp-json\/wp\/v2\/posts\/274988","targetHints":{"allow":["GET"]}}],"collection":[{"href":"https:\/\/www.europesays.com\/es\/wp-json\/wp\/v2\/posts"}],"about":[{"href":"https:\/\/www.europesays.com\/es\/wp-json\/wp\/v2\/types\/post"}],"author":[{"embeddable":true,"href":"https:\/\/www.europesays.com\/es\/wp-json\/wp\/v2\/users\/2"}],"replies":[{"embeddable":true,"href":"https:\/\/www.europesays.com\/es\/wp-json\/wp\/v2\/comments?post=274988"}],"version-history":[{"count":0,"href":"https:\/\/www.europesays.com\/es\/wp-json\/wp\/v2\/posts\/274988\/revisions"}],"wp:featuredmedia":[{"embeddable":true,"href":"https:\/\/www.europesays.com\/es\/wp-json\/wp\/v2\/media\/274989"}],"wp:attachment":[{"href":"https:\/\/www.europesays.com\/es\/wp-json\/wp\/v2\/media?parent=274988"}],"wp:term":[{"taxonomy":"category","embeddable":true,"href":"https:\/\/www.europesays.com\/es\/wp-json\/wp\/v2\/categories?post=274988"},{"taxonomy":"post_tag","embeddable":true,"href":"https:\/\/www.europesays.com\/es\/wp-json\/wp\/v2\/tags?post=274988"}],"curies":[{"name":"wp","href":"https:\/\/api.w.org\/{rel}","templated":true}]}}