{"id":274994,"date":"2025-12-06T23:28:17","date_gmt":"2025-12-06T23:28:17","guid":{"rendered":"https:\/\/www.europesays.com\/es\/274994\/"},"modified":"2025-12-06T23:28:17","modified_gmt":"2025-12-06T23:28:17","slug":"el-unicaja-calla-al-barris-nord","status":"publish","type":"post","link":"https:\/\/www.europesays.com\/es\/274994\/","title":{"rendered":"El Unicaja calla al Barris Nord"},"content":{"rendered":"<p class=\"\">Coinciden jugadores y entrenadores que la ac\u00fastica del <b>Barris Nord<\/b> tiene poco parang\u00f3n en <b>Liga Endesa<\/b>, cancha con alguna connotaci\u00f3n griega o turca cuando se remanga. Lo comprob\u00f3 en sus carnes el <b>Unicaja<\/b>, sudando tinta china para sacar un triunfo de enorme valor <b>(88-89)<\/b> y colocarse en <b>6-3<\/b>, sonre\u00edr tras el par\u00f3n y rellenando esa primera columna de cara a la <b>Copa del Rey de Valencia<\/b>. Batalla intensa, con una segunda parte donde vino en estampida este emocional <b>Hiopos Lleida (37-51 al descanso)<\/b> bajo el empuje de su pabell\u00f3n, pero mayor poso y gesti\u00f3n del equipo malague\u00f1o en los minutos finales, con el partido en un pu\u00f1o. Lleg\u00f3 desfondado el conjunto catal\u00e1n, con algunos sus jugadores trocales eliminados (Ejim o Agada) y el <b>Unicaja <\/b>lo amarr\u00f3 despu\u00e9s de dominar en el grueso y saber sufrir cuando tocaba. <b>Balcerowski, el m\u00e1s destacado (19 puntos y 29 de valoraci\u00f3n).<\/b><\/p>\n<p><img decoding=\"async\" src=\"https:\/\/www.europesays.com\/es\/wp-content\/uploads\/2025\/12\/GTOLMQPFYZOEDAO5JHC4HTZHNM.jpg\" alt=\"El Unicaja calla al Barris Nord\" height=\"4030\" width=\"6045\"   loading=\"lazy\"\/>Balcerowski, ante Ejim.Alex L\u00f3pezRESUMEN<\/p>\n<p><strong>88-Hiopos Lleida (20-17-29-22): <\/strong>Agada (7), Batemon (7), Jim\u00e9nez (7), Ejim (17), Golom\u00e1n (4) -quinteto inicial- Walden (3), Paul\u00ed (9), Zoriks (0), Diagne (10), Sanz (0), Shurna (13) y Krutwig (11).<\/p>\n<p><strong>89-Unicaja (21-30-18-20): <\/strong>Perry (12), Kalinoski (9), Barreiro (4), P\u00e9rez (7), Balcerowski (19) -quinteto inicial- Audige (0), Webb (8), D\u00edaz (5), Djedovic (8), Sulejmanovic (4), Duarte (10) y Tillie (3).<\/p>\n<p><strong>\u00c1rbitros:<\/strong> Luis Miguel Castillo, Javier Torres e Iy\u00e1n Gonz\u00e1lez.<\/p>\n<p><strong>Incidencias:<\/strong> Partido correspondiente a la jornada 9 de Liga Endesa, disputado en el Barris Nord de Lleida ante 5478 espectadores.<\/p>\n<p class=\"\"><b>Ven\u00eda el Unicaja en una l\u00ednea ascendente antes del par\u00f3n, en proceso de mejorar sus mecanismos y algunos explorarlos<\/b>. Los m\u00e1rgenes en los que se maneja el equipo de Ibon son amplios, en blanco en alg\u00fan segmento porque han llegado dos fichajes: <b>Rubit y Audige.<\/b> El segundo debut\u00f3 en Lleida, una peque\u00f1a rotaci\u00f3n en una primera parte muy completa del Unicaja, quiz\u00e1 la m\u00e1s convincente de la temporada. Defensivamente la mejor\u00eda es m\u00e1s evidente que delante.<b> Kalinoski ejerce de estabilizador y Perry en los mandos en ataque<\/b>, miembros de la vieja guardia, con <b>Balcerowski <\/b>cada vez m\u00e1s dominante bajo los aros. Suelo alto en todos los jugadores para ganar <b>37-51<\/b> al descanso, gracias a poder jugar con alg\u00fan exceso en transici\u00f3n, donde el Unicaja lo borda. Mucho ritmo, dientes atr\u00e1s y un baloncesto muy convincente para de momento dejar apagado al Barris Nord y a <b>Hiopos Lleida, sin chispa y con necesidad de una reflexi\u00f3n en vestuarios ante el placer malague\u00f1o.<\/b><\/p>\n<p><img decoding=\"async\" src=\"https:\/\/www.europesays.com\/es\/wp-content\/uploads\/2025\/12\/6L233L72FFPKFJ2QYO2K46CVZQ.jpg\" alt=\"El Unicaja calla al Barris Nord\" height=\"5504\" width=\"8256\"   loading=\"lazy\"\/>Melvin Ejim.Alex L\u00f3pezNoticias relacionadas<a href=\"https:\/\/as.com\/baloncesto\/el-unicaja-anuncia-el-fichaje-de-augustine-rubit-f202511-n\/\" class=\"s_m_w\" title=\"El equipo malague\u00f1o anuncia la llegada de Rubit, p\u00edvot de 2,03 metros, que firmar\u00e1 hasta final de temporada. Viene por la lesi\u00f3n de Kravish.\" data-tb-link=\"\" rel=\"nofollow noopener\" target=\"_blank\"><img decoding=\"async\" src=\"https:\/\/www.europesays.com\/es\/wp-content\/uploads\/2025\/12\/4UGXNBAYQFFLRAKQU667QFJKMU.webp\" alt=\"El Unicaja anuncia el fichaje de Augustine Rubit\" class=\"\" height=\"9\" width=\"16\"   loading=\"lazy\" data-tb-thumbnail=\"\"\/><\/a><a href=\"https:\/\/as.com\/baloncesto\/el-unicaja-somete-al-bilbao-con-un-tillie-desatado-n\/\" class=\"s_m_w\" title=\"Los malague\u00f1os solo pasaron un momento de apuros cuando el Bilbao se puso a cinco puntos (56-51). Tillie, con tres triples seguidos, desatasc\u00f3 al Unicaja. Los bilba\u00ednos pagaron m\u00e1s su esfuerzo continental.\" data-tb-link=\"\" rel=\"nofollow noopener\" target=\"_blank\"><img decoding=\"async\" src=\"https:\/\/www.europesays.com\/es\/wp-content\/uploads\/2025\/12\/XRUNE3GI2JHXHB4W5O2Z3K33S4.jpg\" alt=\"El Unicaja somete al Bilbao con un Tillie desatado\" class=\"\" height=\"9\" width=\"16\"   loading=\"lazy\" data-tb-thumbnail=\"\"\/><\/a><\/p>\n<p class=\"\">Ten\u00eda que ser<b> Melvin Ejim<\/b> quien encendiera al pabell\u00f3n, sobrexcitado el canadiense ante sus ex, para ponerse en ese modo superh\u00e9roe que bien conocen en <b>M\u00e1laga<\/b>, con m\u00e1s de un aficionado viudo por la dinamita del canadiense. Contagi\u00f3 Ejim a todos, conjugado a una ca\u00edda del Unicaja, que empez\u00f3 a cometer errores y una diferencia que fue acort\u00e1ndose en el tercer cuarto <b>(66-69).<\/b> Encontr\u00f3 m\u00e1s jugadores Lleida en <b>Krutwig y Paul\u00ed<\/b>, que ven\u00eda de completar una gran ventana con Espa\u00f1a, y <b>Jon Shurna<\/b>, otro guerrero e implosionando con esa mec\u00e1nica de tiro horrorosa y a la vez efectiva. El Unicaja pellizc\u00f3 con el bonus, bien Duarte en esa capacidad para sacar faltas, con alg\u00fan buen triple de <b>Perry <\/b>y decisiones certeras de <b>Alberto D\u00edaz<\/b>. Jerarqu\u00eda al poder. Tambi\u00e9n a resaltar <b>Balcerowski<\/b>, que coge mucho peso en momentos tensos, incluso con alg\u00fan gesto desafiante al Barris Nord que le cost\u00f3 la t\u00e9cnica. Partido por decidir en las \u00faltimas posesiones, importante un triple esquinado de<b> Tyson P\u00e9rez <\/b>y uno errado de Agada que habr\u00eda colocado el 86-85. Pero lo supo amarrar el equipo malague\u00f1o, con acierto en la personal y sin hacer locuras. Lo termin\u00f3 Perry a ocho segundos del final desde la l\u00ednea (88-89). Victoria monumental para obtener tranquilidad en este arduo y complejo proceso de construcci\u00f3n.<\/p>\n<p><img decoding=\"async\" src=\"https:\/\/www.europesays.com\/es\/wp-content\/uploads\/2025\/12\/43Q4QP3BQJEDJGOYG6IX2AVEHE.jpg\" alt=\"El Unicaja calla al Barris Nord\" height=\"720\" width=\"1080\"   loading=\"lazy\"\/>El Unicaja, tras el partido.<\/p>\n<p class=\"\"><b>\u00a1Tus opiniones importan!<\/b> Comenta en los art\u00edculos y suscr\u00edbete gratis a nuestra <a href=\"https:\/\/asfan.as.com\/newsletters\/\" target=\"_blank\" rel=\"nofollow noopener\" title=\"https:\/\/asfan.as.com\/newsletters\/\">newsletter<\/a> y a las alertas informativas en la <a href=\"https:\/\/as.com\/aplicacion-de-as-n\/\" target=\"_blank\" rel=\"nofollow noopener\" title=\"https:\/\/as.com\/aplicacion-de-as-n\/\">App<\/a> o el canal de <a href=\"https:\/\/www.whatsapp.com\/channel\/0029VaAasdA7j6g745nz9M10\" target=\"_blank\" rel=\"nofollow noopener\" title=\"https:\/\/www.whatsapp.com\/channel\/0029VaAasdA7j6g745nz9M10\">WhatsApp<\/a>. \u00bfBuscas licenciar contenido? Haz clic <a href=\"https:\/\/profesional.elpais.com\/soluciones-sindicacion?utm_medium=interno&amp;utm_source=crosslinking&amp;utm_campaign=sindicacion_as_pie_articulos\" target=\"_blank\" rel=\"nofollow noopener\" title=\"https:\/\/profesional.elpais.com\/soluciones-sindicacion?utm_medium=interno&amp;utm_source=crosslinking&amp;utm_campaign=sindicacion_as_pie_articulos\">aqu\u00ed<\/a><\/p>\n","protected":false},"excerpt":{"rendered":"Coinciden jugadores y entrenadores que la ac\u00fastica del Barris Nord tiene poco parang\u00f3n en Liga Endesa, cancha con&hellip;\n","protected":false},"author":2,"featured_media":274995,"comment_status":"","ping_status":"","sticky":false,"template":"","format":"standard","meta":{"footnotes":""},"categories":[269],"tags":[299,298,168,25,24,23,167],"class_list":{"0":"post-274994","1":"post","2":"type-post","3":"status-publish","4":"format-standard","5":"has-post-thumbnail","7":"category-baloncesto","8":"tag-baloncesto","9":"tag-basketball","10":"tag-deportes","11":"tag-es","12":"tag-espana","13":"tag-spain","14":"tag-sports"},"share_on_mastodon":{"url":"https:\/\/pubeurope.com\/@es\/115675222362997220","error":""},"_links":{"self":[{"href":"https:\/\/www.europesays.com\/es\/wp-json\/wp\/v2\/posts\/274994","targetHints":{"allow":["GET"]}}],"collection":[{"href":"https:\/\/www.europesays.com\/es\/wp-json\/wp\/v2\/posts"}],"about":[{"href":"https:\/\/www.europesays.com\/es\/wp-json\/wp\/v2\/types\/post"}],"author":[{"embeddable":true,"href":"https:\/\/www.europesays.com\/es\/wp-json\/wp\/v2\/users\/2"}],"replies":[{"embeddable":true,"href":"https:\/\/www.europesays.com\/es\/wp-json\/wp\/v2\/comments?post=274994"}],"version-history":[{"count":0,"href":"https:\/\/www.europesays.com\/es\/wp-json\/wp\/v2\/posts\/274994\/revisions"}],"wp:featuredmedia":[{"embeddable":true,"href":"https:\/\/www.europesays.com\/es\/wp-json\/wp\/v2\/media\/274995"}],"wp:attachment":[{"href":"https:\/\/www.europesays.com\/es\/wp-json\/wp\/v2\/media?parent=274994"}],"wp:term":[{"taxonomy":"category","embeddable":true,"href":"https:\/\/www.europesays.com\/es\/wp-json\/wp\/v2\/categories?post=274994"},{"taxonomy":"post_tag","embeddable":true,"href":"https:\/\/www.europesays.com\/es\/wp-json\/wp\/v2\/tags?post=274994"}],"curies":[{"name":"wp","href":"https:\/\/api.w.org\/{rel}","templated":true}]}}