{"id":275000,"date":"2025-12-06T23:31:12","date_gmt":"2025-12-06T23:31:12","guid":{"rendered":"https:\/\/www.europesays.com\/es\/275000\/"},"modified":"2025-12-06T23:31:12","modified_gmt":"2025-12-06T23:31:12","slug":"una-veintena-de-acuarelas-llenan-de-originalidad-el-cafetin","status":"publish","type":"post","link":"https:\/\/www.europesays.com\/es\/275000\/","title":{"rendered":"Una veintena de acuarelas llenan de originalidad El Cafet\u00edn"},"content":{"rendered":"<p>El pintor herrerense, afincado en Bilbao, Alberto Belarri expone un total de 21 cuadros de pintura aficionada en El Cafet\u00edn (c\/ Padre Claret, 8). Se trata de unas acuarelas \u00abcon toques raros en cuanto a textura, sali\u00e9ndose un poco de lo normal\u00bb, seg\u00fan indica el propio autor de las mismas. De esta manera, es la primera muestra que Belarritrae a la capital palentina.<\/p>\n<p>\u00abNunca me hab\u00eda sentido atra\u00eddo por la pintura, pero trabajo en una empresa que se volc\u00f3 mucho con sus empleados para que hici\u00e9ramos de todo\u00bb, afirma. Belarri empez\u00f3 a pintar con 55 a\u00f1os y ahora se re\u00fane, junto a varios de sus compa\u00f1eros de trabajo, en el estudio del profesor Richard en Bilbao con el objetivo de \u00abseguir mejorando y disfrutando de esta bonita afici\u00f3n\u00bb, subraya. \u00abGracias a los consejos y a la labor de mi maestro, esta exposici\u00f3n tiene un m\u00ednimo de calidad\u00bb, destaca. De su profesor resalta que es \u00abmuy moderno\u00bb a la hora de trabajar y que les ense\u00f1a \u00abtodas sus t\u00e9cnicas, sin guardarse nada para \u00e9l\u00bb.<\/p>\n<p>Adem\u00e1s, muchos de los elementos de sus obras son reciclados. Por ejemplo, varios de ellos comparten que la base es una paleta vieja sobra la que Belarri ha pintado encima una menina. De su propia muestra espera que para los palentinos \u00absea agradable de ver\u00bb y se animen a contemplarla. A\u00fan as\u00ed, reconoce que su nueva afici\u00f3n por la pintura es \u00abpara \u00e9l mismo\u00bb. \u00abDecid\u00ed hacer esta exposici\u00f3n porque me animaron mis amigos de Palencia. De hecho, varios de los cuadros que se pueden ver all\u00ed se les hab\u00eda regalado a algunos familiares\u00bb, indica el pintor.\u00a0<\/p>\n<p>El cafet\u00edn. Todas sus obras pueden visitarse en El Cafet\u00edn. \u00abMe gustar\u00eda destacar la gran labor cultural que hacen all\u00ed, gracias a su due\u00f1a, Concha. Es un trabajo totalmente altruista y que da visibilidad a artistas y aficionados que no pueden acceder a galer\u00edas de arte\u00bb, se\u00f1ala. Por ello, agradeci\u00f3 que \u00abcada mes exponga gente nueva, ya sea de fotograf\u00eda, pintura o de lo que sea\u00bb.\u00a0<\/p>\n<p>As\u00ed, anima a que los palentinos \u00a0a que \u00abvayan y se tomen una cerveza tranquilamente mientras alegran un poco el ojo\u00bb, finaliza Belarri.<\/p>\n","protected":false},"excerpt":{"rendered":"El pintor herrerense, afincado en Bilbao, Alberto Belarri expone un total de 21 cuadros de pintura aficionada en&hellip;\n","protected":false},"author":2,"featured_media":275001,"comment_status":"","ping_status":"","sticky":false,"template":"","format":"standard","meta":{"footnotes":""},"categories":[173],"tags":[229,233,231,230,2601,232,234,146,147,25,24,241,6441,6442,23],"class_list":{"0":"post-275000","1":"post","2":"type-post","3":"status-publish","4":"format-standard","5":"has-post-thumbnail","7":"category-arte-y-diseno","8":"tag-arte","9":"tag-arte-y-diseno","10":"tag-arts","11":"tag-arts-and-design","12":"tag-bilbao","13":"tag-design","14":"tag-diseno","15":"tag-entertainment","16":"tag-entretenimiento","17":"tag-es","18":"tag-espana","19":"tag-exposiciones","20":"tag-herrera-de-pisuerga","21":"tag-palencia","22":"tag-spain"},"share_on_mastodon":{"url":"https:\/\/pubeurope.com\/@es\/115675233214601772","error":""},"_links":{"self":[{"href":"https:\/\/www.europesays.com\/es\/wp-json\/wp\/v2\/posts\/275000","targetHints":{"allow":["GET"]}}],"collection":[{"href":"https:\/\/www.europesays.com\/es\/wp-json\/wp\/v2\/posts"}],"about":[{"href":"https:\/\/www.europesays.com\/es\/wp-json\/wp\/v2\/types\/post"}],"author":[{"embeddable":true,"href":"https:\/\/www.europesays.com\/es\/wp-json\/wp\/v2\/users\/2"}],"replies":[{"embeddable":true,"href":"https:\/\/www.europesays.com\/es\/wp-json\/wp\/v2\/comments?post=275000"}],"version-history":[{"count":0,"href":"https:\/\/www.europesays.com\/es\/wp-json\/wp\/v2\/posts\/275000\/revisions"}],"wp:featuredmedia":[{"embeddable":true,"href":"https:\/\/www.europesays.com\/es\/wp-json\/wp\/v2\/media\/275001"}],"wp:attachment":[{"href":"https:\/\/www.europesays.com\/es\/wp-json\/wp\/v2\/media?parent=275000"}],"wp:term":[{"taxonomy":"category","embeddable":true,"href":"https:\/\/www.europesays.com\/es\/wp-json\/wp\/v2\/categories?post=275000"},{"taxonomy":"post_tag","embeddable":true,"href":"https:\/\/www.europesays.com\/es\/wp-json\/wp\/v2\/tags?post=275000"}],"curies":[{"name":"wp","href":"https:\/\/api.w.org\/{rel}","templated":true}]}}