{"id":275009,"date":"2025-12-06T23:37:21","date_gmt":"2025-12-06T23:37:21","guid":{"rendered":"https:\/\/www.europesays.com\/es\/275009\/"},"modified":"2025-12-06T23:37:21","modified_gmt":"2025-12-06T23:37:21","slug":"diabetes-podria-multiplicar-hasta-siete-veces-el-riesgo-de-muerte-subita-cardiaca-en-jovenes","status":"publish","type":"post","link":"https:\/\/www.europesays.com\/es\/275009\/","title":{"rendered":"Diabetes podr\u00eda multiplicar hasta siete veces el riesgo de muerte s\u00fabita card\u00edaca en j\u00f3venes"},"content":{"rendered":"<p style=\"font-size: 1.2em; color: #000!important; margin-bottom: 15px;\">&#13;<br \/>\n                        Un estudio revela que este riesgo cardiovascular silencioso reduce la esperanza de vida entre 8 y 14 a\u00f1os en personas con diabetes, especialmente en menores de 50 a\u00f1os.&#13;\n                    <\/p>\n<p><a href=\"https:\/\/medicinaysaludpublica.com\/autor\/laura-guio\/53996\/\" title=\"Autor Laura Guio\" rel=\"nofollow noopener\" target=\"_blank\">&#13;<br \/>\n                            Laura Guio&#13;<br \/>\n                        <\/a><\/p>\n<p>Diciembre 05, 2025 | | Tiempo De Lectura: 3 min <\/p>\n<p>Este riesgo es especialmente elevado en el grupo de edad de 30 a 40 a\u00f1os, y la diabetes tambi\u00e9n aumenta el riesgo general de mortalidad por enfermedades card\u00edacas. Fotomontaje: Revista MSP.<\/p>\n<p>La <strong><a href=\"https:\/\/medicinaysaludpublica.com\/tags\/diabetes\/12104\" style=\"text-decoration: underline;\" title=\"diabetes\" rel=\"nofollow noopener\" target=\"_blank\">diabetes<\/a><\/strong> no solo implica controlar el az\u00facar en <strong><a href=\"https:\/\/medicinaysaludpublica.com\/tags\/sangre\/14951\" style=\"text-decoration: underline;\" title=\"sangre\" rel=\"nofollow noopener\" target=\"_blank\">sangre<\/a><\/strong> y mantener una dieta estricta. Detr\u00e1s de esas rutinas m\u00e9dicas se esconde un riesgo cardiovascular mucho menos visible pero igual de letal: la <strong><a href=\"https:\/\/medicinaysaludpublica.com\/tags\/muerte\/20349\" style=\"text-decoration: underline;\" title=\"muerte\" rel=\"nofollow noopener\" target=\"_blank\">muerte<\/a><\/strong> <strong><a href=\"https:\/\/medicinaysaludpublica.com\/tags\/subita\/57596\" style=\"text-decoration: underline;\" title=\"s\u00fabita\" rel=\"nofollow noopener\" target=\"_blank\">s\u00fabita<\/a><\/strong> <strong><a href=\"https:\/\/medicinaysaludpublica.com\/tags\/cardiaca\/19344\" style=\"text-decoration: underline;\" title=\"card\u00edaca\" rel=\"nofollow noopener\" target=\"_blank\">card\u00edaca<\/a><\/strong>.\u00a0<\/p>\n<p>Una nueva investigaci\u00f3n del Hospital Universitario de Copenhague arroja luz sobre esta amenaza silenciosa y sus cifras son contundentes.<\/p>\n<p><strong>Un riesgo silencioso que afecta m\u00e1s a los <strong><a href=\"https:\/\/medicinaysaludpublica.com\/tags\/jovenes\/15368\" style=\"text-decoration: underline;\" title=\"j\u00f3venes\" rel=\"nofollow noopener\" target=\"_blank\">j\u00f3venes<\/a><\/strong><\/strong><\/p>\n<p>El estudio, publicado en el European Heart Journal, analiz\u00f3 las 54.028 muertes registradas en Dinamarca durante 2010 y encontr\u00f3 6.862 casos de <strong>muerte<\/strong> <strong>s\u00fabita<\/strong> <strong>card\u00edaca<\/strong>.<\/p>\n<p>\u00a0Los resultados muestran que este tipo de fallecimiento es 3,7 veces m\u00e1s frecuente en personas con <strong>diabetes<\/strong> tipo 1 y 6,5 veces m\u00e1s com\u00fan en quienes tienen <strong>diabetes<\/strong> <strong><a href=\"https:\/\/medicinaysaludpublica.com\/tags\/tipo-2\/13634\" style=\"text-decoration: underline;\" title=\"tipo 2\" rel=\"nofollow noopener\" target=\"_blank\">tipo 2<\/a><\/strong>, comparado con la poblaci\u00f3n general.<\/p>\n<p>La diferencia m\u00e1s alarmante se presenta en los adultos <strong>j\u00f3venes<\/strong>: las personas menores de 50 a\u00f1os con <strong>diabetes<\/strong> enfrentan un riesgo siete veces mayor de sufrir este desenlace inesperado.<\/p>\n<p>La investigaci\u00f3n dirigida por el doctor Tobias Skjelbred tambi\u00e9n cuantific\u00f3 el impacto en la longevidad. Las personas con <strong>diabetes<\/strong> tipo 1 viven en promedio 14,2 a\u00f1os menos, mientras que quienes tienen <strong>diabetes<\/strong> <strong>tipo 2<\/strong> pierden 7,9 a\u00f1os de esperanza de vida.<\/p>\n<p>De esos a\u00f1os perdidos, la <strong>muerte<\/strong> <strong>s\u00fabita<\/strong> <strong>card\u00edaca<\/strong> es responsable de 3,4 a\u00f1os en el caso de la <strong>diabetes<\/strong> tipo 1 y de 2,7 a\u00f1os en la <strong>tipo 2<\/strong>.<\/p>\n<p><strong>Las causas detr\u00e1s del fen\u00f3meno<\/strong><\/p>\n<p>Aunque este estudio observacional no puede demostrar causalidad directa, los investigadores se\u00f1alan varios mecanismos que vinculan ambas condiciones. La complejidad del problema sugiere que probablemente existan m\u00faltiples factores actuando simult\u00e1neamente, y que estos pueden variar seg\u00fan la edad del paciente.<\/p>\n<p>La <strong>diabetes<\/strong> predispone a las personas a desarrollar cardiopat\u00eda isqu\u00e9mica, caracterizada por la reducci\u00f3n del flujo sangu\u00edneo al coraz\u00f3n, que constituye uno de los mecanismos fundamentales detr\u00e1s de estos eventos fatales.<\/p>\n<p>ALa <strong><a href=\"https:\/\/medicinaysaludpublica.com\/tags\/hipoglucemia\/24393\" style=\"text-decoration: underline;\" title=\"hipoglucemia\" rel=\"nofollow noopener\" target=\"_blank\">hipoglucemia<\/a><\/strong> \u2014episodios de az\u00facar en <strong>sangre<\/strong> peligrosamente baja\u2014 puede alterar el ritmo card\u00edaco de forma impredecible.<\/p>\n<p>\u00a0La neuropat\u00eda auton\u00f3mica <strong>card\u00edaca<\/strong>, un da\u00f1o nervioso que afecta la regulaci\u00f3n del coraz\u00f3n, interfiere con la capacidad del organismo para controlar la frecuencia <strong>card\u00edaca<\/strong>. Ambas condiciones pueden desencadenar arritmias fatales sin previo aviso.<\/p>\n<p><strong>\u00bfExiste alguna esperanza de <strong><a href=\"https:\/\/medicinaysaludpublica.com\/tags\/prevencion\/12202\" style=\"text-decoration: underline;\" title=\"prevenci\u00f3n\" rel=\"nofollow noopener\" target=\"_blank\">prevenci\u00f3n<\/a><\/strong>?<\/strong><\/p>\n<p>Los investigadores reconocen una limitaci\u00f3n importante: el estudio se basa en datos de 2010, previos a la adopci\u00f3n masiva de nuevos tratamientos como los inhibidores de SGLT2 y los agonistas del receptor de GLP-1, que han demostrado beneficios <strong><a href=\"https:\/\/medicinaysaludpublica.com\/tags\/cardiovasculares\/17732\" style=\"text-decoration: underline;\" title=\"cardiovasculares\" rel=\"nofollow noopener\" target=\"_blank\">cardiovasculares<\/a><\/strong>.<\/p>\n<p>Para casos de riesgo muy elevado, existe la opci\u00f3n de implantar un desfibrilador cardioversor. Sin embargo, los cient\u00edficos plantean que el siguiente paso crucial es identificar qu\u00e9 subgrupos de pacientes diab\u00e9ticos podr\u00edan beneficiarse m\u00e1s de estrategias preventivas espec\u00edficas.<\/p>\n<p>El mensaje final es claro: las personas con <strong>diabetes<\/strong> deben trabajar estrechamente con sus m\u00e9dicos no solo para controlar el az\u00facar en <strong>sangre<\/strong>, sino tambi\u00e9n para vigilar y reducir activamente su riesgo cardiovascular.<\/p>\n","protected":false},"excerpt":{"rendered":"&#13; Un estudio revela que este riesgo cardiovascular silencioso reduce la esperanza de vida entre 8 y 14&hellip;\n","protected":false},"author":2,"featured_media":275010,"comment_status":"","ping_status":"","sticky":false,"template":"","format":"standard","meta":{"footnotes":""},"categories":[92],"tags":[25,24,165,166,23],"class_list":{"0":"post-275009","1":"post","2":"type-post","3":"status-publish","4":"format-standard","5":"has-post-thumbnail","7":"category-salud","8":"tag-es","9":"tag-espana","10":"tag-health","11":"tag-salud","12":"tag-spain"},"share_on_mastodon":{"url":"https:\/\/pubeurope.com\/@es\/115675257026581557","error":""},"_links":{"self":[{"href":"https:\/\/www.europesays.com\/es\/wp-json\/wp\/v2\/posts\/275009","targetHints":{"allow":["GET"]}}],"collection":[{"href":"https:\/\/www.europesays.com\/es\/wp-json\/wp\/v2\/posts"}],"about":[{"href":"https:\/\/www.europesays.com\/es\/wp-json\/wp\/v2\/types\/post"}],"author":[{"embeddable":true,"href":"https:\/\/www.europesays.com\/es\/wp-json\/wp\/v2\/users\/2"}],"replies":[{"embeddable":true,"href":"https:\/\/www.europesays.com\/es\/wp-json\/wp\/v2\/comments?post=275009"}],"version-history":[{"count":0,"href":"https:\/\/www.europesays.com\/es\/wp-json\/wp\/v2\/posts\/275009\/revisions"}],"wp:featuredmedia":[{"embeddable":true,"href":"https:\/\/www.europesays.com\/es\/wp-json\/wp\/v2\/media\/275010"}],"wp:attachment":[{"href":"https:\/\/www.europesays.com\/es\/wp-json\/wp\/v2\/media?parent=275009"}],"wp:term":[{"taxonomy":"category","embeddable":true,"href":"https:\/\/www.europesays.com\/es\/wp-json\/wp\/v2\/categories?post=275009"},{"taxonomy":"post_tag","embeddable":true,"href":"https:\/\/www.europesays.com\/es\/wp-json\/wp\/v2\/tags?post=275009"}],"curies":[{"name":"wp","href":"https:\/\/api.w.org\/{rel}","templated":true}]}}