{"id":275021,"date":"2025-12-06T23:43:12","date_gmt":"2025-12-06T23:43:12","guid":{"rendered":"https:\/\/www.europesays.com\/es\/275021\/"},"modified":"2025-12-06T23:43:12","modified_gmt":"2025-12-06T23:43:12","slug":"hernandez-maeso-acerto-al-pitar-penalti-por-mano-de-bartra","status":"publish","type":"post","link":"https:\/\/www.europesays.com\/es\/275021\/","title":{"rendered":"Hern\u00e1ndez Maeso acert\u00f3 al pitar penalti por mano de Bartra"},"content":{"rendered":"<p data-gtm-element-container=\"modulo-texto-link\" class=\"paragraph\"><strong>C\u00e9sar Barrenechea Montero<\/strong>, analista arbitral de Mundo Deportivo, tiene claro que el penalti pitado a favor del Bar\u00e7a por mano de <strong>Marc Bartra<\/strong> estuvo bien sancionado. Aqu\u00ed su an\u00e1lisis de la actuaci\u00f3n de <strong>Hern\u00e1ndez Maeso<\/strong>:<\/p>\n<p data-gtm-element-container=\"modulo-texto-link\" class=\"paragraph\">\u00abEn un encuentro competido, <strong>Hern\u00e1ndez Maeso<\/strong> supo solventar bien las infracciones del reglamento sin correr mucho y con un buen criterio sancionador. Demostr\u00f3 tener mucha seguridad en la toma de decisiones, procurando dejar jugar para dar m\u00e1s fluidez al juego. Acert\u00f3, con la ayuda del VAR, al pitar como penalti la mano de <strong>Bartra <\/strong>en el \u00e1rea del Betis. Tambi\u00e9n acert\u00f3, esta vez sin precisar de la tecnolog\u00eda, al decretar penalti de <strong>Kound\u00e9 <\/strong>a <strong>Abde<\/strong>. El \u00e1rbitro tuvo en todo momento el control del choque, dando las explicaciones oportunas a los capitanes cuando la ocasi\u00f3n lo requer\u00eda. Amonest\u00f3 de forma merecida a <strong>Altimira<\/strong>, <strong>Gerard Mart\u00edn<\/strong>, <strong>Deossa<\/strong>, <strong>Ruibal<\/strong>, <strong>G\u00f3mez <\/strong>y <strong>Kound\u00e9<\/strong>. El VAR invit\u00f3 al colegiado a revisar la mano de <strong>Bartra <\/strong>a tiro de<strong> Rashford <\/strong>por tener el brazo en una posici\u00f3n antinatural. En resumen, <strong>Hern\u00e1ndez Maeso<\/strong> se encontr\u00f3 con un partido f\u00e1cil de dirigir y lo solvent\u00f3 sin problemas\u00bb.<\/p>\n","protected":false},"excerpt":{"rendered":"C\u00e9sar Barrenechea Montero, analista arbitral de Mundo Deportivo, tiene claro que el penalti pitado a favor del Bar\u00e7a&hellip;\n","protected":false},"author":2,"featured_media":275022,"comment_status":"","ping_status":"","sticky":false,"template":"","format":"standard","meta":{"footnotes":""},"categories":[5],"tags":[17,18,25,24,13,14,11,19,20,9,10,15,16,23,12,21,22],"class_list":{"0":"post-275021","1":"post","2":"type-post","3":"status-publish","4":"format-standard","5":"has-post-thumbnail","7":"category-titulares","8":"tag-breaking-news","9":"tag-breakingnews","10":"tag-es","11":"tag-espana","12":"tag-featured-news","13":"tag-featurednews","14":"tag-headlines","15":"tag-latest-news","16":"tag-latestnews","17":"tag-news","18":"tag-noticias","19":"tag-noticias-destacadas","20":"tag-noticiasdestacadas","21":"tag-spain","22":"tag-titulares","23":"tag-ultimas-noticias","24":"tag-ultimasnoticias"},"share_on_mastodon":{"url":"https:\/\/pubeurope.com\/@es\/115675280395220234","error":""},"_links":{"self":[{"href":"https:\/\/www.europesays.com\/es\/wp-json\/wp\/v2\/posts\/275021","targetHints":{"allow":["GET"]}}],"collection":[{"href":"https:\/\/www.europesays.com\/es\/wp-json\/wp\/v2\/posts"}],"about":[{"href":"https:\/\/www.europesays.com\/es\/wp-json\/wp\/v2\/types\/post"}],"author":[{"embeddable":true,"href":"https:\/\/www.europesays.com\/es\/wp-json\/wp\/v2\/users\/2"}],"replies":[{"embeddable":true,"href":"https:\/\/www.europesays.com\/es\/wp-json\/wp\/v2\/comments?post=275021"}],"version-history":[{"count":0,"href":"https:\/\/www.europesays.com\/es\/wp-json\/wp\/v2\/posts\/275021\/revisions"}],"wp:featuredmedia":[{"embeddable":true,"href":"https:\/\/www.europesays.com\/es\/wp-json\/wp\/v2\/media\/275022"}],"wp:attachment":[{"href":"https:\/\/www.europesays.com\/es\/wp-json\/wp\/v2\/media?parent=275021"}],"wp:term":[{"taxonomy":"category","embeddable":true,"href":"https:\/\/www.europesays.com\/es\/wp-json\/wp\/v2\/categories?post=275021"},{"taxonomy":"post_tag","embeddable":true,"href":"https:\/\/www.europesays.com\/es\/wp-json\/wp\/v2\/tags?post=275021"}],"curies":[{"name":"wp","href":"https:\/\/api.w.org\/{rel}","templated":true}]}}