{"id":275027,"date":"2025-12-06T23:51:11","date_gmt":"2025-12-06T23:51:11","guid":{"rendered":"https:\/\/www.europesays.com\/es\/275027\/"},"modified":"2025-12-06T23:51:11","modified_gmt":"2025-12-06T23:51:11","slug":"el-casademont-encuentra-alivio-en-granada-83-92","status":"publish","type":"post","link":"https:\/\/www.europesays.com\/es\/275027\/","title":{"rendered":"El Casademont encuentra alivio en Granada (83-92)"},"content":{"rendered":"<p>            El Casademont encuentra alivio en Granada (83-92)                <\/p>\n<p>El Casademont encuentra alivio en Granada (83-92)<\/p>\n<p class=\"epigraph\">El conjunto aragon\u00e9s rompe su mala racha con un triunfo en el feudo nazar\u00ed. Notable debut de Koumadje y decisiva aportaci\u00f3n de Dubljevic, en una nueva exhibici\u00f3n de Yusta<\/p>\n<p class=\"paragraph\"><b>Por fin gan\u00f3 el Casademont, rompiendo una racha de cuatro derrotas consecutivas<\/b> que amenazaba con meterlo en un l\u00edo gordo en la ACB. El triunfo, tercero en este gris curso, lleg\u00f3 en Granada ante <b>un equipo nazar\u00ed que se hunde en el fondo de la tabla<\/b> con una sola victoria y junto al Burgos cada vez adquiere m\u00e1s boletos en la rifa del descenso. <b>Debut\u00f3 con el Casademont el gigante Khalifa Koumadje<\/b>, que dot\u00f3 de poder\u00edo debajo del aro a un conjunto aragon\u00e9s que ven\u00eda jugando sin p\u00edvots. <b>El gran partido de Dubljevic, que por fin dijo presente tras un floj\u00edsimo arranque de temporada, tambi\u00e9n fue determinante<\/b>. El Casademont ha encontrado un techo en el que cobijarse. Por eso ya llueve menos en la clasificaci\u00f3n.<\/p>\n<p>            Conforme a los criterios de<br \/>\n            <a class=\"trustproject_img\" id=\"trustproject_img\" href=\"https:\/\/thetrustproject.org\/\" target=\"_blank\" rel=\"nofollow noopener\" aria-label=\"Trust Project\"><img decoding=\"async\" loading=\"lazy\" src=\"https:\/\/www.heraldo.es\/images\/Trust-Logo-Horizontal.svg\" alt=\"Logo Trust Project\" width=\"200\" height=\"34\"\/><\/a><\/p>\n<p>                <img decoding=\"async\" loading=\"lazy\" src=\"https:\/\/www.europesays.com\/es\/wp-content\/uploads\/2025\/11\/raul-lahoz.jpeg\" class=\"author-image\" width=\"120\" height=\"120\" alt=\"Ra\u00fal Lahoz\"\/><\/p>\n<p>        <a href=\"https:\/\/www.henneo.com\/\" title=\"Grupo Henneo\" class=\"logo\" rel=\"nofollow noopener\" target=\"_blank\"><br \/>\n            <img decoding=\"async\" src=\"https:\/\/www.heraldo.es\/images\/logo_henneo_gris.svg\" alt=\"Logo Henneo\" width=\"559\" height=\"389\" loading=\"lazy\"\/><br \/>\n        <\/a><\/p>\n<p>\u00a9 HERALDO DE ARAGON EDITORA, S.L.U.<br \/>Tel\u00e9fono 976 765 000 \/ &#8211; P\u00ba. Independencia, 29, 50001 Zaragoza &#8211; CIF: B99288763 &#8211; Inscrita en el Registro Mercantil de Zaragoza al Tomo 3796, Libro 0, Folio 177, Secci\u00f3n 8, Hoja Z-50564<br \/>Queda prohibida toda reproducci\u00f3n sin permiso escrito de la empresa a los efectos del art\u00edculo 32.1, p\u00e1rrafo segundo, de la Ley de Propiedad Intelectual<\/p>\n<p>\n                P\u00ba Independencia, 29, 50001 Zaragoza<br \/> Tel\u00e9fono 976 765 000\n            <\/p>\n<p>                    Actualmente tu navegador no permite ejecutar JavaScript. Para poder disfrutar de nuestro contenido es necesario que lo permita.<br \/>\n                                        <img decoding=\"async\" loading=\"lazy\" alt=\"Heraldo logo\" src=\"https:\/\/dkumiip2e9ary.cloudfront.net\/xalok\/heraldo\/especiales\/hola-de-nuevo\/logo-heraldo.svg\" width=\"215\" height=\"43\"\/><\/p>\n","protected":false},"excerpt":{"rendered":"El Casademont encuentra alivio en Granada (83-92) El Casademont encuentra alivio en Granada (83-92) El conjunto aragon\u00e9s rompe&hellip;\n","protected":false},"author":2,"featured_media":275028,"comment_status":"","ping_status":"","sticky":false,"template":"","format":"standard","meta":{"footnotes":""},"categories":[269],"tags":[45173,12754,299,298,2511,168,3569,25,24,494,23,167],"class_list":{"0":"post-275027","1":"post","2":"type-post","3":"status-publish","4":"format-standard","5":"has-post-thumbnail","7":"category-baloncesto","8":"tag-45173","9":"tag-alivio","10":"tag-baloncesto","11":"tag-basketball","12":"tag-casademont","13":"tag-deportes","14":"tag-encuentra","15":"tag-es","16":"tag-espana","17":"tag-granada","18":"tag-spain","19":"tag-sports"},"share_on_mastodon":{"url":"https:\/\/pubeurope.com\/@es\/115675312477320622","error":""},"_links":{"self":[{"href":"https:\/\/www.europesays.com\/es\/wp-json\/wp\/v2\/posts\/275027","targetHints":{"allow":["GET"]}}],"collection":[{"href":"https:\/\/www.europesays.com\/es\/wp-json\/wp\/v2\/posts"}],"about":[{"href":"https:\/\/www.europesays.com\/es\/wp-json\/wp\/v2\/types\/post"}],"author":[{"embeddable":true,"href":"https:\/\/www.europesays.com\/es\/wp-json\/wp\/v2\/users\/2"}],"replies":[{"embeddable":true,"href":"https:\/\/www.europesays.com\/es\/wp-json\/wp\/v2\/comments?post=275027"}],"version-history":[{"count":0,"href":"https:\/\/www.europesays.com\/es\/wp-json\/wp\/v2\/posts\/275027\/revisions"}],"wp:featuredmedia":[{"embeddable":true,"href":"https:\/\/www.europesays.com\/es\/wp-json\/wp\/v2\/media\/275028"}],"wp:attachment":[{"href":"https:\/\/www.europesays.com\/es\/wp-json\/wp\/v2\/media?parent=275027"}],"wp:term":[{"taxonomy":"category","embeddable":true,"href":"https:\/\/www.europesays.com\/es\/wp-json\/wp\/v2\/categories?post=275027"},{"taxonomy":"post_tag","embeddable":true,"href":"https:\/\/www.europesays.com\/es\/wp-json\/wp\/v2\/tags?post=275027"}],"curies":[{"name":"wp","href":"https:\/\/api.w.org\/{rel}","templated":true}]}}