{"id":275031,"date":"2025-12-06T23:53:11","date_gmt":"2025-12-06T23:53:11","guid":{"rendered":"https:\/\/www.europesays.com\/es\/275031\/"},"modified":"2025-12-06T23:53:11","modified_gmt":"2025-12-06T23:53:11","slug":"la-lujosa-zona-de-madrid-donde-tiene-un-chale","status":"publish","type":"post","link":"https:\/\/www.europesays.com\/es\/275031\/","title":{"rendered":"la lujosa zona de Madrid donde tiene un chal\u00e9"},"content":{"rendered":"<p>En pleno auge del formato S\u00e1lvame, <a href=\"https:\/\/okdiario.com\/look\/actualidad\/carlota-corredera-pasa-derecha-companeros-hace-hueco-tve-2404086\" rel=\"nofollow noopener\" target=\"_blank\"><strong>Carlota Corredera<\/strong><\/a> era una de las caras m\u00e1s visibles. Esta visibilidad le report\u00f3 grandes ingresos econ\u00f3micos que la ayudaron a cumplir el sue\u00f1o de comprarse una vivienda unifamiliar junto a <a href=\"https:\/\/okdiario.com\/look\/actualidad\/carlota-corredera-vida-actual-separacion-marido-reconstruccion-2257101\" rel=\"nofollow noopener\" target=\"_blank\">su entonces marido, Carlos de la Maza<\/a>. La inversi\u00f3n la hicieron en el a\u00f1o 2020 y para su construcci\u00f3n, contrajeron una deuda de 250.000 euros. Los retrasos en las obras hicieron que no pudieran vivir en esta construcci\u00f3n hasta 2021. En 2024, despu\u00e9s de tres a\u00f1os instalados en el domicilio y tras 11 a\u00f1os de matrimonio, decidieron poner <strong>punto y final a su uni\u00f3n sentimental.<\/strong><\/p>\n<p>A pesar de esto, la presentadora contin\u00faa manteniendo<strong> su particular refugio en Pozuelo de Alarc\u00f3n<\/strong>, uno de los municipios m\u00e1s deseados de la Comunidad de Madrid y que acoge impresionantes chalets que son propiedad de grandes fortunas de nuestro pa\u00eds.<\/p>\n<p>\n<img decoding=\"async\" loading=\"lazy\" class=\"size-medium wp-image-2141459\" alt=\"Carlota Corredera, Carlos de la Maza, ex marido Carlos de la Maza,\" width=\"620\" height=\"349\"  src=\"https:\/\/www.europesays.com\/es\/wp-content\/uploads\/2025\/10\/placeholder.jpg\"  bad-src=\"https:\/\/www.europesays.com\/es\/wp-content\/uploads\/2025\/10\/placeholder.jpg\"\/><\/p>\n<p><img decoding=\"async\" loading=\"lazy\" class=\"size-medium wp-image-2141459\" src=\"https:\/\/www.europesays.com\/es\/wp-content\/uploads\/2025\/12\/dl_u375883_003-620x349.jpg\" alt=\"Carlota Corredera, Carlos de la Maza, ex marido Carlos de la Maza,\" width=\"620\" height=\"349\"  \/><\/p>\n<p> Carlota Corredera y Carlos de la Maza (Foto: Gtres)\n<\/p>\n<p>As\u00ed es Pozuelo de Alarc\u00f3n<\/p>\n<p>El lugar donde Carlota Corredera posee <strong>una vivienda de 200 metros cuadrados construida sobre una parcela de 272<\/strong>, se trata de un enclave que cuenta con todo tipo de servicios para satisfacer las necesidades de sus vecinos. Introducidos en el trazado de las viviendas y en diferentes puntos del municipio, podemos encontrar varios centros comerciales. Los m\u00e1s conocidos son <strong>El Zielo shopping, El Corte Ingl\u00e9s de Pozuelo, el Zoco y La Finca Grand Caf\u00e9<\/strong>. Este \u00faltimo es uno de los m\u00e1s lujosos ya que cuenta con espacios gastron\u00f3micos dignos de satisfacer los paladares m\u00e1s exquisitos como el asador Lecanda, Mena o el Finca Bandida.<\/p>\n<p>De la misma manera, entre los establecimientos del n\u00facleo de Pozuelo de Alarc\u00f3n podemos encontrar locales de restauraci\u00f3n, tiendas de ropa, papeler\u00edas y florister\u00edas, entre otras cosas. <strong>La Avenida de Europa es la arteria principal en todas sus inmediaciones destacan las zonas verdes<\/strong>. Como no pod\u00eda ser de otra manera, tambi\u00e9n tiene dependencias sanitarias tanto p\u00fablicas, dependientes de la Comunidad, y privadas \u2014que forman parte del grupo Quir\u00f3n\u2014.<\/p>\n<p>\n<img decoding=\"async\" loading=\"lazy\" class=\"size-medium wp-image-1973127\" alt=\"Gorda traicionera, Carlota Corredera, Carlota Corredera podcast, Superlativas, Carlota Corredera entrevista\" width=\"620\" height=\"349\"  src=\"https:\/\/www.europesays.com\/es\/wp-content\/uploads\/2025\/10\/placeholder.jpg\"  bad-src=\"https:\/\/www.europesays.com\/es\/wp-content\/uploads\/2025\/10\/placeholder.jpg\"\/><\/p>\n<p><img decoding=\"async\" loading=\"lazy\" class=\"size-medium wp-image-1973127\" src=\"https:\/\/www.europesays.com\/es\/wp-content\/uploads\/2025\/12\/carlotacorredera-620x349.jpg\" alt=\"Gorda traicionera, Carlota Corredera, Carlota Corredera podcast, Superlativas, Carlota Corredera entrevista\" width=\"620\" height=\"349\"  \/><\/p>\n<p> Carlota Corredera en el p\u00f3dcast \u2018Superlativas\u2019, que grababa en su casa. (Foto: YouTube)\n<\/p>\n<p>Al otro lado de la autov\u00eda, se levanta entre otras urbanizaciones, la conocida como la urbanizaci\u00f3n de las estrellas. <strong>Hablamos de La Finca, lugar de desconexi\u00f3n<\/strong> de deportistas pero tambi\u00e9n de personalidades televisivas, chefs, arist\u00f3cratas y grandes empresarios como Mbappe, <a href=\"https:\/\/okdiario.com\/look\/actualidad\/cristina-pedroche-crisis-dabiz-munoz-mudanza-casa-vallecas-2253933\" rel=\"nofollow noopener\" target=\"_blank\">Cristina Pedroche y Dabiz Mu\u00f1oz<\/a> o Borja Thyssen y muchos m\u00e1s y que cuenta con un f\u00e9rreo blindaje las 24 horas del d\u00eda. Muy cerca, se han instalado empresas como Accenture o Microsof y tambi\u00e9n el codiciado centro deportivo Club David Lloyd, que cuenta con maquinaria puntera, los mejores entrenadores personales y diversas piscinas de varios tama\u00f1os para uso y disfrute de sus miembros.<\/p>\n<p>Situado <strong>al noroeste de la capital de Espa\u00f1a<\/strong>, el municipio se encuentra a tan solo 15 kil\u00f3metros del centro de Madrid y est\u00e1 muy bien comunicado a trav\u00e9s de transporte p\u00fablico. Muy cerca est\u00e1 la estaci\u00f3n de metro Colonia Jard\u00edn y por sus arterias circulan numerosos autobuses.<\/p>\n","protected":false},"excerpt":{"rendered":"En pleno auge del formato S\u00e1lvame, Carlota Corredera era una de las caras m\u00e1s visibles. Esta visibilidad le&hellip;\n","protected":false},"author":2,"featured_media":275032,"comment_status":"","ping_status":"","sticky":false,"template":"","format":"standard","meta":{"footnotes":""},"categories":[174],"tags":[25800,255,146,147,25,24,256,23],"class_list":{"0":"post-275031","1":"post","2":"type-post","3":"status-publish","4":"format-standard","5":"has-post-thumbnail","7":"category-famosos","8":"tag-carlota-corredera","9":"tag-celebrities","10":"tag-entertainment","11":"tag-entretenimiento","12":"tag-es","13":"tag-espana","14":"tag-famosos","15":"tag-spain"},"share_on_mastodon":{"url":"https:\/\/pubeurope.com\/@es\/115675320124241332","error":""},"_links":{"self":[{"href":"https:\/\/www.europesays.com\/es\/wp-json\/wp\/v2\/posts\/275031","targetHints":{"allow":["GET"]}}],"collection":[{"href":"https:\/\/www.europesays.com\/es\/wp-json\/wp\/v2\/posts"}],"about":[{"href":"https:\/\/www.europesays.com\/es\/wp-json\/wp\/v2\/types\/post"}],"author":[{"embeddable":true,"href":"https:\/\/www.europesays.com\/es\/wp-json\/wp\/v2\/users\/2"}],"replies":[{"embeddable":true,"href":"https:\/\/www.europesays.com\/es\/wp-json\/wp\/v2\/comments?post=275031"}],"version-history":[{"count":0,"href":"https:\/\/www.europesays.com\/es\/wp-json\/wp\/v2\/posts\/275031\/revisions"}],"wp:featuredmedia":[{"embeddable":true,"href":"https:\/\/www.europesays.com\/es\/wp-json\/wp\/v2\/media\/275032"}],"wp:attachment":[{"href":"https:\/\/www.europesays.com\/es\/wp-json\/wp\/v2\/media?parent=275031"}],"wp:term":[{"taxonomy":"category","embeddable":true,"href":"https:\/\/www.europesays.com\/es\/wp-json\/wp\/v2\/categories?post=275031"},{"taxonomy":"post_tag","embeddable":true,"href":"https:\/\/www.europesays.com\/es\/wp-json\/wp\/v2\/tags?post=275031"}],"curies":[{"name":"wp","href":"https:\/\/api.w.org\/{rel}","templated":true}]}}