{"id":275051,"date":"2025-12-07T00:06:21","date_gmt":"2025-12-07T00:06:21","guid":{"rendered":"https:\/\/www.europesays.com\/es\/275051\/"},"modified":"2025-12-07T00:06:21","modified_gmt":"2025-12-07T00:06:21","slug":"prision-para-la-madre-del-nino-de-4-anos-hallado-muerto-en-una-playa-de-almeria-y-su-pareja","status":"publish","type":"post","link":"https:\/\/www.europesays.com\/es\/275051\/","title":{"rendered":"Prisi\u00f3n para la madre del ni\u00f1o de 4 a\u00f1os hallado muerto en una playa de Almer\u00eda y su pareja"},"content":{"rendered":"<p class=\"c-paragraph\">La Secci\u00f3n Civil y de Instrucci\u00f3n del Tribunal de Instancia n\u00famero 4 de Vera (Almer\u00eda), en funciones de guardia, ha acordado este s\u00e1bado el ingreso en<b> prisi\u00f3n provisional, comunicada y sin fianza<\/b> para la madre de Lucas, el ni\u00f1o de cuatro a\u00f1os hallado muerto en una playa en Garrucha (Almer\u00eda), y para su actual pareja sentimental.<\/p>\n<p class=\"c-paragraph\">Ambos est\u00e1n siendo investigados inicialmente por la presunta comisi\u00f3n de <b>un delito de asesinato y otro de maltrato habitual,<\/b> calificaci\u00f3n que se concretar\u00e1 conforme avance la instrucci\u00f3n de la causa, seg\u00fan ha informado el Tribunal Superior de Justicia de Andaluc\u00eda (TSJA),<\/p>\n<p class=\"c-paragraph\">Durante su comparecencia en sede judicial, <b>los dos han mantenido estrategias diferentes<\/b>. El hombre, que no es el padre biol\u00f3gico del menor pero conviv\u00eda con \u00e9l y con la madre pese a tener una orden de alejamiento vigente sobre ella, s\u00ed ha prestado declaraci\u00f3n ante el juez.\u00a0La madre del menor, por su parte, se ha acogido a su derecho constitucional a no declarar.<\/p>\n<p class=\"c-paragraph\">La decisi\u00f3n judicial se produce <b>tres d\u00edas despu\u00e9s del hallazgo del cad\u00e1ver<\/b> del peque\u00f1o en una zona de rocas pr\u00f3xima al antiguo cargadero de mineral, en el l\u00edmite costero entre Garrucha y Moj\u00e1car (Almer\u00eda), y en una jornada marcada por las duras cr\u00edticas de la acusaci\u00f3n particular hacia la gesti\u00f3n del caso por parte de las administraciones p\u00fablicas.<\/p>\n<p class=\"c-paragraph\">El abogado Jos\u00e9 Luis Mart\u00edn, que representa al abuelo materno del menor \u2014quien <b>interpuso la denuncia por desaparici\u00f3n y ejerce la acusaci\u00f3n<\/b>\u2014, ha denunciado el \u00abfracaso absoluto\u00bb de los protocolos de protecci\u00f3n.\u00a0Seg\u00fan el letrado, exist\u00edan se\u00f1ales evidentes de que el ni\u00f1o sufr\u00eda violencia f\u00edsica y desatenci\u00f3n que fueron ignoradas tanto por el centro escolar como por las fuerzas de seguridad antes del crimen.<\/p>\n<p class=\"c-paragraph\">La representaci\u00f3n legal de la familia asegura que <b>el menor acud\u00eda al colegio con hematomas visibles<\/b> y, en una ocasi\u00f3n, con un brazo fracturado o \u00abencabestrado\u00bb, sin que el centro educativo activase los protocolos de maltrato infantil o absentismo.<\/p>\n<p class=\"c-paragraph\">Asimismo, ha revelado que la t\u00eda abuela del ni\u00f1o intent\u00f3 alertar previamente a la <a href=\"https:\/\/www.20minutos.es\/tags\/temas\/guardia-civil.html\" title=\"Guardia Civil\" rel=\"nofollow noopener\" target=\"_blank\">Guardia Civil<\/a> mostrando una fotograf\u00eda de lesiones en la sien del menor, pero no se pudo actuar <b>al no existir una denuncia formal de la madre<\/b> ni un parte m\u00e9dico de lesiones.\u00a0Seg\u00fan ha trascendido de fuentes de la investigaci\u00f3n, los detenidos evitaban llevar al ni\u00f1o al m\u00e9dico para que no se documentaran las agresiones f\u00edsicas.<\/p>\n<p class=\"c-paragraph\">La autopsia y las diligencias policiales, que permanecen bajo secreto de sumario, <b>ser\u00e1n claves para determinar la autor\u00eda material de los hechos<\/b> y el grado de participaci\u00f3n de cada uno de los investigados en la muerte del peque\u00f1o.<\/p>\n<p class=\"c-paragraph\">La familia materna, devastada por lo ocurrido, ha solicitado a trav\u00e9s de su abogado que \u00ab<b>caiga todo el peso de la ley\u00bb sobre los responsables<\/b>, independientemente de su v\u00ednculo familiar.\u00a0Adem\u00e1s, el abuelo ha anunciado su intenci\u00f3n de solicitar la custodia del beb\u00e9 que espera la detenida, quien se encuentra embarazada de cinco meses, para evitar que quede bajo su tutela tras el nacimiento.<\/p>\n","protected":false},"excerpt":{"rendered":"La Secci\u00f3n Civil y de Instrucci\u00f3n del Tribunal de Instancia n\u00famero 4 de Vera (Almer\u00eda), en funciones de&hellip;\n","protected":false},"author":2,"featured_media":275052,"comment_status":"","ping_status":"","sticky":false,"template":"","format":"standard","meta":{"footnotes":""},"categories":[5],"tags":[17,18,25,24,13,14,18963,11,19,20,3354,9,10,15,16,2078,16733,13142,23,12,21,22],"class_list":{"0":"post-275051","1":"post","2":"type-post","3":"status-publish","4":"format-standard","5":"has-post-thumbnail","7":"category-titulares","8":"tag-breaking-news","9":"tag-breakingnews","10":"tag-es","11":"tag-espana","12":"tag-featured-news","13":"tag-featurednews","14":"tag-fianza","15":"tag-headlines","16":"tag-latest-news","17":"tag-latestnews","18":"tag-madre","19":"tag-news","20":"tag-noticias","21":"tag-noticias-destacadas","22":"tag-noticiasdestacadas","23":"tag-para","24":"tag-prision","25":"tag-sin","26":"tag-spain","27":"tag-titulares","28":"tag-ultimas-noticias","29":"tag-ultimasnoticias"},"share_on_mastodon":{"url":"https:\/\/pubeurope.com\/@es\/115675370860546054","error":""},"_links":{"self":[{"href":"https:\/\/www.europesays.com\/es\/wp-json\/wp\/v2\/posts\/275051","targetHints":{"allow":["GET"]}}],"collection":[{"href":"https:\/\/www.europesays.com\/es\/wp-json\/wp\/v2\/posts"}],"about":[{"href":"https:\/\/www.europesays.com\/es\/wp-json\/wp\/v2\/types\/post"}],"author":[{"embeddable":true,"href":"https:\/\/www.europesays.com\/es\/wp-json\/wp\/v2\/users\/2"}],"replies":[{"embeddable":true,"href":"https:\/\/www.europesays.com\/es\/wp-json\/wp\/v2\/comments?post=275051"}],"version-history":[{"count":0,"href":"https:\/\/www.europesays.com\/es\/wp-json\/wp\/v2\/posts\/275051\/revisions"}],"wp:featuredmedia":[{"embeddable":true,"href":"https:\/\/www.europesays.com\/es\/wp-json\/wp\/v2\/media\/275052"}],"wp:attachment":[{"href":"https:\/\/www.europesays.com\/es\/wp-json\/wp\/v2\/media?parent=275051"}],"wp:term":[{"taxonomy":"category","embeddable":true,"href":"https:\/\/www.europesays.com\/es\/wp-json\/wp\/v2\/categories?post=275051"},{"taxonomy":"post_tag","embeddable":true,"href":"https:\/\/www.europesays.com\/es\/wp-json\/wp\/v2\/tags?post=275051"}],"curies":[{"name":"wp","href":"https:\/\/api.w.org\/{rel}","templated":true}]}}