{"id":275057,"date":"2025-12-07T00:15:10","date_gmt":"2025-12-07T00:15:10","guid":{"rendered":"https:\/\/www.europesays.com\/es\/275057\/"},"modified":"2025-12-07T00:15:10","modified_gmt":"2025-12-07T00:15:10","slug":"1x1-del-atletico-en-pubill-hay-central-y-en-barrios-un-lider-pero-no-basta","status":"publish","type":"post","link":"https:\/\/www.europesays.com\/es\/275057\/","title":{"rendered":"1&#215;1 del Atl\u00e9tico: en Pubill hay central y en Barrios, un l\u00edder, pero no basta"},"content":{"rendered":"<p class=\"\"><b>Simeone hizo tres cambios<\/b> con respecto al once que inici\u00f3 en Barcelona, y todos por obligaci\u00f3n por las lesiones del Camp Nou. Entraron <b>Pubill, Gallagher y Almada<\/b> por Gim\u00e9nez, Cardoso y Baena.<\/p>\n<p class=\"\"><b>Oblak<\/b>: En el primer tiempo tuvo tramos de agobio, pero \u00e9l estuvo firme ante los centros que le pasaban cerca. Con el pie, le toc\u00f3 enviar demasiados saques de puerta en largo que acababan siendo balones perdidos. Hasta el 43\u2019 no tuvo que hacer la primera parada. <\/p>\n<p class=\"\"><b>Nahuel<\/b>: Su desaf\u00edo era de los m\u00e1s complicados, tapar a Nico, y le cost\u00f3 much\u00edsimo. Demasiadas p\u00e9rdidas, aunque tampoco ten\u00eda muchas ayudas para salir por su lado, m\u00e1s all\u00e1 de lanzar a Giuliano. Se le hizo largu\u00edsimo el encuentro.<\/p>\n<p class=\"\"><b>Pubill<\/b>: Reto de nivel, central derecho junto a Lenglet. Ayud\u00f3 a Nahuel con Nico cuanto pudo y en el \u00e1rea trat\u00f3 de imponer su altura. En el primer tiempo gan\u00f3 6 duelos de 7, mostrando firmeza e intuici\u00f3n para hacerle coberturas a Lenglet tambi\u00e9n. Notable colocaci\u00f3n.<\/p>\n<p class=\"\"><b>Lenglet<\/b>: Asume la responsabilidad de iniciar el juego, pero a veces arriesga de m\u00e1s, con unos pases de alta tensi\u00f3n, especialmente cuando busca a Barrios. En defensa le falt\u00f3 imponerse m\u00e1s, porque cada centro al \u00e1rea desde su lado acababa siendo rematado por el Athletic. Cambiado en el 62\u2032.<\/p>\n<p class=\"\"><b>Hancko<\/b>: Abierto a la banda izquierda, en el primer tiempo tampoco pudo prodigarse mucho en ataque. Casi ayud\u00f3 m\u00e1s cuando intent\u00f3 meterse por dentro. El Athletic entr\u00f3 con mucha frecuencia por su lado y sufri\u00f3 ante Belenguer y Areso. Tras la entrada de Ruggeri pas\u00f3 a ser central.<\/p>\n<p class=\"\"><b>Giuliano Simeone<\/b>: Fue una de las v\u00edas de escape m\u00e1s frecuentes del Atleti, pero la mayor\u00eda de veces recibi\u00f3 con 70 metros por delante para aventuras casi imposibles. Nahuel necesit\u00f3 su ayuda constantemente. En el minuto 71 realiz\u00f3 el primer remate a puerta del segundo tiempo \u00a1.<\/p>\n<p class=\"\"><b>Gallagher:<\/b> Novedad en el once. Su falta de finura en el pase casi le cuesta cara al Atleti en el 11\u2019, con un tobillazo que se convirti\u00f3 en una contra local peligros\u00edsima. Al minuto, encima, vio la amarilla. No ayud\u00f3 en la creaci\u00f3n ni en la destrucci\u00f3n. Si el rival presiona, es un drama. Cambio l\u00f3gico en el descanso. Otra oportunidad desaprovechada.<\/p>\n<p class=\"\"><b>Barrios:<\/b> Intent\u00f3 hacerse con los mandos del partido, buscando primero los pases de Lenglet y Pubill y luego lanzando a sus compa\u00f1eros de ataque, especialmente a Nico y Giuliano. Muy atinado con los pases en largo y con las recepciones. De lo poco salvable.<\/p>\n<p class=\"\"><b>Nico Gonzalez:<\/b> Escaso. Una de sus misiones era ganar los balones en largo de Oblak, tarea casi imposible. Luego tambi\u00e9n ayudar a Hancko, que lo pas\u00f3 bastante mal. En ataque, busc\u00f3 a Juli\u00e1n con poca fortuna y apenas desbord\u00f3. Mucho esfuerzo y poco premio, como en las \u00faltimas semanas.<\/p>\n<p class=\"\"><b>Almada:<\/b> Buenas maneras, pero casi siempre parece que le falta algo. Un poco de velocidad, de fuerza, de cuerpo\u2026 El Athletic lo maniat\u00f3 f\u00e1cilmente. En el 18\u2019 se escap\u00f3 de las marcas y remat\u00f3 solo para marcar, pero el pie de Unai lo evit\u00f3. Cambiado en el 62\u2032, su \u00faltima acci\u00f3n fue una p\u00e9rdida en campo propio que casi da un disgusto.<\/p>\n<p class=\"\"><b>Juli\u00e1n Alvarez: <\/b>Activo, pero sin mucho brillo y con algunas conducciones y controles que no recuerdan precisamente a su mejor versi\u00f3n En el 18\u2019 s\u00ed le puso un centro medido a Almada, que perdon\u00f3. Lo intent\u00f3 tambi\u00e9n en el 40\u2019, pero su disparo con la zurda se march\u00f3 desviado. Otro partido a domicilio sin ver porter\u00eda y va para cuatro meses.<\/p>\n<p><b>Sustituciones de Simeone<\/b><\/p>\n<p class=\"\"><b>Koke: <\/b>Entr\u00f3 tras el descanso. De inicio trat\u00f3 de armar combinaciones, que ya es algo que casi no se hab\u00eda visto en el primer tiempo, pero poco dur\u00f3. En el a\u00f1adido prob\u00f3 con una volea centrada.<\/p>\n<p class=\"\"><b>Ruggeri: <\/b>Doble cambio junto a Sorloth. Sin profundidad.<\/p>\n<p class=\"\"><b>Sorloth:<\/b> Le cost\u00f3 entrar en calor. En el minuto 84 tuvo un buen remate de cabeza.<\/p>\n<p class=\"\"><b>Griezmann: <\/b>Entr\u00f3 en el 65\u2032 por Juli\u00e1n. Nada, otra vez.<\/p>\n<p>Noticias relacionadas<\/p>\n<p class=\"\"><b>Raspadori:<\/b> Entr\u00f3 en el 72\u2032 y se puso en la izquierda. Nada. Ni siquiera tuvo la intuici\u00f3n de saltar a tapar a Berenguer en el 1-0.<\/p>\n<p class=\"\"><b>\u00a1Tus opiniones importan!<\/b> Comenta en los art\u00edculos y suscr\u00edbete gratis a nuestra <a href=\"https:\/\/asfan.as.com\/newsletters\/\" target=\"_blank\" rel=\"nofollow noopener\" title=\"https:\/\/asfan.as.com\/newsletters\/\">newsletter<\/a> y a las alertas informativas en la <a href=\"https:\/\/as.com\/aplicacion-de-as-n\/\" target=\"_blank\" rel=\"nofollow noopener\" title=\"https:\/\/as.com\/aplicacion-de-as-n\/\">App<\/a> o el canal de <a href=\"https:\/\/www.whatsapp.com\/channel\/0029VaAasdA7j6g745nz9M10\" target=\"_blank\" rel=\"nofollow noopener\" title=\"https:\/\/www.whatsapp.com\/channel\/0029VaAasdA7j6g745nz9M10\">WhatsApp<\/a>. \u00bfBuscas licenciar contenido? Haz clic <a href=\"https:\/\/profesional.elpais.com\/soluciones-sindicacion?utm_medium=interno&amp;utm_source=crosslinking&amp;utm_campaign=sindicacion_as_pie_articulos\" target=\"_blank\" rel=\"nofollow noopener\" title=\"https:\/\/profesional.elpais.com\/soluciones-sindicacion?utm_medium=interno&amp;utm_source=crosslinking&amp;utm_campaign=sindicacion_as_pie_articulos\">aqu\u00ed<\/a><\/p>\n","protected":false},"excerpt":{"rendered":"Simeone hizo tres cambios con respecto al once que inici\u00f3 en Barcelona, y todos por obligaci\u00f3n por las&hellip;\n","protected":false},"author":2,"featured_media":275058,"comment_status":"","ping_status":"","sticky":false,"template":"","format":"standard","meta":{"footnotes":""},"categories":[268],"tags":[168,25,24,280,282,281,23,167],"class_list":{"0":"post-275057","1":"post","2":"type-post","3":"status-publish","4":"format-standard","5":"has-post-thumbnail","7":"category-futbol","8":"tag-deportes","9":"tag-es","10":"tag-espana","11":"tag-football","12":"tag-futbol","13":"tag-soccer","14":"tag-spain","15":"tag-sports"},"share_on_mastodon":{"url":"https:\/\/pubeurope.com\/@es\/115675406278871829","error":""},"_links":{"self":[{"href":"https:\/\/www.europesays.com\/es\/wp-json\/wp\/v2\/posts\/275057","targetHints":{"allow":["GET"]}}],"collection":[{"href":"https:\/\/www.europesays.com\/es\/wp-json\/wp\/v2\/posts"}],"about":[{"href":"https:\/\/www.europesays.com\/es\/wp-json\/wp\/v2\/types\/post"}],"author":[{"embeddable":true,"href":"https:\/\/www.europesays.com\/es\/wp-json\/wp\/v2\/users\/2"}],"replies":[{"embeddable":true,"href":"https:\/\/www.europesays.com\/es\/wp-json\/wp\/v2\/comments?post=275057"}],"version-history":[{"count":0,"href":"https:\/\/www.europesays.com\/es\/wp-json\/wp\/v2\/posts\/275057\/revisions"}],"wp:featuredmedia":[{"embeddable":true,"href":"https:\/\/www.europesays.com\/es\/wp-json\/wp\/v2\/media\/275058"}],"wp:attachment":[{"href":"https:\/\/www.europesays.com\/es\/wp-json\/wp\/v2\/media?parent=275057"}],"wp:term":[{"taxonomy":"category","embeddable":true,"href":"https:\/\/www.europesays.com\/es\/wp-json\/wp\/v2\/categories?post=275057"},{"taxonomy":"post_tag","embeddable":true,"href":"https:\/\/www.europesays.com\/es\/wp-json\/wp\/v2\/tags?post=275057"}],"curies":[{"name":"wp","href":"https:\/\/api.w.org\/{rel}","templated":true}]}}