{"id":275066,"date":"2025-12-07T00:23:10","date_gmt":"2025-12-07T00:23:10","guid":{"rendered":"https:\/\/www.europesays.com\/es\/275066\/"},"modified":"2025-12-07T00:23:10","modified_gmt":"2025-12-07T00:23:10","slug":"3-cortometrajes-frente-al-desconocimiento-que-persiste-en-el-vih","status":"publish","type":"post","link":"https:\/\/www.europesays.com\/es\/275066\/","title":{"rendered":"3 cortometrajes frente al desconocimiento que persiste en el VIH"},"content":{"rendered":"<p>El 1 de diciembre se conmemor\u00f3 el<b> D\u00eda Mundial del VIH,<\/b> que cada a\u00f1o recuerda que esta infecci\u00f3n sigue siendo un reto sanitario en todo el mundo. En la actualidad, cerca de 40 millones de personas viven con VIH en el planeta. En nuestro pa\u00eds, se notifican alrededor de 3.200 nuevos casos cada a\u00f1o y se estima que unas 11.000 personas viven con VIH sin diagnosticar, lo que recalca la necesidad de proseguir con iniciativas para impulsar la detecci\u00f3n precoz y reducir el estigma y el desconocimiento sobre esta enfermedad.<\/p>\n<p>Una de estas iniciativas se ha presentado esta semana en Madrid. Se trata de \u00abthe moVIHe\u00bb, un experimento social dirigido por la doctora <b>Inmaculada Jarr\u00edn, impulsado por la colaboraci\u00f3n de la Asociaci\u00f3n RIS<\/b> y el apoyo de Gilead Sciences. El testimonio de 14 participantes ha dado lugar a tres cortometrajes que tienen como objetivo acercar a la sociedad una mirada m\u00e1s actual, humana y rigurosa sobre el VIH.<\/p>\n<p>Como explica la doctora Jarr\u00edn, de la Asociaci\u00f3n RIS y directora del proyecto, \u00ab\u2018\u2018the moVIHe\u2019\u2019 nace con la voluntad de impulsar una conversaci\u00f3n social m\u00e1s informada, honesta y libre de prejuicios, y de contribuir a una comprensi\u00f3n real del VIH acorde con los avances cient\u00edficos actuales. Una realidad que, por desgracia, sigue muy presente: el estigma y la discriminaci\u00f3n asociados al VIH y al sida. La informaci\u00f3n es una herramienta clave para combatir ese estigma, pero tambi\u00e9n lo es la empat\u00eda: conocer de cerca historias personales ayuda a que muchos miedos y prejuicios desaparezcan. Este proyecto surge de la convicci\u00f3n de que la combinaci\u00f3n de informaci\u00f3n y empat\u00eda es esencial para acabar con el estigma\u00bb.<\/p>\n<p>En los cortometrajes se incide, entre otros temas, en la prevenci\u00f3n y en el diagn\u00f3stico, <b>animando a toda la poblaci\u00f3n a hacerse las pruebas de VIH:<\/b> puede hacerse en las farmacias, en los ambulatorios de atenci\u00f3n primaria, en los hospitales o en asociaciones comunitarias en las que se hacen pruebas r\u00e1pidas de manera gratuita. Existen incluso dispositivos que se env\u00edan a casa y permiten, sin dolor, tener un resultado en veinte minutos con una prueba de saliva o con un peque\u00f1o pinchazo en un dedo.<\/p>\n<p>Asimismo, la mejora en los tratamientos ha derivado en c\u00f3mo mantener la calidad de vida de estos pacientes cr\u00f3nicos, que tienen una esperanza de vida muy elevada. Los f\u00e1rmacos que se han desarrollado en las \u00faltimas d\u00e9cadas ofrecen unos resultados excelentes: la mayor\u00eda de estos pacientes est\u00e1n indetectables, lo que significa que no pueden transmitir el virus y no desarrollan la enfermedad. <b>El reto ahora es abordar dos desaf\u00edos<\/b>: el primero es que los pacientes vivir\u00e1n varias d\u00e9cadas tras el diagn\u00f3stico y van a envejecer, por lo que el sistema sanitario debe adaptarse, incorporando psic\u00f3logos a las unidades o facilitar la recogida de medicaci\u00f3n fuera de los hospitales. El segundo es que, lamentablemente, el estigma que causa la enfermedad contin\u00faa presente.<\/p>\n<p>Combatir la desinformaci\u00f3n<\/p>\n<p>La desinformaci\u00f3n en salud es otro gran problema en este campo, por lo que se debe seguir insistiendo en que <b>el VIH no afecta solo a la comunidad homosexual<\/b>, ya que, de hecho, la mitad de los diagn\u00f3sticos tard\u00edos se dan en personas heterosexuales. Tambi\u00e9n contin\u00faa vivo el mito de unir promiscuidad con VIH y con las enfermedades de transmisi\u00f3n sexual: debe advertirse que cualquier persona sexualmente activa est\u00e1 expuesta. El \u00faltimo bulo que se ha detectado en redes sociales es que hay personas que ponen en duda que un paciente indetectable no transmita el virus, una creencia infundada.<\/p>\n<p>Las personas que han participado en los cortometrajes de \u00abthe moVIHe\u00bb han recalcado la importancia de estas labores de prevenci\u00f3n y diagn\u00f3stico precoz. Y, sobre todo, el abordaje para disminuir el estigma y su impacto en la salud mental de las personas con VIH: como han subrayado, pesa tanto que hay personas que dejan de tener sexo con sus parejas o que no revelan su estado serol\u00f3gico ni a sus seres queridos. Otros truncan su vida por un diagn\u00f3stico debido al peso del estigma y a la salud mental, por lo que insisten en que es muy importante hablar del VIH y abordar tanto la salud mental como las comorbilidades. Y la importancia de estas iniciativas, que vienen a arrojar luz y a normalizar una realidad muy oculta.<\/p>\n","protected":false},"excerpt":{"rendered":"El 1 de diciembre se conmemor\u00f3 el D\u00eda Mundial del VIH, que cada a\u00f1o recuerda que esta infecci\u00f3n&hellip;\n","protected":false},"author":2,"featured_media":275067,"comment_status":"","ping_status":"","sticky":false,"template":"","format":"standard","meta":{"footnotes":""},"categories":[92],"tags":[25,24,165,166,23],"class_list":{"0":"post-275066","1":"post","2":"type-post","3":"status-publish","4":"format-standard","5":"has-post-thumbnail","7":"category-salud","8":"tag-es","9":"tag-espana","10":"tag-health","11":"tag-salud","12":"tag-spain"},"share_on_mastodon":{"url":"https:\/\/pubeurope.com\/@es\/115675437768042604","error":""},"_links":{"self":[{"href":"https:\/\/www.europesays.com\/es\/wp-json\/wp\/v2\/posts\/275066","targetHints":{"allow":["GET"]}}],"collection":[{"href":"https:\/\/www.europesays.com\/es\/wp-json\/wp\/v2\/posts"}],"about":[{"href":"https:\/\/www.europesays.com\/es\/wp-json\/wp\/v2\/types\/post"}],"author":[{"embeddable":true,"href":"https:\/\/www.europesays.com\/es\/wp-json\/wp\/v2\/users\/2"}],"replies":[{"embeddable":true,"href":"https:\/\/www.europesays.com\/es\/wp-json\/wp\/v2\/comments?post=275066"}],"version-history":[{"count":0,"href":"https:\/\/www.europesays.com\/es\/wp-json\/wp\/v2\/posts\/275066\/revisions"}],"wp:featuredmedia":[{"embeddable":true,"href":"https:\/\/www.europesays.com\/es\/wp-json\/wp\/v2\/media\/275067"}],"wp:attachment":[{"href":"https:\/\/www.europesays.com\/es\/wp-json\/wp\/v2\/media?parent=275066"}],"wp:term":[{"taxonomy":"category","embeddable":true,"href":"https:\/\/www.europesays.com\/es\/wp-json\/wp\/v2\/categories?post=275066"},{"taxonomy":"post_tag","embeddable":true,"href":"https:\/\/www.europesays.com\/es\/wp-json\/wp\/v2\/tags?post=275066"}],"curies":[{"name":"wp","href":"https:\/\/api.w.org\/{rel}","templated":true}]}}