{"id":275068,"date":"2025-12-07T00:24:20","date_gmt":"2025-12-07T00:24:20","guid":{"rendered":"https:\/\/www.europesays.com\/es\/275068\/"},"modified":"2025-12-07T00:24:20","modified_gmt":"2025-12-07T00:24:20","slug":"muere-a-los-75-anos-el-cantante-italiano-sandro-giacobbe-autor-de-el-jardin-prohibido","status":"publish","type":"post","link":"https:\/\/www.europesays.com\/es\/275068\/","title":{"rendered":"Muere a los 75 a\u00f1os el cantante italiano Sandro Giacobbe, autor de &#8216;El jard\u00edn prohibido&#8217;"},"content":{"rendered":"<p>05\/12\/2025<br \/>\n<br \/><strong><br \/>\nActualizado a las 19:50h.<br \/>\n<\/strong><\/p>\n<p class=\"voc-p\" style=\"\">El <a href=\"https:\/\/www.abc.es\/sociedad\/abci-escenas-y-canciones-machistas-pasaron-desapercibidas-epoca-y-escandalizan-201608182114_noticia.html\" title=\"www.abc.es\" data-voc-vtm-id=\"in-text-traffic\" data-mrf-link=\"www.abc.es\" rel=\"nofollow noopener\" target=\"_blank\">cantante y compositor italiano Sandro Giacobbe,<\/a> una de las voces rom\u00e1nticas m\u00e1s reconocidas de los a\u00f1os setenta y ochenta, falleci\u00f3 a los 75 a\u00f1os en su casa de Cogorno, en el norte del pa\u00eds italiano. Seg\u00fan medios locales, el artista llevaba una d\u00e9cada  &#8230; luchando contra un tumor que hab\u00eda deteriorado notablemente su salud en los \u00faltimos a\u00f1os.<\/p>\n<p class=\"voc-p\" style=\"\">Nacido en G\u00e9nova en 1949, Giacobbe <strong>alcanz\u00f3 la popularidad con temas muy destacados como<\/strong> &#8216;El jard\u00edn prohibido&#8217;, &#8216;Se\u00f1ora m\u00eda&#8217; y &#8216;Los ojos de tu madre&#8217;, canciones que \u00e9l mismo llev\u00f3 al espa\u00f1ol y que tuvieron mucha repercursi\u00f3n en Espa\u00f1a y Latinoam\u00e9rica. Su mayor \u00e9xito, &#8216;El jard\u00edn prohibido&#8217;, lleg\u00f3 a ser n\u00famero uno en territorio espa\u00f1ol en 1976 y posteriormente fue versionado por artistas como Sergio Dalma, Junco o El Chaval de la Peca.<\/p>\n<p class=\"voc-p\" style=\"\">En 2003 compiti\u00f3 en el <strong>Festival de Vi\u00f1a del Mar de Chile <\/strong>con el tema &#8216;E passa il tempo&#8217; , con el que logr\u00f3 un segundo puesto.<\/p>\n<p class=\"voc-p\" style=\"\">En marzo de este mismo a\u00f1o, el cantante<strong> habl\u00f3 abiertamente sobre su enfermedad<\/strong> en el programa italiano Domenica in. All\u00ed confes\u00f3 que ya no pod\u00eda caminar ni ponerse en pie.<\/p>\n<p>\nArt\u00edculo solo para suscriptores\n<\/p>\n<p>Reportar un error<\/p>\n","protected":false},"excerpt":{"rendered":"05\/12\/2025 Actualizado a las 19:50h. El cantante y compositor italiano Sandro Giacobbe, una de las voces rom\u00e1nticas m\u00e1s&hellip;\n","protected":false},"author":2,"featured_media":275069,"comment_status":"","ping_status":"","sticky":false,"template":"","format":"standard","meta":{"footnotes":""},"categories":[91],"tags":[988,1697,4328,146,147,25,24,66880,2872,15174,8938,9583,66879,23],"class_list":{"0":"post-275068","1":"post","2":"type-post","3":"status-publish","4":"format-standard","5":"has-post-thumbnail","7":"category-entretenimiento","8":"tag-anos","9":"tag-autor","10":"tag-cantante","11":"tag-entertainment","12":"tag-entretenimiento","13":"tag-es","14":"tag-espana","15":"tag-giacobbe","16":"tag-italiano","17":"tag-jardin","18":"tag-muere","19":"tag-prohibido","20":"tag-sandro","21":"tag-spain"},"share_on_mastodon":{"url":"https:\/\/pubeurope.com\/@es\/115675441858658254","error":""},"_links":{"self":[{"href":"https:\/\/www.europesays.com\/es\/wp-json\/wp\/v2\/posts\/275068","targetHints":{"allow":["GET"]}}],"collection":[{"href":"https:\/\/www.europesays.com\/es\/wp-json\/wp\/v2\/posts"}],"about":[{"href":"https:\/\/www.europesays.com\/es\/wp-json\/wp\/v2\/types\/post"}],"author":[{"embeddable":true,"href":"https:\/\/www.europesays.com\/es\/wp-json\/wp\/v2\/users\/2"}],"replies":[{"embeddable":true,"href":"https:\/\/www.europesays.com\/es\/wp-json\/wp\/v2\/comments?post=275068"}],"version-history":[{"count":0,"href":"https:\/\/www.europesays.com\/es\/wp-json\/wp\/v2\/posts\/275068\/revisions"}],"wp:featuredmedia":[{"embeddable":true,"href":"https:\/\/www.europesays.com\/es\/wp-json\/wp\/v2\/media\/275069"}],"wp:attachment":[{"href":"https:\/\/www.europesays.com\/es\/wp-json\/wp\/v2\/media?parent=275068"}],"wp:term":[{"taxonomy":"category","embeddable":true,"href":"https:\/\/www.europesays.com\/es\/wp-json\/wp\/v2\/categories?post=275068"},{"taxonomy":"post_tag","embeddable":true,"href":"https:\/\/www.europesays.com\/es\/wp-json\/wp\/v2\/tags?post=275068"}],"curies":[{"name":"wp","href":"https:\/\/api.w.org\/{rel}","templated":true}]}}