{"id":275076,"date":"2025-12-07T00:28:12","date_gmt":"2025-12-07T00:28:12","guid":{"rendered":"https:\/\/www.europesays.com\/es\/275076\/"},"modified":"2025-12-07T00:28:12","modified_gmt":"2025-12-07T00:28:12","slug":"dos-asociaciones-de-victimas-de-la-dana-exigen-el-acta-de-mazon-para-reunirse-con-el-presidente-de-la-generalitat","status":"publish","type":"post","link":"https:\/\/www.europesays.com\/es\/275076\/","title":{"rendered":"Dos asociaciones de v\u00edctimas de la dana exigen el acta de Maz\u00f3n para reunirse con el presidente de la Generalitat"},"content":{"rendered":"<p style=\"\"><strong>Dos<\/strong> de las principales <strong>asociaciones<\/strong> de <a href=\"https:\/\/www.abc.es\/espana\/comunidad-valenciana\/gobierno-llorca-20251204145212-nt.html\" target=\"_blank\" data-voc-vtm-id=\"in-text-traffic\" title=\"v\u00edctimas de la dana\" data-mrf-link=\"www.abc.es\" rel=\"nofollow noopener\">v\u00edctimas de la dana<\/a> (la Associaci\u00f3 V\u00edctimes de la DANA 29 d&#8217;octubre 2024 y la Associaci\u00f3 de V\u00edctimes Mortals 29-O) han <strong>exigido<\/strong> como condici\u00f3n para <strong>reunirse<\/strong> con el presidente de la Generalitat,  &#8230; Juanfran P\u00e9rez Llorca, que reclame el <strong>acta<\/strong> de diputado a su antecesor en el cargo, Carlos <strong>Maz\u00f3n<\/strong>.<\/p>\n<p class=\"voc-p\" style=\"\">As\u00ed lo han manifestado, en un comunicado difundido este s\u00e1bado, un d\u00eda despu\u00e9s de conocer los <a href=\"https:\/\/www.abc.es\/espana\/comunidad-valenciana\/whatsapps-pradas-revelan-equipo-mazon-sabia-muerto-20251205153257-nt.html\" target=\"_blank\" data-voc-vtm-id=\"in-text-traffic\" title=\"mensajes de WhatsApp\" data-mrf-link=\"www.abc.es\" rel=\"nofollow noopener\">mensajes de WhatsApp<\/a> de la exconsellera de Justicia e Interior Salom\u00e9 <strong>Pradas<\/strong> con el ya expresidente Carlos Maz\u00f3n y con el que fuera su jefe de Gabinete, Jos\u00e9 Manuel <strong>Cuenca<\/strong>, durante el d\u00eda de la dana. Pradas ha entregado un listado con estos mensajes a la juez que investiga la gesti\u00f3n de la dana, procedimiento en el que est\u00e1 investigada.<\/p>\n<p class=\"voc-p\" style=\"\">En uno de estos mensajes, en los que la exconsellera alertaba a Maz\u00f3n esa misma ma\u00f1ana del fat\u00eddico 29-O de que \u00abpreocupa\u00bb el barranco del Poyo, el ya &#8216;expresident&#8217; le respondi\u00f3: \u00ab<strong>Cojonudo<\/strong>\u00bb. Adem\u00e1s, Pradas mand\u00f3 un mensaje al jefe de Gabinete del expresidente a las 16.28 horas en el que le advert\u00eda de que les hab\u00edan informado que hab\u00eda un <strong>fallecido<\/strong> en <strong>Utiel<\/strong> (Valencia).<\/p>\n<p class=\"voc-p\" style=\"\">Los colectivos de v\u00edctimas, que se <strong>preguntan<\/strong> si desde el Consell \u00ab<strong>dejaron morir<\/strong>\u00bb a sus familiares, han exigido a P\u00e9rez Llorca \u00abmedidas pol\u00edticas y transparencia inmediata\u00bb, la primera de ellas que reclame el acta de diputado de Carlos Maz\u00f3n. \u00abSin este paso, no podemos valorar una hipot\u00e9tica reuni\u00f3n\u00bb, han advertido.<\/p>\n<p class=\"voc-p\" style=\"\">Adem\u00e1s, han reclamado la \u00abruptura absoluta con la narrativa de defensa del Consell mantenida durante este a\u00f1o\u00bb porque, seg\u00fan han argumentado, \u00abnuestra sociedad no acepta que durante un a\u00f1o se haya sostenido una <strong>versi\u00f3n oficial<\/strong> que las <strong>pruebas<\/strong> ahora <strong>desmienten<\/strong>\u00bb.<\/p>\n<p class=\"voc-p\" style=\"\">Tambi\u00e9n han solicitado \u00abla retirada de confianza y el cese de quienes han defendido p\u00fablicamente esta versi\u00f3n\u00bb y, con ello, la <strong>destituci\u00f3n<\/strong> de \u00abtodas las personas que han sostenido y repetido una explicaci\u00f3n que las pruebas contradicen\u00bb, entre ellas la vicepresidenta primera, Susana <strong>Camarero<\/strong>, el conseller de Hacienda y Econom\u00eda, Jos\u00e9 Antonio <strong>Rovira<\/strong>, y el de Agricultura, Agua, Ganader\u00eda y Pesca, Miguel <strong>Barrachina<\/strong>.<\/p>\n<p class=\"voc-p\" style=\"\">Finalmente, han reclamado al Consell la \u00ab<strong>colaboraci\u00f3n<\/strong> plena\u00bb con la <strong>investigaci\u00f3n judicial<\/strong> y que \u00abtodas las personas citadas y los cargos implicados colaboren sin reservas con la instrucci\u00f3n en curso y faciliten toda la documentaci\u00f3n y acceso a dispositivos y registros que permitan esclarecer la cadena de decisiones del 29 de octubre\u00bb.<\/p>\n<p class=\"voc-p\" style=\"\">Las asociaciones de v\u00edctimas se han mostrado \u00ababsolutamente <strong>indignadas<\/strong>\u00bb tras conocer los mensajes entre Pradas, Maz\u00f3n y Cuenca, unas conversaciones que, a su juicio, confirman \u00abaquello que durante un a\u00f1o se nos neg\u00f3: que s\u00ed <strong>ten\u00edan<\/strong> la <strong>informaci\u00f3n<\/strong> y conoc\u00edan la <strong>alerta<\/strong> hidrol\u00f3gica, que s\u00ed ocultaron o negaron la informaci\u00f3n de riesgo, que Maz\u00f3n fue informado y no actu\u00f3 con la urgencia que exig\u00eda la situaci\u00f3n y que nos han mentido durante meses\u00bb. \u00abNo son sospechas, son pruebas documentales que nos golpean, que golpean la conciencia p\u00fablica y que exigen respuestas inmediatas\u00bb, han expresado.<\/p>\n<p class=\"voc-p\" style=\"\">En primer lugar, los colectivos han subrayado que estas conversaciones \u00abmuestran avisos simult\u00e1neos sobre el incremento de caudal en el barranco del Poyo y el r\u00edo Magro, as\u00ed como la declaraci\u00f3n de alerta hidrol\u00f3gica\u00bb, lo que \u00abdesmiente la versi\u00f3n del Consell sobre la supuesta ausencia de informaci\u00f3n previa\u00bb.<\/p>\n<p class=\"voc-p\" style=\"\">Adem\u00e1s, han incidido en que los mensajes de Cuenca, quien fuera jefe de Gabinete de Carlos Maz\u00f3n, y las \u00ab<strong>instrucciones<\/strong> de calma o no<strong> confinar<\/strong> frenaron el env\u00edo de avisos masivos que podr\u00edan haber alertado a la poblaci\u00f3n con tiempo\u00bb. \u00abEsta actitud no es menor, es potencialmente letal\u00bb, han advertido.<\/p>\n<p>\nEl expresidente \u00abestaba al tanto\u00bb antes de irse al Ventorro\n<\/p>\n<p class=\"voc-p\" style=\"\">Tambi\u00e9n han sostenido que estos mensajes confirman que el &#8216;expresident&#8217; de la Generalitat \u00abestaba <strong>al tanto<\/strong> de la <strong>gravedad<\/strong><strong>antes<\/strong> de entrar en <strong>El Ventorro<\/strong>\u00bb. De hecho, han subrayado que las conversaciones \u00abmuestran que dos horas antes de entrar\u00bb en el restaurante donde comi\u00f3 con la periodista Maribel Vilaplana, el que fuera jefe del Consell \u00abya hab\u00eda sido avisado de la gravedad extrema de la situaci\u00f3n, de los rescates en marcha, de la alerta hidrol\u00f3gica activa en el Poyo y el Magro y, especialmente, de la primera v\u00edctima mortal en Utiel, antes de las 17.00 horas\u00bb.<\/p>\n<p class=\"voc-p\" style=\"\">Por todo, han denunciado que desde el Consell les han \u00ab<strong>enga\u00f1ado<\/strong> durante <strong>un a\u00f1o<\/strong>\u00bb: \u00abLa narrativa oficial que negaba disponer de elementos claros para actuar se desmorona ante estos mensajes. La informaci\u00f3n exist\u00eda y no se utiliz\u00f3 para salvar vidas\u00bb.<\/p>\n<p class=\"voc-p\" style=\"\">As\u00ed, han considerado todo ello \u00abuna <strong>infamia<\/strong> hacia las personas que murieron y hacia sus familias\u00bb y han garantizado que no piensan \u00abtolerar que se sigan encubriendo responsabilidades con eufemismos ni que se pretenda normalizar la negligencia\u00bb.<\/p>\n","protected":false},"excerpt":{"rendered":"Dos de las principales asociaciones de v\u00edctimas de la dana (la Associaci\u00f3 V\u00edctimes de la DANA 29 d&#8217;octubre&hellip;\n","protected":false},"author":2,"featured_media":275077,"comment_status":"","ping_status":"","sticky":false,"template":"","format":"standard","meta":{"footnotes":""},"categories":[8],"tags":[11321,36009,17,18,1681,1563,25,24,29455,13,14,2010,11,19,20,1439,9,10,15,16,1461,34952,23,12,21,22,431],"class_list":{"0":"post-275076","1":"post","2":"type-post","3":"status-publish","4":"format-standard","5":"has-post-thumbnail","7":"category-espana","8":"tag-acta","9":"tag-asociaciones","10":"tag-breaking-news","11":"tag-breakingnews","12":"tag-dana","13":"tag-dos","14":"tag-es","15":"tag-espana","16":"tag-exigen","17":"tag-featured-news","18":"tag-featurednews","19":"tag-generalitat","20":"tag-headlines","21":"tag-latest-news","22":"tag-latestnews","23":"tag-mazon","24":"tag-news","25":"tag-noticias","26":"tag-noticias-destacadas","27":"tag-noticiasdestacadas","28":"tag-presidente","29":"tag-reunirse","30":"tag-spain","31":"tag-titulares","32":"tag-ultimas-noticias","33":"tag-ultimasnoticias","34":"tag-victimas"},"share_on_mastodon":{"url":"https:\/\/pubeurope.com\/@es\/115675457746676196","error":""},"_links":{"self":[{"href":"https:\/\/www.europesays.com\/es\/wp-json\/wp\/v2\/posts\/275076","targetHints":{"allow":["GET"]}}],"collection":[{"href":"https:\/\/www.europesays.com\/es\/wp-json\/wp\/v2\/posts"}],"about":[{"href":"https:\/\/www.europesays.com\/es\/wp-json\/wp\/v2\/types\/post"}],"author":[{"embeddable":true,"href":"https:\/\/www.europesays.com\/es\/wp-json\/wp\/v2\/users\/2"}],"replies":[{"embeddable":true,"href":"https:\/\/www.europesays.com\/es\/wp-json\/wp\/v2\/comments?post=275076"}],"version-history":[{"count":0,"href":"https:\/\/www.europesays.com\/es\/wp-json\/wp\/v2\/posts\/275076\/revisions"}],"wp:featuredmedia":[{"embeddable":true,"href":"https:\/\/www.europesays.com\/es\/wp-json\/wp\/v2\/media\/275077"}],"wp:attachment":[{"href":"https:\/\/www.europesays.com\/es\/wp-json\/wp\/v2\/media?parent=275076"}],"wp:term":[{"taxonomy":"category","embeddable":true,"href":"https:\/\/www.europesays.com\/es\/wp-json\/wp\/v2\/categories?post=275076"},{"taxonomy":"post_tag","embeddable":true,"href":"https:\/\/www.europesays.com\/es\/wp-json\/wp\/v2\/tags?post=275076"}],"curies":[{"name":"wp","href":"https:\/\/api.w.org\/{rel}","templated":true}]}}