{"id":275091,"date":"2025-12-07T00:45:24","date_gmt":"2025-12-07T00:45:24","guid":{"rendered":"https:\/\/www.europesays.com\/es\/275091\/"},"modified":"2025-12-07T00:45:24","modified_gmt":"2025-12-07T00:45:24","slug":"paso-atras-real-sociedad-de-futbol-s-a-d","status":"publish","type":"post","link":"https:\/\/www.europesays.com\/es\/275091\/","title":{"rendered":"Paso atr\u00e1s &#8211; Real Sociedad de F\u00fatbol S.A.D."},"content":{"rendered":"<p>La Real ha salido derrotada de Mendizorrotza en un partido en el que los txuri urdin no han completado una buena actuaci\u00f3n. El tanto en la prolongaci\u00f3n del primer tiempo de Lucas Boy\u00e9 ha dejado sin puntuar al cuadro de Sergio Francisco.\u00a0<\/p>\n<p>En el primer tiempo los txuri urdin no han estado c\u00f3modos. Los albiazules, sin crear ocasiones, salvo alguna a bal\u00f3n parado, estaban mejor asentados sobre el c\u00e9sped. Un cabezazo de Soler y otro de Mart\u00edn, este al palo, han sido las mejores opciones realistas. Ya en el a\u00f1adido, tras un saque de esquina, Artiz ha tocado el bal\u00f3n con la mano y Lucas Boy\u00e9 ha anotado desde los once metros. No hab\u00eda tiempo para m\u00e1s.<\/p>\n<p>En el segundo tiempo el cuadro guipuzcoano ha seguido igual de romo. No ha sido capaz de poner en apuros a Sivera, que no ha tenido que intervenir. Ha faltado claridad en ataque. Aunque, con los cambios y en el tramo final, el equipo ha empujado m\u00e1s, no ha sido suficiente para rascar un resultado positivo del feudo babazorro. Segunda derrota consecutiva de los realistas que les impide ascender en la clasificaci\u00f3n.<\/p>\n<p><b>Ficha t\u00e9cnica:<\/b><\/p>\n<p><b>Deportivo Alav\u00e9s<\/b>: Sivera, Jonny, Tenaglia, Pacheco, Parada, Guevara (cap)(Ale\u00f1\u00e1, min.76), Pablo Ib\u00e1\u00f1ez, Denis Su\u00e1rez (Youssef, min.93), Rebbach (Protesoni, min.76), Calebe (Vicente, min.50) y Lucas Boy\u00e9.<\/p>\n<p><b>Real Sociedad<\/b>: Remiro, Aramburu, Aritz (cap)(Caleta-Car, min.56), Mart\u00edn, Sergio G\u00f3mez, Gorrotxa (Zakharya, min.78), Soler (Goti, min.87), Brais M\u00e9ndez, Take (Karrikaburu, min.78), Guedes y Sadiq (Barrene, min.56).<\/p>\n<p><b>Gol<\/b>: 1-0: Lucas Boy\u00e9 (pen), min.45+4.<\/p>\n<p><b>\u00c1rbitro<\/b>: Javier Alberola. Ha amonestado a los locales Guevara y Tenaglia y a los visitantes Gorrotxa y Aramburu.<\/p>\n","protected":false},"excerpt":{"rendered":"La Real ha salido derrotada de Mendizorrotza en un partido en el que los txuri urdin no han&hellip;\n","protected":false},"author":2,"featured_media":275092,"comment_status":"","ping_status":"","sticky":false,"template":"","format":"standard","meta":{"footnotes":""},"categories":[93],"tags":[168,25,24,282,1044,798,492,23,167],"class_list":{"0":"post-275091","1":"post","2":"type-post","3":"status-publish","4":"format-standard","5":"has-post-thumbnail","7":"category-deportes","8":"tag-deportes","9":"tag-es","10":"tag-espana","11":"tag-futbol","12":"tag-liga","13":"tag-real","14":"tag-sociedad","15":"tag-spain","16":"tag-sports"},"share_on_mastodon":{"url":"https:\/\/pubeurope.com\/@es\/115675524165915063","error":""},"_links":{"self":[{"href":"https:\/\/www.europesays.com\/es\/wp-json\/wp\/v2\/posts\/275091","targetHints":{"allow":["GET"]}}],"collection":[{"href":"https:\/\/www.europesays.com\/es\/wp-json\/wp\/v2\/posts"}],"about":[{"href":"https:\/\/www.europesays.com\/es\/wp-json\/wp\/v2\/types\/post"}],"author":[{"embeddable":true,"href":"https:\/\/www.europesays.com\/es\/wp-json\/wp\/v2\/users\/2"}],"replies":[{"embeddable":true,"href":"https:\/\/www.europesays.com\/es\/wp-json\/wp\/v2\/comments?post=275091"}],"version-history":[{"count":0,"href":"https:\/\/www.europesays.com\/es\/wp-json\/wp\/v2\/posts\/275091\/revisions"}],"wp:featuredmedia":[{"embeddable":true,"href":"https:\/\/www.europesays.com\/es\/wp-json\/wp\/v2\/media\/275092"}],"wp:attachment":[{"href":"https:\/\/www.europesays.com\/es\/wp-json\/wp\/v2\/media?parent=275091"}],"wp:term":[{"taxonomy":"category","embeddable":true,"href":"https:\/\/www.europesays.com\/es\/wp-json\/wp\/v2\/categories?post=275091"},{"taxonomy":"post_tag","embeddable":true,"href":"https:\/\/www.europesays.com\/es\/wp-json\/wp\/v2\/tags?post=275091"}],"curies":[{"name":"wp","href":"https:\/\/api.w.org\/{rel}","templated":true}]}}