{"id":275096,"date":"2025-12-07T00:49:28","date_gmt":"2025-12-07T00:49:28","guid":{"rendered":"https:\/\/www.europesays.com\/es\/275096\/"},"modified":"2025-12-07T00:49:28","modified_gmt":"2025-12-07T00:49:28","slug":"jose-elias-empresario-vengo-de-china-jodidamente-preocupado-ahora-entiendo-por-que-estamos-en-la-ruina-20minutos","status":"publish","type":"post","link":"https:\/\/www.europesays.com\/es\/275096\/","title":{"rendered":"Jos\u00e9 El\u00edas, empresario: &quot;Vengo de China jodidamente preocupado, ahora entiendo por qu\u00e9 estamos en la ruina&quot; &#8211; 20Minutos"},"content":{"rendered":"<ol>\n<li><a href=\"https:\/\/news.google.com\/rss\/articles\/CBMi-wFBVV95cUxNS2JubE0temhlYnRRZ09PVWZkbi1CZzY5OWllakc0dm9nb19wTFZOSjRBcVNyY0JfdXpQX28yaTNjNzJmYUMwOGFXakI0ZU12VG16a1JkOGVwRnI5anBrVXEzWElOOHRMdm1DT0JhU25lRGwtcWlBbkJwUFpPZXJBQjBXOGZWSC1DanNlTF91ZmZleGx2SlZqMldrVlFRV3dZNUp1Um92SzdJQ085R1FoTnRaam12S0EzSWxQSXlUNzdJM3JPVklUQW16RkN3ZlJsbzhnZ1ZnSDFubmpKeDRLWlhGVC1EX1JRSWdiZi1TYTlGVXA5X1M2dTZsbw?oc=5\" target=\"_blank\" rel=\"nofollow noopener\">Jos\u00e9 El\u00edas, empresario: \u00abVengo de China jodidamente preocupado, ahora entiendo por qu\u00e9 estamos en la ruina\u00bb<\/a>&nbsp;&nbsp;20Minutos<\/li>\n<li><a href=\"https:\/\/news.google.com\/rss\/articles\/CBMipAFBVV95cUxNY1pCOFBBU0FPdXBwcUdpZDhZdVh2SzlOS013VGU1cHdEUmRZRDRBU19OX2FSQlpqdDNGWGx0S1BkZXJyOTJSQ3Z5YXdPOURSOFluTXIyLUlMRVhXRkhJTGZ5Y29fcHd5RnJBd1lsX2kxZ01qVmltYjh2QzV2XzFSMWd4aUVMRm1qVl9Lc2ZfODh5ZV9EV1prWXpnU3RKaTNOZ3BKZw?oc=5\" target=\"_blank\" rel=\"nofollow noopener\">Jos\u00e9 El\u00edas, empresario espa\u00f1ol: \u00abAl Gobierno no le interesa que sepas de finanzas, porque si la gente supiera c\u00f3mo funciona el sistema, habr\u00eda una revoluci\u00f3n\u00bb<\/a>&nbsp;&nbsp;ABC<\/li>\n<li><a href=\"https:\/\/news.google.com\/rss\/articles\/CBMi7AFBVV95cUxQYkxCZ0pyR2RoajhVZUV3bGk0bmVQdGxLWVFtb2VBWFFsOVpjdVVucUhoVmNQbFFPdE9FTUEtY3NIVjVBdW1aWXl5QmZsWjFLTGV5RDhlMk91THBCbHpOb2VCcjBlYnRjTTZpWG5qMFQwSkJuOUNocTlJdkZ4b2RXRmlBeDN2T2tkeXNWbDNOV0ZRLV9xVHpUa1ZHbzVfQ2w1NEc0Ukt3dGpXUXdmS1BqMll6QU52MEJoV1hFUGFEOWwyQXR0ejRranN6YzduOUNQNUZsUWVVMzNEOGYzZk5nQTJQakFZRlMwbmE4cdIB8gFBVV95cUxPenJRQmlNbzB5NGdjVzM5X2g1c25xLTl3SW5wT0M3dlNsVTNLRUp2R1lCOG1nZUk2ZXpEMEZoOXExbHB4SkI5SmdvZkE1S2p2LVhsbHRaOElEOW5rTlZXcmdjVGRQekkwV2MtOWxmbG9SQk1Nd2loaXJ5NlZGNlk3TllnaG9PVWhLb0JNUktKT2hRNW1xNU5LUTNMczBKcHRZSU9tZGplRm5LXzlHVU4zOUVUMG5YakFHeS1WOFRnYTQzS2hHVnZrbm9DOTFRWXZHODNJT2pHQWZfdE1KR053X3hCX1dFa09JVGE0RVRXcC1mQQ?oc=5\" target=\"_blank\" rel=\"nofollow noopener\">Jos\u00e9 El\u00edas, empresario, estalla contra los impuestos en Espa\u00f1a: \u201cEn China el IVA est\u00e1 al 6% y el IRPF fijo, aqu\u00ed es imposible emprender\u201d<\/a>&nbsp;&nbsp;Cr\u00f3nica Global<\/li>\n<li><a href=\"https:\/\/news.google.com\/rss\/articles\/CBMi5gFBVV95cUxPVW85RTZHbElaQ2Z4NzVFNmxDSlpRMXpNVl9fM2JvSVB2ZUJrcmthNEpWNllMTHV3UmgxbjBjWEVXMnBJY3ZIZ3QxaTUxVzJoUzR4V0RhWmhiNGpwSE96U29KcXBzSk14ZjRTM1Fqam5OMnBNQ2pxNmxRNnkyN1JvZ3NmcE5GVFFXNk5pU1VUc2dEbnRUWDJIQ05HekpWNzlMODRQampMUVN6SW1QTkdlcWVFbWRudlJjQnVDamRNc21ZSm1BQ1JpMTFuZHZva3MycEdfbXVMRXJQTHo3WXJLZTJnVk5aUQ?oc=5\" target=\"_blank\" rel=\"nofollow noopener\">Jos\u00e9 El\u00edas, empresario: \u201cVengo de China preocupado. Ahora entiendo por qu\u00e9 Espa\u00f1a est\u00e1 en la ruina\u201d<\/a>&nbsp;&nbsp;La Raz\u00f3n<\/li>\n<li><a href=\"https:\/\/news.google.com\/rss\/articles\/CBMi4gFBVV95cUxOUEVQSHBYZ2VNM202OU9DdW43ZGI4MFFFVXBCN3g2WDdsb0NHd0hEUXBid3lyaldWUkh4ZjlyNU0tS0RTa0xHTi1qamxFUndOTUVmakV5c2Z0cS1reHE4RzE4TUZ3dzV3dnpVNThMZHVUV0M4ejk5YXdTRUZEQkhKNWtqV3lQR1J5c3NOWGU1dHBnTmFzNzk2MGFZME9IRVQ2dHdNLVVFaVkzOG5wWnBiNHN2R20yeXMwZ1p6VlNGUnMtM0UyZnNzZ1NpUVRKWC1nU0xLU2lmSTJ5eXpydVhUUWR3?oc=5\" target=\"_blank\" rel=\"nofollow noopener\">Jos\u00e9 El\u00edas, empresario multimillonario: \u00abGestionar una empresa de 3 trabajadores es m\u00e1s dif\u00edcil que una de 1.000\u00bb<\/a>&nbsp;&nbsp;L\u00edder Actual<\/li>\n<\/ol>\n","protected":false},"excerpt":{"rendered":"Jos\u00e9 El\u00edas, empresario: \u00abVengo de China jodidamente preocupado, ahora entiendo por qu\u00e9 estamos en la ruina\u00bb&nbsp;&nbsp;20Minutos Jos\u00e9 El\u00edas,&hellip;\n","protected":false},"author":2,"featured_media":248356,"comment_status":"","ping_status":"","sticky":false,"template":"","format":"standard","meta":{"footnotes":""},"categories":[80],"tags":[82,95,94,25,24,23],"class_list":{"0":"post-275096","1":"post","2":"type-post","3":"status-publish","4":"format-standard","5":"has-post-thumbnail","7":"category-economia","8":"tag-business","9":"tag-economia","10":"tag-economy","11":"tag-es","12":"tag-espana","13":"tag-spain"},"share_on_mastodon":{"url":"https:\/\/pubeurope.com\/@es\/115675540038993133","error":""},"_links":{"self":[{"href":"https:\/\/www.europesays.com\/es\/wp-json\/wp\/v2\/posts\/275096","targetHints":{"allow":["GET"]}}],"collection":[{"href":"https:\/\/www.europesays.com\/es\/wp-json\/wp\/v2\/posts"}],"about":[{"href":"https:\/\/www.europesays.com\/es\/wp-json\/wp\/v2\/types\/post"}],"author":[{"embeddable":true,"href":"https:\/\/www.europesays.com\/es\/wp-json\/wp\/v2\/users\/2"}],"replies":[{"embeddable":true,"href":"https:\/\/www.europesays.com\/es\/wp-json\/wp\/v2\/comments?post=275096"}],"version-history":[{"count":0,"href":"https:\/\/www.europesays.com\/es\/wp-json\/wp\/v2\/posts\/275096\/revisions"}],"wp:featuredmedia":[{"embeddable":true,"href":"https:\/\/www.europesays.com\/es\/wp-json\/wp\/v2\/media\/248356"}],"wp:attachment":[{"href":"https:\/\/www.europesays.com\/es\/wp-json\/wp\/v2\/media?parent=275096"}],"wp:term":[{"taxonomy":"category","embeddable":true,"href":"https:\/\/www.europesays.com\/es\/wp-json\/wp\/v2\/categories?post=275096"},{"taxonomy":"post_tag","embeddable":true,"href":"https:\/\/www.europesays.com\/es\/wp-json\/wp\/v2\/tags?post=275096"}],"curies":[{"name":"wp","href":"https:\/\/api.w.org\/{rel}","templated":true}]}}