{"id":275102,"date":"2025-12-07T00:57:19","date_gmt":"2025-12-07T00:57:19","guid":{"rendered":"https:\/\/www.europesays.com\/es\/275102\/"},"modified":"2025-12-07T00:57:19","modified_gmt":"2025-12-07T00:57:19","slug":"nick-kyrgios-se-une-a-carlos-alcaraz-en-australia","status":"publish","type":"post","link":"https:\/\/www.europesays.com\/es\/275102\/","title":{"rendered":"Nick Kyrgios se une a Carlos Alcaraz en Australia"},"content":{"rendered":"<p>Nick Kyrgios ser\u00e1 uno m\u00e1s del 1 point slam que va a enfrentar a tenistas profesionales con aficionados antes del Open de Australia, evento en el que Carlos Alcaraz ser\u00e1 la gran estrella<\/p>\n<p class=\"parrafo\">El tenis mundial tiene a protagonistas que destacan por muchas cosas. Los hay <strong>por su juego, como Carlos Alcaraz o Jannik Sinner<\/strong>, los dos grandes referentes del deporte, o los hay por otros aspectos, como <strong>Nick Kyrgios, el m\u00e1s d\u00edscolo del circuito<\/strong> y que salt\u00f3 a la fama por otras cosas, especialmente por sus declaraciones y sus actos, muchas veces siendo mucho m\u00e1s pol\u00e9mico de la cuenta. Y aunque por las lesiones su carrera no ha llegado a ser lo que se esperaba, el australiano sigue siendo un personaje importante en el tenis mundial y ahora va a ser <strong>part\u00edcipe de uno de los grandes eventos adyacentes al Open de Australia<\/strong>, el 1 Point Slam.<\/p>\n<p class=\"parrafo\">Kyrgios, que<strong> regresa al tenis profesional la pr\u00f3xima campa\u00f1a<\/strong> despu\u00e9s de muchos meses alejado de las pistas, se ha apuntado a este<strong> novedoso invento que enfrentar\u00e1 a jugadores profesionales con aficionados<\/strong> en partidos a un punto y que repartir\u00e1 un mill\u00f3n de d\u00f3lares australianos para el ganador del evento, si alguien es capaz de batir a los grandes jugadores que estar\u00e1n en la pista. <strong>La gran estrella del torneo ser\u00e1 Carlos Alcaraz<\/strong>, quien competir\u00e1 en este \u2018invento\u2019 el mi\u00e9rcoles 14 de enero en la Rod Laver Arena.<\/p>\n<p><a class=\"elementos-rel-t2\" href=\"https:\/\/www.estadiodeportivo.com\/tenis\/joao-fonseca-olvida-del-favor-que-hizo-carlos-alcaraz-20251205-522776.html\" title=\"Joao Fonseca no se olvida del favor que le hizo Carlos Alcaraz\" rel=\"nofollow noopener\" target=\"_blank\"><\/p>\n<p class=\"titular titulo-4\">Joao Fonseca no se olvida del favor que le hizo Carlos Alcaraz<\/p>\n<p><img decoding=\"async\" src=\"https:\/\/www.europesays.com\/es\/wp-content\/uploads\/2025\/12\/cf5a03d5-7ef0-4ca8-8024-fbb98a877787_320x180.jpeg\" alt=\"Joao Fonseca no se olvida del favor que le hizo Carlos Alcaraz\"\/><\/a><a class=\"elementos-rel-t2\" href=\"https:\/\/www.estadiodeportivo.com\/tenis\/toni-nadal-sobre-carlos-alcaraz-tiene-practicamente-todo-para-triunfar-20251205-522730.html\" title=\"Toni Nadal sobre Carlos Alcaraz: &#039;&#039;Lo tiene pr\u00e1cticamente todo para triunfar&#039;&#039;\" rel=\"nofollow noopener\" target=\"_blank\"><\/p>\n<p class=\"titular titulo-4\">Toni Nadal sobre Carlos Alcaraz: \u00bbLo tiene pr\u00e1cticamente todo para triunfar\u00bb<\/p>\n<p><img decoding=\"async\" src=\"https:\/\/www.europesays.com\/es\/wp-content\/uploads\/2025\/12\/45f273e9-bd6e-44a6-a57c-01cc65889d90_320x180.png\" alt=\"Toni Nadal sobre Carlos Alcaraz: ''Lo tiene pr\u00e1cticamente todo para triunfar''\"\/><\/a><a class=\"elementos-rel-t2\" href=\"https:\/\/www.estadiodeportivo.com\/tenis\/sinner-pone-las-pilas-mientras-alcaraz-ansia-open-australia-20251205-522714.html\" title=\"Sinner se pone las pilas mientras Alcaraz ansia el Open de Australia\" rel=\"nofollow noopener\" target=\"_blank\"><\/p>\n<p class=\"titular titulo-4\">Sinner se pone las pilas mientras Alcaraz ansia el Open de Australia<\/p>\n<p><img decoding=\"async\" src=\"https:\/\/www.europesays.com\/es\/wp-content\/uploads\/2025\/12\/043a2210-a381-4f0e-8041-2d26367877f0_320x180.jpeg\" alt=\"Sinner se pone las pilas mientras Alcaraz ansia el Open de Australia\"\/><\/a><\/p>\n<p class=\"parrafo\">Pero Alcaraz y Kyrgios no ser\u00e1n los \u00fanicos, pues habr\u00e1 un total de total jugadores, entre los que se estar\u00e1n tambi\u00e9n <a href=\"https:\/\/www.estadiodeportivo.com\/tenis\/jannik-sinner-apoyo-sombra-italia-davis-20251203-522455.html\" target=\"_blank\" class=\"intext-link\" rel=\"nofollow noopener\">Jannik Sinner<\/a><strong>, Alexander Zverev, Felix Auger-Aliassime, Alex de Minaur y Lorenzo Musetti<\/strong>, que dar\u00e1n forma a una primera semana del curso, previa al inicio  de la acci\u00f3n en Melbourne, llena de eventos que pondr\u00e1n al p\u00fablico en marcha.<\/p>\n<p><img decoding=\"async\" src=\"https:\/\/www.europesays.com\/es\/wp-content\/uploads\/2025\/12\/30af4d3f-2999-4a92-89c3-0dc1f9533a07_680x383.jpeg\" loading=\"lazy\"\/>Muchas exhibiciones para Alcaraz y Kyrgios<\/p>\n<p class=\"parrafo\">Este evento no ser\u00e1 el \u00fanico para el murciano en su inicio de temporada, el cu\u00e1l ser\u00e1 oficialmente el 18 de enero con el comienzo del Open de Australia, pues <strong>Alcaraz se medir\u00e1 el jueves 15 de enero a Alex de Mi\u00f1aur en partido de exhibici\u00f3n<\/strong> que le servir\u00e1 para ultimar su puesta a punto para el primer grande del a\u00f1o, en que espera sumar el Grand Slam que le falta para convertirse en el m\u00e1s joven en completarlo los cuatro grandes. No obstante, <a href=\"https:\/\/www.estadiodeportivo.com\/tenis\/joao-fonseca-olvida-del-favor-que-hizo-carlos-alcaraz-20251205-522776.html\" target=\"_blank\" class=\"intext-link\" rel=\"nofollow noopener\">no ser\u00e1 la \u00fanica exhibici\u00f3n del murciano<\/a>, que <strong>esta semana se mide a Joao Fonseca y Frances Tiafoe en varias exhibiciones<\/strong>. Al igual que Kyrgios, que disputar\u00e1 la \u2018batalla de los sexos\u2019 antes de acabar el a\u00f1o, ante Aryna Sabalenka, la n\u00famero 1 de la WTA, el 28 de diciembre en Dubai.<\/p>\n","protected":false},"excerpt":{"rendered":"Nick Kyrgios ser\u00e1 uno m\u00e1s del 1 point slam que va a enfrentar a tenistas profesionales con aficionados&hellip;\n","protected":false},"author":2,"featured_media":275103,"comment_status":"","ping_status":"","sticky":false,"template":"","format":"standard","meta":{"footnotes":""},"categories":[274],"tags":[545,168,25,24,284,3654,23,167,327,326],"class_list":{"0":"post-275102","1":"post","2":"type-post","3":"status-publish","4":"format-standard","5":"has-post-thumbnail","7":"category-tenis","8":"tag-carlos-alcaraz","9":"tag-deportes","10":"tag-es","11":"tag-espana","12":"tag-estadio-deportivo","13":"tag-nick-kyrgios","14":"tag-spain","15":"tag-sports","16":"tag-tenis","17":"tag-tennis"},"share_on_mastodon":{"url":"https:\/\/pubeurope.com\/@es\/115675571960463569","error":""},"_links":{"self":[{"href":"https:\/\/www.europesays.com\/es\/wp-json\/wp\/v2\/posts\/275102","targetHints":{"allow":["GET"]}}],"collection":[{"href":"https:\/\/www.europesays.com\/es\/wp-json\/wp\/v2\/posts"}],"about":[{"href":"https:\/\/www.europesays.com\/es\/wp-json\/wp\/v2\/types\/post"}],"author":[{"embeddable":true,"href":"https:\/\/www.europesays.com\/es\/wp-json\/wp\/v2\/users\/2"}],"replies":[{"embeddable":true,"href":"https:\/\/www.europesays.com\/es\/wp-json\/wp\/v2\/comments?post=275102"}],"version-history":[{"count":0,"href":"https:\/\/www.europesays.com\/es\/wp-json\/wp\/v2\/posts\/275102\/revisions"}],"wp:featuredmedia":[{"embeddable":true,"href":"https:\/\/www.europesays.com\/es\/wp-json\/wp\/v2\/media\/275103"}],"wp:attachment":[{"href":"https:\/\/www.europesays.com\/es\/wp-json\/wp\/v2\/media?parent=275102"}],"wp:term":[{"taxonomy":"category","embeddable":true,"href":"https:\/\/www.europesays.com\/es\/wp-json\/wp\/v2\/categories?post=275102"},{"taxonomy":"post_tag","embeddable":true,"href":"https:\/\/www.europesays.com\/es\/wp-json\/wp\/v2\/tags?post=275102"}],"curies":[{"name":"wp","href":"https:\/\/api.w.org\/{rel}","templated":true}]}}