{"id":275106,"date":"2025-12-07T01:01:18","date_gmt":"2025-12-07T01:01:18","guid":{"rendered":"https:\/\/www.europesays.com\/es\/275106\/"},"modified":"2025-12-07T01:01:18","modified_gmt":"2025-12-07T01:01:18","slug":"con-el-barcelona-no-puedes-tener-un-mal-dia-defensivo","status":"publish","type":"post","link":"https:\/\/www.europesays.com\/es\/275106\/","title":{"rendered":"Con el Barcelona no puedes tener un mal d\u00eda defensivo"},"content":{"rendered":"<p data-gtm-element-container=\"modulo-texto-link\" class=\"paragraph\"><strong>Manuel Pellegrini<\/strong>, entrenador del <strong>Betis<\/strong>, lament\u00f3 las facilidades defensivas dadas por su equipo al <strong>Bar\u00e7a <\/strong>en<strong> La Cartuja<\/strong> (3-5).\u00a0\u00abTuvimos errores defensivos importantes. Finiquitaron el \u00e1rea con mucha facilidad. Nos toc\u00f3 un mal d\u00eda. Con el <strong>Barcelona <\/strong>no puedes tener un mal d\u00eda defensivo. Tambi\u00e9n ese penal bastante conflictivo&#8230; Tuvimos un partido malo defensivamente y ellos fueron muy efectivos\u00bb.\u00bb, afirm\u00f3.<\/p>\n<p data-gtm-element-container=\"modulo-texto-link\" class=\"paragraph\">El t\u00e9cnico chileno consider\u00f3 que \u00abcreo que la clave estuvo en que dimos mucha licencia defensiva en el primer tiempo y ellos tuvieron mucha <strong>efectividad<\/strong>. Tuvimos tantas ocasiones como ellos pero ellos los marcaron\u00bb.<\/p>\n<p data-gtm-element-container=\"modulo-texto-link\" class=\"paragraph\">S\u00ed aplaudi\u00f3 a sus jugadores por la actitud: \u00abSi hay que perder, que sea as\u00ed, sin bajar los brazos. Tuvimos los goles y luego un par de ocasiones m\u00e1s. Nunca bajamos los brazos\u00bb.<\/p>\n<p data-gtm-element-container=\"modulo-texto-link\" class=\"paragraph\">Se mostr\u00f3 incr\u00e9dulo por el penalti que supuso el 1-5 de Lamine: \u00abCreo que ese penal que le pega a Bartra antes en el cuerpo y luego en la mano&#8230; no tengo ninguna intenci\u00f3n de preguntar al \u00e1rbitro. Inventan un penal para aumentar la ventaja. No recurro a eso para hablar del partido perdido pero no lo entiendo\u00bb.<\/p>\n<p>    Lee tambi\u00e9n<\/p>\n<p data-gtm-element-container=\"modulo-texto-link\" class=\"paragraph\">Y justific\u00f3 los cambios: \u00ab<strong>Natan <\/strong>ven\u00eda de un golpe en el primer tiempo y <strong>Altimira <\/strong>ten\u00eda tarjeta. Los cambios no fueron por se\u00f1alar a alguien. Nos toc\u00f3 un partido con mucho infortunio en la parte defensiva pero con mucho esp\u00edritu para no perderle la cara hasta el final\u00bb.<\/p>\n","protected":false},"excerpt":{"rendered":"Manuel Pellegrini, entrenador del Betis, lament\u00f3 las facilidades defensivas dadas por su equipo al Bar\u00e7a en La Cartuja&hellip;\n","protected":false},"author":2,"featured_media":275107,"comment_status":"","ping_status":"","sticky":false,"template":"","format":"standard","meta":{"footnotes":""},"categories":[268],"tags":[168,25,24,280,282,281,23,167],"class_list":{"0":"post-275106","1":"post","2":"type-post","3":"status-publish","4":"format-standard","5":"has-post-thumbnail","7":"category-futbol","8":"tag-deportes","9":"tag-es","10":"tag-espana","11":"tag-football","12":"tag-futbol","13":"tag-soccer","14":"tag-spain","15":"tag-sports"},"share_on_mastodon":{"url":"https:\/\/pubeurope.com\/@es\/115675587351387832","error":""},"_links":{"self":[{"href":"https:\/\/www.europesays.com\/es\/wp-json\/wp\/v2\/posts\/275106","targetHints":{"allow":["GET"]}}],"collection":[{"href":"https:\/\/www.europesays.com\/es\/wp-json\/wp\/v2\/posts"}],"about":[{"href":"https:\/\/www.europesays.com\/es\/wp-json\/wp\/v2\/types\/post"}],"author":[{"embeddable":true,"href":"https:\/\/www.europesays.com\/es\/wp-json\/wp\/v2\/users\/2"}],"replies":[{"embeddable":true,"href":"https:\/\/www.europesays.com\/es\/wp-json\/wp\/v2\/comments?post=275106"}],"version-history":[{"count":0,"href":"https:\/\/www.europesays.com\/es\/wp-json\/wp\/v2\/posts\/275106\/revisions"}],"wp:featuredmedia":[{"embeddable":true,"href":"https:\/\/www.europesays.com\/es\/wp-json\/wp\/v2\/media\/275107"}],"wp:attachment":[{"href":"https:\/\/www.europesays.com\/es\/wp-json\/wp\/v2\/media?parent=275106"}],"wp:term":[{"taxonomy":"category","embeddable":true,"href":"https:\/\/www.europesays.com\/es\/wp-json\/wp\/v2\/categories?post=275106"},{"taxonomy":"post_tag","embeddable":true,"href":"https:\/\/www.europesays.com\/es\/wp-json\/wp\/v2\/tags?post=275106"}],"curies":[{"name":"wp","href":"https:\/\/api.w.org\/{rel}","templated":true}]}}